{"id":100,"date":"2024-12-11T12:30:36","date_gmt":"2024-12-11T11:30:36","guid":{"rendered":"https:\/\/especiales-hub.prensaiberica.es\/valencia-por-la-reconstruccion\/?p=100"},"modified":"2024-12-11T12:30:36","modified_gmt":"2024-12-11T11:30:36","slug":"antiguos-alumnos-de-la-catedra-de-cultura-empresarial-recogen-suministros-por-la-dana","status":"publish","type":"post","link":"https:\/\/especiales-hub.prensaiberica.es\/valencia-por-la-reconstruccion\/impulsores\/antiguos-alumnos-de-la-catedra-de-cultura-empresarial-recogen-suministros-por-la-dana\/","title":{"rendered":"Antiguos alumnos de la C\u00e1tedra de Cultura Empresarial recogen suministros por la dana"},"content":{"rendered":"\n<h2 class=\"wp-block-heading\">La comunidad Alumni colabora con el proyecto Hambre Cero, que distribuye ayuda a la poblaci\u00f3n afectada<\/h2>\n\n\n\n<div style=\"height:30px\" aria-hidden=\"true\" class=\"wp-block-spacer\"><\/div>\n\n\n\n<p>Ayudar est\u00e1 en el ADN de la comunidad <strong><a href=\"https:\/\/catedraculturaempresarial.adeituv.es\/alumni\/\" target=\"_blank\" data-type=\"link\" data-id=\"https:\/\/catedraculturaempresarial.adeituv.es\/alumni\/\" rel=\"noreferrer noopener nofollow\">Alumni de la C\u00e1tedra de Cultura Empresarial de la Universitat de Val\u00e8ncia<\/a><\/strong>, y as\u00ed lo han demostrado en los momentos m\u00e1s dif\u00edciles tras la riada que ha afectado a diferentes poblaciones de la provincia de Valencia.\u00a0<\/p>\n\n\n\n<p>As\u00ed, en colaboraci\u00f3n con el proyecto Hambre Cero de la Fundaci\u00f3n Square y su presidente \u00c1lvaro Cuadrado han podido establecer dos naves log\u00edsticas en Aldaia como centro de distribuci\u00f3n de ayuda para zonas afectadas por la dana. Fruto de esta colaboraci\u00f3n, llegan constantemente camiones llenos de suministros que se descargan, se clasifican, y se distribuyen a quienes m\u00e1s lo necesitan, en coordinaci\u00f3n con actores locales. \u00abSe trata de una iniciativa que busca canalizar la energ\u00eda y compromiso con la que cuenta nuestra comunidad Alumni para echar una mano a todas aquellas personas que lo han perdido todo en esta cat\u00e1strofe y que ahora est\u00e1n trabajando para recomponerse\u00bb, explica el presidente de Alumni CCE, Jordi Oliver. Junto a \u00e9l, otros destacados antiguos alumnos de la C\u00e1tedra como Juanjo Torres, Cristina Contell, Jostin Mar\u00edn o Alejandro Creus est\u00e1n contribuyendo a organizar toda la ayuda que llega a los centros de distribuci\u00f3n.&nbsp;<\/p>\n\n\n\n<h3 class=\"wp-block-heading\"><strong>Ayuda para seis meses<\/strong><\/h3>\n\n\n\n<p>Desde Alumni de la C\u00e1tedra han conseguido movilizar a su comunidad a quienes piden colaboraci\u00f3n no tanto para estas primeras semanas sino para los pr\u00f3ximos seis meses. Y es que a d\u00eda de hoy son ya m\u00e1s de 20 Alumni los que han participado en esta iniciativa. \u00abHemos puesto en marcha un formulario que est\u00e1 a disposici\u00f3n de todos los antiguos alumnos para que se puedan inscribir y formar parte de este proyecto durante los pr\u00f3ximos meses\u00bb, agrega Jordi Oliver.&nbsp;<\/p>\n\n\n\n<p>Desde la C\u00e1tedra de Cultura Empresarial de la Universitat de Val\u00e8ncia han canalizado su ayuda a los afectados a trav\u00e9s de la comunidad Alumni formada por m\u00e1s de 1.200 antiguos alumnos vinculados a los programas de la C\u00e1tedra y a las actividades organizadas en el seno de Alumni.&nbsp;<\/p>\n","protected":false},"excerpt":{"rendered":"<p>La comunidad Alumni colabora con el proyecto Hambre Cero, que distribuye ayuda a la poblaci\u00f3n afectada Ayudar est\u00e1 en el ADN de la comunidad Alumni de la C\u00e1tedra de Cultura Empresarial de la Universitat de Val\u00e8ncia, y as\u00ed lo han demostrado en los momentos m\u00e1s dif\u00edciles tras la riada que ha afectado a diferentes poblaciones [&hellip;]<\/p>\n","protected":false},"author":16,"featured_media":102,"comment_status":"closed","ping_status":"closed","sticky":false,"template":"","format":"standard","meta":{"footnotes":""},"categories":[17],"tags":[],"class_list":["post-100","post","type-post","status-publish","format-standard","has-post-thumbnail","hentry","category-impulsores"],"_links":{"self":[{"href":"https:\/\/especiales-hub.prensaiberica.es\/valencia-por-la-reconstruccion\/wp-json\/wp\/v2\/posts\/100","targetHints":{"allow":["GET"]}}],"collection":[{"href":"https:\/\/especiales-hub.prensaiberica.es\/valencia-por-la-reconstruccion\/wp-json\/wp\/v2\/posts"}],"about":[{"href":"https:\/\/especiales-hub.prensaiberica.es\/valencia-por-la-reconstruccion\/wp-json\/wp\/v2\/types\/post"}],"author":[{"embeddable":true,"href":"https:\/\/especiales-hub.prensaiberica.es\/valencia-por-la-reconstruccion\/wp-json\/wp\/v2\/users\/16"}],"replies":[{"embeddable":true,"href":"https:\/\/especiales-hub.prensaiberica.es\/valencia-por-la-reconstruccion\/wp-json\/wp\/v2\/comments?post=100"}],"version-history":[{"count":0,"href":"https:\/\/especiales-hub.prensaiberica.es\/valencia-por-la-reconstruccion\/wp-json\/wp\/v2\/posts\/100\/revisions"}],"wp:featuredmedia":[{"embeddable":true,"href":"https:\/\/especiales-hub.prensaiberica.es\/valencia-por-la-reconstruccion\/wp-json\/wp\/v2\/media\/102"}],"wp:attachment":[{"href":"https:\/\/especiales-hub.prensaiberica.es\/valencia-por-la-reconstruccion\/wp-json\/wp\/v2\/media?parent=100"}],"wp:term":[{"taxonomy":"category","embeddable":true,"href":"https:\/\/especiales-hub.prensaiberica.es\/valencia-por-la-reconstruccion\/wp-json\/wp\/v2\/categories?post=100"},{"taxonomy":"post_tag","embeddable":true,"href":"https:\/\/especiales-hub.prensaiberica.es\/valencia-por-la-reconstruccion\/wp-json\/wp\/v2\/tags?post=100"}],"curies":[{"name":"wp","href":"https:\/\/api.w.org\/{rel}","templated":true}]}}