{"id":101,"date":"2024-12-11T12:10:47","date_gmt":"2024-12-11T11:10:47","guid":{"rendered":"https:\/\/especiales-hub.prensaiberica.es\/valencia-por-la-reconstruccion\/?p=101"},"modified":"2024-12-11T12:10:55","modified_gmt":"2024-12-11T11:10:55","slug":"la-solidaridad-llega-a-los-animales-damnificados-por-la-riada","status":"publish","type":"post","link":"https:\/\/especiales-hub.prensaiberica.es\/valencia-por-la-reconstruccion\/impulsores\/la-solidaridad-llega-a-los-animales-damnificados-por-la-riada\/","title":{"rendered":"La solidaridad llega a los animales damnificados por la riada"},"content":{"rendered":"\n<h2 class=\"wp-block-heading\">Bioparc, el Hospital Veterinario CEU UCH, el Colegio de Veterinarios y la Conselleria de Medio Ambiente dan respuesta a las necesidades tras la dana<\/h2>\n\n\n\n<div style=\"height:30px\" aria-hidden=\"true\" class=\"wp-block-spacer\"><\/div>\n\n\n\n<p>Rescates, servicios veterinarios, entrega de alimento y todo tipo de suministros destinados a las personas y distintas entidades para aportar el m\u00e1ximo bienestar posible a los animales perjudicados son algunas de las acciones que se est\u00e1n realizando gracias al dispositivo de ayuda que se puso en marcha desde el primer momento entre Bioparc junto con el Hospital Cl\u00ednico Veterinario de la CEU UCH, el Colegio de Veterinarios de Val\u00e8ncia y la organizaci\u00f3n de la Conselleria de Medio Ambiente, Agua, Infraestructuras y Territorio. Adem\u00e1s, la Fundaci\u00f3n Bioparc habilit\u00f3 una plataforma para alentar y canalizar la ayuda hacia el donativo econ\u00f3mico con el objetivo de mantener la imprescindible asistencia y dirigirla hacia las necesidades prioritarias.<\/p>\n\n\n\n<p>\u00abGracias, de todo coraz\u00f3n, gracias\u00bb. Esta ha sido la palabra y la frase m\u00e1s repetida durante todas estas semanas. Particulares, voluntarios, empresas y todo tipo de colectivos de la Comunitat Valenciana y tambi\u00e9n de todas partes de Espa\u00f1a y varios pa\u00edses europeos han mostrado su enorme compromiso con el bienestar de los animales y su infinita solidaridad con las personas que dedican su vida a su protecci\u00f3n y las que los cuidan como uno m\u00e1s de la familia. Las im\u00e1genes de personas siendo rescatadas agarrando con todas sus fuerzas a sus animales a los que nunca van a dejar atr\u00e1s han dado la vuelta al mundo y son una muestra de que algo, o mucho, est\u00e1 cambiando en nuestra sociedad.<\/p>\n\n\n\n<p>Los animales han sido y est\u00e1n siendo gravemente perjudicados por los efectos de esta devastadora dana y para asistirlos ha sido fundamental la complicada operativa en la que han participado equipos profesionales y voluntariado de estas entidades implicadas. Entre las acciones, Bioparc se ha establecido como punto de recogida, almacenamiento y distribuci\u00f3n de donaciones de alimento y todo tipo de materiales y accesorios para paliar las necesidades de animales de compa\u00f1\u00eda de particulares, as\u00ed como los que se encuentran al amparo de protectoras, refugios, colonias felinas o colectivos de auxilio.<\/p>\n\n\n\n<figure class=\"wp-block-image size-large\"><img loading=\"lazy\" decoding=\"async\" width=\"1024\" height=\"683\" src=\"https:\/\/especiales-hub.prensaiberica.es\/valencia-por-la-reconstruccion\/wp-content\/uploads\/2024\/12\/bioparc2-1024x683.jpg\" alt=\"\" class=\"wp-image-108\" srcset=\"https:\/\/especiales-hub.prensaiberica.es\/valencia-por-la-reconstruccion\/wp-content\/uploads\/2024\/12\/bioparc2-1024x683.jpg 1024w, https:\/\/especiales-hub.prensaiberica.es\/valencia-por-la-reconstruccion\/wp-content\/uploads\/2024\/12\/bioparc2-300x200.jpg 300w, https:\/\/especiales-hub.prensaiberica.es\/valencia-por-la-reconstruccion\/wp-content\/uploads\/2024\/12\/bioparc2-768x512.jpg 768w, https:\/\/especiales-hub.prensaiberica.es\/valencia-por-la-reconstruccion\/wp-content\/uploads\/2024\/12\/bioparc2-1536x1024.jpg 1536w, https:\/\/especiales-hub.prensaiberica.es\/valencia-por-la-reconstruccion\/wp-content\/uploads\/2024\/12\/bioparc2-2048x1365.jpg 2048w\" sizes=\"auto, (max-width: 1024px) 100vw, 1024px\" \/><figcaption class=\"wp-element-caption\">Bioparc Valencia es punto de distribuci\u00f3n de ayuda para animales. | Bioparc  <\/figcaption><\/figure>\n\n\n\n<p>La situaci\u00f3n sigue siendo cr\u00edtica, pero en estos momentos se ha conseguido acopiar suficiente alimento y provisiones para seguir atendiendo las necesidades de las personas y colectivos con animales afectados a corto plazo. Como ha ocurrido con otras ayudas, el problema sigue siendo la enorme dificultad de distribuci\u00f3n y almacenaje. La gran mayor\u00eda de damnificados se encuentran todav\u00eda en fase de limpieza y posterior reconstrucci\u00f3n o rehabilitaci\u00f3n, por lo que toda la ayuda ser\u00e1 muy necesaria en las pr\u00f3ximas semanas y meses.<\/p>\n\n\n\n<h3 class=\"wp-block-heading\">Donativos econ\u00f3micos<\/h3>\n\n\n\n<p>En este sentido se hace una llamada para que todo el auxilio se dirija ahora hacia los donativos econ\u00f3micos, pues son los que van a permitir volver, lo antes posible, a la ansiada normalidad. Para ello, la <a href=\"https:\/\/fundacionbioparc.org\/\" target=\"_blank\" data-type=\"link\" data-id=\"https:\/\/fundacionbioparc.org\/\" rel=\"noreferrer noopener nofollow\">Fundaci\u00f3n Bioparc<\/a> ha habilitado una l\u00ednea exprofeso en su p\u00e1gina web que permita canalizar la recaudaci\u00f3n, que ser\u00e1 transferida \u00edntegramente a la conselleria para ser asignada posteriormente y as\u00ed seguir prestando la atenci\u00f3n necesaria a los animales afectados. Estas donaciones pueden hacerse efectivas mediante transferencia al n\u00famero de cuenta IBAN ES65 2100 8622 6802 0016 1363 (SWIFT \/ BIC: CAIXESBBXXX) o a trav\u00e9s del servicio Paypal.<\/p>\n\n\n\n<p>Por otra parte, sigue siendo fundamental detectar y conocer las necesidades de las personas y colectivos afectados y con el objetivo de satisfacer esta demanda de ayuda de la forma m\u00e1s eficaz se recuerda la importancia de cumplimentar el documento online al que se puede acceder tambi\u00e9n a trav\u00e9s de QR que se ha preparado y dispuesto para tal fin en el que se puede detallar la informaci\u00f3n de contacto, los suministros requeridos, posibilidad de recogida, necesidad de entrega, etc.<\/p>\n\n\n\n<p><\/p>\n","protected":false},"excerpt":{"rendered":"<p>Bioparc, el Hospital Veterinario CEU UCH, el Colegio de Veterinarios y la Conselleria de Medio Ambiente dan respuesta a las necesidades tras la dana Rescates, servicios veterinarios, entrega de alimento y todo tipo de suministros destinados a las personas y distintas entidades para aportar el m\u00e1ximo bienestar posible a los animales perjudicados son algunas de [&hellip;]<\/p>\n","protected":false},"author":30,"featured_media":107,"comment_status":"closed","ping_status":"closed","sticky":false,"template":"","format":"standard","meta":{"footnotes":""},"categories":[17],"tags":[],"class_list":["post-101","post","type-post","status-publish","format-standard","has-post-thumbnail","hentry","category-impulsores"],"_links":{"self":[{"href":"https:\/\/especiales-hub.prensaiberica.es\/valencia-por-la-reconstruccion\/wp-json\/wp\/v2\/posts\/101","targetHints":{"allow":["GET"]}}],"collection":[{"href":"https:\/\/especiales-hub.prensaiberica.es\/valencia-por-la-reconstruccion\/wp-json\/wp\/v2\/posts"}],"about":[{"href":"https:\/\/especiales-hub.prensaiberica.es\/valencia-por-la-reconstruccion\/wp-json\/wp\/v2\/types\/post"}],"author":[{"embeddable":true,"href":"https:\/\/especiales-hub.prensaiberica.es\/valencia-por-la-reconstruccion\/wp-json\/wp\/v2\/users\/30"}],"replies":[{"embeddable":true,"href":"https:\/\/especiales-hub.prensaiberica.es\/valencia-por-la-reconstruccion\/wp-json\/wp\/v2\/comments?post=101"}],"version-history":[{"count":0,"href":"https:\/\/especiales-hub.prensaiberica.es\/valencia-por-la-reconstruccion\/wp-json\/wp\/v2\/posts\/101\/revisions"}],"wp:featuredmedia":[{"embeddable":true,"href":"https:\/\/especiales-hub.prensaiberica.es\/valencia-por-la-reconstruccion\/wp-json\/wp\/v2\/media\/107"}],"wp:attachment":[{"href":"https:\/\/especiales-hub.prensaiberica.es\/valencia-por-la-reconstruccion\/wp-json\/wp\/v2\/media?parent=101"}],"wp:term":[{"taxonomy":"category","embeddable":true,"href":"https:\/\/especiales-hub.prensaiberica.es\/valencia-por-la-reconstruccion\/wp-json\/wp\/v2\/categories?post=101"},{"taxonomy":"post_tag","embeddable":true,"href":"https:\/\/especiales-hub.prensaiberica.es\/valencia-por-la-reconstruccion\/wp-json\/wp\/v2\/tags?post=101"}],"curies":[{"name":"wp","href":"https:\/\/api.w.org\/{rel}","templated":true}]}}