{"id":110,"date":"2024-12-11T12:10:14","date_gmt":"2024-12-11T11:10:14","guid":{"rendered":"https:\/\/especiales-hub.prensaiberica.es\/valencia-por-la-reconstruccion\/?p=110"},"modified":"2024-12-11T12:10:14","modified_gmt":"2024-12-11T11:10:14","slug":"feria-valencia-centro-clave-de-ayuda-y-logistica-tras-las-inundaciones","status":"publish","type":"post","link":"https:\/\/especiales-hub.prensaiberica.es\/valencia-por-la-reconstruccion\/impulsores\/feria-valencia-centro-clave-de-ayuda-y-logistica-tras-las-inundaciones\/","title":{"rendered":"Feria Valencia, centro clave de ayuda y log\u00edstica tras las inundaciones"},"content":{"rendered":"\n<h2 class=\"wp-block-heading\">El recinto se ha transformado por completo para acometer tareas de car\u00e1cter log\u00edstico y humanitario<\/h2>\n\n\n\n<p>Durante estas \u00faltimas semanas, ocho pabellones, el Centro de Eventos, algunas zonas comunes y las cocinas de Feria Valencia se han destinado a distintas tareas log\u00edsticas y humanitarias para hacer frente a la cat\u00e1strofe ocasionada por la riada del pasado 29 de octubre.<\/p>\n\n\n\n<p>As\u00ed, el recinto se ha transformado totalmente y en diferentes espacios ha albergado: un centro operativo para 3.000 militares; una morgue temporal, utilizada como punto de entrega a las funerarias de los cuerpos de los fallecidos en la riada; un centro de atenci\u00f3n psicol\u00f3gica para familiares de las v\u00edctimas; un almac\u00e9n log\u00edstico para la recepci\u00f3n, organizaci\u00f3n y distribuci\u00f3n de ayuda humanitaria; un \u00e1rea de restauraci\u00f3n de patrimonio da\u00f1ado; un almac\u00e9n de mobiliario donado para hogares destruidos por la riada y la totalidad de sus cocinas para elaborar men\u00fas diarios para personas damnificadas y voluntarios.<\/p>\n\n\n\n<p>Sus instalaciones sirven de base log\u00edstica a los militares desplazados a Valencia para colaborar en las tareas de rescate y recuperaci\u00f3n. De hecho, es la principal base log\u00edstica de entre todas las desplegadas por el Ej\u00e9rcito en la C. Valenciana para acoger a las unidades que trabajan en labores de apoyo y recuperaci\u00f3n junto con m\u00e1s de 500 veh\u00edculos militares, entre ligeros y pesados.<\/p>\n\n\n\n<p>Parte del recinto tambi\u00e9n ha servido para albergar una morgue temporal donde los cuerpos de las v\u00edctimas de la dana, despu\u00e9s de identificados, han sido entregados a las funerarias. Esta instalaci\u00f3n ha sido un ejemplo de colaboraci\u00f3n entre instituciones civiles y militares.<\/p>\n\n\n\n<p>El Centro de Eventos tambi\u00e9n ha sido utilizado como centro espec\u00edfico para la atenci\u00f3n psicol\u00f3gica a las v\u00edctimas de las inundaciones. Este recurso temporal, dise\u00f1ado para garantizar una atenci\u00f3n inmediata mientras se normalizaba la situaci\u00f3n en las unidades de salud mental habituales, ha atendido a 422 personas.<\/p>\n\n\n\n<p>M\u00e1s de 4.000 voluntarios han colaborado en la recepci\u00f3n, organizaci\u00f3n y distribuci\u00f3n de cerca de 6.000 palets de ayuda a los ayuntamientos, organismos oficiales y entidades que trabajan en los municipios afectados. Gracias al trabajo realizado en el almac\u00e9n log\u00edstico se han podido distribuir hasta ahora cerca de 200 tr\u00e1ileres y 150 furgonetas de ayuda humanitaria.<\/p>\n\n\n\n<p>Otra de las actuaciones realizadas es la restauraci\u00f3n del patrimonio da\u00f1ado. Actualmente, se encuentran trabajando en <a href=\"https:\/\/www.feriavalencia.com\/\" data-type=\"link\" data-id=\"https:\/\/www.feriavalencia.com\/\" rel=\"nofollow noopener\" target=\"_blank\">Feria Valen<\/a><a href=\"https:\/\/www.feriavalencia.com\/\" target=\"_blank\" data-type=\"link\" data-id=\"https:\/\/www.feriavalencia.com\/\" rel=\"noreferrer noopener nofollow\">c<\/a><a href=\"https:\/\/www.feriavalencia.com\/\" data-type=\"link\" data-id=\"https:\/\/www.feriavalencia.com\/\" rel=\"nofollow noopener\" target=\"_blank\">ia<\/a> medio centenar de restauradores en las labores de secado y limpieza de obras entre las que se incluyen libros y documentos pertenecientes a archivos hist\u00f3ricos de las localidades afectadas.<\/p>\n\n\n\n<p>El recinto tambi\u00e9n est\u00e1 aportando sus instalaciones para albergar mobiliario y recursos como lavadoras o frigor\u00edficos que ya est\u00e1n llegando a las zonas afectadas para amueblar hogares que han resultado da\u00f1ados por los efectos devastadores de la riada.<\/p>\n\n\n\n<p>Por \u00faltimo, en las cocinas de Feria Valencia se han preparado hasta la fecha m\u00e1s de medio mill\u00f3n de raciones de comida que se han servido en las localidades afectadas.<\/p>\n","protected":false},"excerpt":{"rendered":"<p>El recinto se ha transformado por completo para acometer tareas de car\u00e1cter log\u00edstico y humanitario Durante estas \u00faltimas semanas, ocho pabellones, el Centro de Eventos, algunas zonas comunes y las cocinas de Feria Valencia se han destinado a distintas tareas log\u00edsticas y humanitarias para hacer frente a la cat\u00e1strofe ocasionada por la riada del pasado [&hellip;]<\/p>\n","protected":false},"author":36,"featured_media":113,"comment_status":"closed","ping_status":"closed","sticky":false,"template":"","format":"standard","meta":{"footnotes":""},"categories":[17],"tags":[],"class_list":["post-110","post","type-post","status-publish","format-standard","has-post-thumbnail","hentry","category-impulsores"],"_links":{"self":[{"href":"https:\/\/especiales-hub.prensaiberica.es\/valencia-por-la-reconstruccion\/wp-json\/wp\/v2\/posts\/110","targetHints":{"allow":["GET"]}}],"collection":[{"href":"https:\/\/especiales-hub.prensaiberica.es\/valencia-por-la-reconstruccion\/wp-json\/wp\/v2\/posts"}],"about":[{"href":"https:\/\/especiales-hub.prensaiberica.es\/valencia-por-la-reconstruccion\/wp-json\/wp\/v2\/types\/post"}],"author":[{"embeddable":true,"href":"https:\/\/especiales-hub.prensaiberica.es\/valencia-por-la-reconstruccion\/wp-json\/wp\/v2\/users\/36"}],"replies":[{"embeddable":true,"href":"https:\/\/especiales-hub.prensaiberica.es\/valencia-por-la-reconstruccion\/wp-json\/wp\/v2\/comments?post=110"}],"version-history":[{"count":0,"href":"https:\/\/especiales-hub.prensaiberica.es\/valencia-por-la-reconstruccion\/wp-json\/wp\/v2\/posts\/110\/revisions"}],"wp:featuredmedia":[{"embeddable":true,"href":"https:\/\/especiales-hub.prensaiberica.es\/valencia-por-la-reconstruccion\/wp-json\/wp\/v2\/media\/113"}],"wp:attachment":[{"href":"https:\/\/especiales-hub.prensaiberica.es\/valencia-por-la-reconstruccion\/wp-json\/wp\/v2\/media?parent=110"}],"wp:term":[{"taxonomy":"category","embeddable":true,"href":"https:\/\/especiales-hub.prensaiberica.es\/valencia-por-la-reconstruccion\/wp-json\/wp\/v2\/categories?post=110"},{"taxonomy":"post_tag","embeddable":true,"href":"https:\/\/especiales-hub.prensaiberica.es\/valencia-por-la-reconstruccion\/wp-json\/wp\/v2\/tags?post=110"}],"curies":[{"name":"wp","href":"https:\/\/api.w.org\/{rel}","templated":true}]}}