{"id":115,"date":"2024-12-11T12:19:33","date_gmt":"2024-12-11T11:19:33","guid":{"rendered":"https:\/\/especiales-hub.prensaiberica.es\/valencia-por-la-reconstruccion\/?p=115"},"modified":"2024-12-11T12:19:33","modified_gmt":"2024-12-11T11:19:33","slug":"naturgy-se-vuelca-en-ayudar-a-los-afectados-por-la-dana","status":"publish","type":"post","link":"https:\/\/especiales-hub.prensaiberica.es\/valencia-por-la-reconstruccion\/impulsores\/naturgy-se-vuelca-en-ayudar-a-los-afectados-por-la-dana\/","title":{"rendered":"Naturgy se vuelca en ayudar a los afectados por la DANA"},"content":{"rendered":"\n<h2 class=\"wp-block-heading\">La compa\u00f1\u00eda est\u00e1 reparando o sustituyendo, de manera gratuita, instalaciones de gas natural, calderas y electrodom\u00e9sticos en los municipios valencianos afectados por la tragedia de la DANA<\/h2>\n\n\n\n<div style=\"height:30px\" aria-hidden=\"true\" class=\"wp-block-spacer\"><\/div>\n\n\n\n<p>La solidaridad deber\u00eda ser un pilar central de cualquier sociedad. Y es que, es en los momentos m\u00e1s dif\u00edciles cuando m\u00e1s ayuda se necesita. La tragedia de la DANA, con Valencia como zona cero del desastre, ha vuelto a poner de manifiesto la importancia del bienestar com\u00fan, porque esta situaci\u00f3n de emergencia est\u00e1 requiriendo de la predisposici\u00f3n y entrega de todos para que los afectados puedan empezar a recuperar no ya la normalidad perdida, sino sus vidas.<\/p>\n\n\n\n<p>Afortunadamente, la respuesta ha sido meritoria: primero llegaron muchos productos b\u00e1sicos de primera necesidad, desde agua y comida hasta ropa y mantas, y despu\u00e9s los esfuerzos se encaminaron a mejorar las aportaciones econ\u00f3micas para poder comenzar las tareas de reconstrucci\u00f3n. Pero queda mucho por hacer, porque el fen\u00f3meno ha tenido una magnitud nunca vista hasta ahora.<\/p>\n\n\n\n<blockquote class=\"wp-block-quote is-layout-flow wp-block-quote-is-layout-flow\">\n<p>Las ayudas cubren a viviendas o comercios que tengan suministro de gas natural, independientemente de cu\u00e1l sea su comercializadora<\/p>\n<\/blockquote>\n\n\n\n<p>Cualquier ayuda es bienvenida, pero Naturgy, al igual que otras empresas espa\u00f1olas, est\u00e1 dedicando una parte destacable de sus recursos a tratar de devolver el bienestar a los damnificados. \u00bfY c\u00f3mo? Pues reparando o sustituyendo instalaciones de gas natural, calderas y electrodom\u00e9sticos de forma gratuita y sin importar qu\u00e9 comercializadora se tenga contratada. As\u00ed, se podr\u00e1 volver a disponer de agua caliente, calefacci\u00f3n y fuegos en la cocina, adem\u00e1s de nevera y lavadora.<\/p>\n\n\n\n<h3 class=\"wp-block-heading\">M\u00e1s de 1.600 trabajos<\/h3>\n\n\n\n<p>Nedgia, la distribuidora de gas del Grupo Naturgy, es la encargada de acometer los trabajos en los municipios valencianos m\u00e1s afectados por la DANA y ya ha gestionado m\u00e1s de 7.500 peticiones. A trav\u00e9s de esta iniciativa, la compa\u00f1\u00eda reparar\u00e1 o sustituir\u00e1 de manera gratuita todas las instalaciones y equipamientos de gas como calderas y calentadores da\u00f1ados en los municipios catalogados como zona cero. Para garantizar la seguridad, tambi\u00e9n se realizar\u00e1n revisiones gratuitas de las instalaciones. Adem\u00e1s, se ayudar\u00e1 econ\u00f3micamente para reemplazar electrodom\u00e9sticos de cocina, lavadoras y frigor\u00edficos. Hasta el momento, se han realizado m\u00e1s de 1.600 actuaciones.<\/p>\n\n\n\n<p>Estas ayudas forman parte del compromiso de la compa\u00f1\u00eda para recuperar la habitabilidad de los hogares y recomponer cuanto antes el tejido comercial de los municipios. Se prev\u00e9 que la medida tenga un impacto potencial sobre 25.000 viviendas y comercios de la Comunidad Valenciana. La estimaci\u00f3n del importe de las ayudas alcanzar\u00eda los 15 millones de euros.<\/p>\n\n\n\n<figure class=\"wp-block-image size-large\"><img loading=\"lazy\" decoding=\"async\" width=\"981\" height=\"1024\" src=\"https:\/\/especiales-hub.prensaiberica.es\/valencia-por-la-reconstruccion\/wp-content\/uploads\/2024\/12\/naturgy-cuerpo-981x1024.png\" alt=\"\" class=\"wp-image-120\" srcset=\"https:\/\/especiales-hub.prensaiberica.es\/valencia-por-la-reconstruccion\/wp-content\/uploads\/2024\/12\/naturgy-cuerpo-981x1024.png 981w, https:\/\/especiales-hub.prensaiberica.es\/valencia-por-la-reconstruccion\/wp-content\/uploads\/2024\/12\/naturgy-cuerpo-287x300.png 287w, https:\/\/especiales-hub.prensaiberica.es\/valencia-por-la-reconstruccion\/wp-content\/uploads\/2024\/12\/naturgy-cuerpo-768x802.png 768w, https:\/\/especiales-hub.prensaiberica.es\/valencia-por-la-reconstruccion\/wp-content\/uploads\/2024\/12\/naturgy-cuerpo-1471x1536.png 1471w, https:\/\/especiales-hub.prensaiberica.es\/valencia-por-la-reconstruccion\/wp-content\/uploads\/2024\/12\/naturgy-cuerpo.png 1916w\" sizes=\"auto, (max-width: 981px) 100vw, 981px\" \/><figcaption class=\"wp-element-caption\">Un operario reparando un calentador.<\/figcaption><\/figure>\n\n\n\n<h3 class=\"wp-block-heading\">C\u00f3mo solicitarlas<\/h3>\n\n\n\n<p>Podr\u00e1n optar a estas ayudas todas aquellas viviendas o comercios afectados por la DANA que tengan suministro de gas natural, independientemente de cu\u00e1l sea su comercializadora, de los siguientes municipios: Alfafar, Benet\u00fasser, Sedav\u00ed, Massanassa, Catarroja, Albal, Paiporta, Picanya, Utiel, Chiva, Loriguilla, Aldaia, Algemes\u00ed, L\u2019Alcudia, Guadassuar y las tres pedan\u00edas de Valencia (La Torre, Castellar Oliveral y Forn d\u2019Alcedo).<\/p>\n\n\n\n<p>Esta ayuda se puede solicitar a trav\u00e9s del tel\u00e9fono 900 408 080. Adem\u00e1s, <a href=\"https:\/\/www.levante-emv.com\/sociedad\/2024\/12\/07\/naturgy-vuelca-ayudar-afectados-dana-112402017.html\" target=\"_blank\" data-type=\"link\" data-id=\"https:\/\/www.levante-emv.com\/sociedad\/2024\/12\/07\/naturgy-vuelca-ayudar-afectados-dana-112402017.html\" rel=\"noreferrer noopener nofollow\">Naturgy <\/a>tambi\u00e9n ha habilitado diferentes puntos de informaci\u00f3n espec\u00edfica en los municipios afectados. El listado actualizado de estos puntos se encuentra disponible en www.nedgia.es.<\/p>\n\n\n\n<h3 class=\"wp-block-heading\">C\u00f3mo funcionan<\/h3>\n\n\n\n<p>Una vez solicitada la ayuda, la compa\u00f1\u00eda realizar\u00e1 una visita a las instalaciones para acometer la reparaci\u00f3n y, en caso de ser necesario, concertar una cita adicional para instalar equipos nuevos. Para poder proceder a estas reparaciones, Nedgia ha firmado un convenio con ASEIF, la asociaci\u00f3n de empresas instaladoras de fontaner\u00eda, calefacci\u00f3n y aire acondicionado de la provincia de Valencia. El importe de estas reparaciones se abonar\u00e1 directamente a las empresas instaladoras, por lo que el afectado no tendr\u00e1 que pagar nada.<\/p>\n\n\n\n<p>En el caso de los electrodom\u00e9sticos, como equipamiento de cocina, lavadora y\/o frigor\u00edfico, la compa\u00f1\u00eda facilitar\u00e1 un bono de 300 euros que podr\u00e1n ser canjeados en los puntos de venta de Tien21 o Euronics ubicados en la provincia de Valencia. En el caso de los comercios, el bono ser\u00e1 de 600 euros.<\/p>\n\n\n\n<h3 class=\"wp-block-heading\">Facturas aplazadas<\/h3>\n\n\n\n<p>El 31 de octubre, <a href=\"https:\/\/www.naturgy.com\/\" target=\"_blank\" data-type=\"link\" data-id=\"https:\/\/www.naturgy.com\/\" rel=\"noreferrer noopener nofollow\">Naturgy <\/a>anunci\u00f3 que permitir\u00e1 el aplazamiento de todas las facturas de luz, gas y servicios energ\u00e9ticos a hogares, pymes y aut\u00f3nomos de las zonas afectadas. El aplazamiento se puede solicitar directamente a trav\u00e9s del Servicio de Atenci\u00f3n al Cliente y en el tel\u00e9fono 900 100 251. Adem\u00e1s, la compa\u00f1\u00eda ha activado un programa de priorizaci\u00f3n y adelanto de pagos a todos sus proveedores en la Comunidad Valenciana.<\/p>\n\n\n\n<p><\/p>\n","protected":false},"excerpt":{"rendered":"<p>La compa\u00f1\u00eda est\u00e1 reparando o sustituyendo, de manera gratuita, instalaciones de gas natural, calderas y electrodom\u00e9sticos en los municipios valencianos afectados por la tragedia de la DANA La solidaridad deber\u00eda ser un pilar central de cualquier sociedad. Y es que, es en los momentos m\u00e1s dif\u00edciles cuando m\u00e1s ayuda se necesita. La tragedia de la [&hellip;]<\/p>\n","protected":false},"author":16,"featured_media":118,"comment_status":"closed","ping_status":"closed","sticky":false,"template":"","format":"standard","meta":{"footnotes":""},"categories":[17],"tags":[],"class_list":["post-115","post","type-post","status-publish","format-standard","has-post-thumbnail","hentry","category-impulsores"],"_links":{"self":[{"href":"https:\/\/especiales-hub.prensaiberica.es\/valencia-por-la-reconstruccion\/wp-json\/wp\/v2\/posts\/115","targetHints":{"allow":["GET"]}}],"collection":[{"href":"https:\/\/especiales-hub.prensaiberica.es\/valencia-por-la-reconstruccion\/wp-json\/wp\/v2\/posts"}],"about":[{"href":"https:\/\/especiales-hub.prensaiberica.es\/valencia-por-la-reconstruccion\/wp-json\/wp\/v2\/types\/post"}],"author":[{"embeddable":true,"href":"https:\/\/especiales-hub.prensaiberica.es\/valencia-por-la-reconstruccion\/wp-json\/wp\/v2\/users\/16"}],"replies":[{"embeddable":true,"href":"https:\/\/especiales-hub.prensaiberica.es\/valencia-por-la-reconstruccion\/wp-json\/wp\/v2\/comments?post=115"}],"version-history":[{"count":0,"href":"https:\/\/especiales-hub.prensaiberica.es\/valencia-por-la-reconstruccion\/wp-json\/wp\/v2\/posts\/115\/revisions"}],"wp:featuredmedia":[{"embeddable":true,"href":"https:\/\/especiales-hub.prensaiberica.es\/valencia-por-la-reconstruccion\/wp-json\/wp\/v2\/media\/118"}],"wp:attachment":[{"href":"https:\/\/especiales-hub.prensaiberica.es\/valencia-por-la-reconstruccion\/wp-json\/wp\/v2\/media?parent=115"}],"wp:term":[{"taxonomy":"category","embeddable":true,"href":"https:\/\/especiales-hub.prensaiberica.es\/valencia-por-la-reconstruccion\/wp-json\/wp\/v2\/categories?post=115"},{"taxonomy":"post_tag","embeddable":true,"href":"https:\/\/especiales-hub.prensaiberica.es\/valencia-por-la-reconstruccion\/wp-json\/wp\/v2\/tags?post=115"}],"curies":[{"name":"wp","href":"https:\/\/api.w.org\/{rel}","templated":true}]}}