{"id":146,"date":"2024-12-11T12:17:18","date_gmt":"2024-12-11T11:17:18","guid":{"rendered":"https:\/\/especiales-hub.prensaiberica.es\/valencia-por-la-reconstruccion\/?p=146"},"modified":"2024-12-11T16:49:37","modified_gmt":"2024-12-11T15:49:37","slug":"anecoop-refuerza-la-accion-social-desde-los-primeros-dias-tras-la-dana","status":"publish","type":"post","link":"https:\/\/especiales-hub.prensaiberica.es\/valencia-por-la-reconstruccion\/impulsores\/anecoop-refuerza-la-accion-social-desde-los-primeros-dias-tras-la-dana\/","title":{"rendered":"Anecoop refuerza la acci\u00f3n social desde los primeros d\u00edas tras la dana"},"content":{"rendered":"\n<h2 class=\"wp-block-heading\">Anecoop, sus socios y filiales internacionales, se unen para ayudar en esta cat\u00e1strofe<\/h2>\n\n\n\n<div style=\"height:30px\" aria-hidden=\"true\" class=\"wp-block-spacer\"><\/div>\n\n\n\n<h3 class=\"wp-block-heading\">\u00bfEn qu\u00e9 consiste la ayuda?<\/h3>\n\n\n\n<ol class=\"wp-block-list\">\n<li>Donaci\u00f3n y gesti\u00f3n de la entrega de 5 camiones de agua y 6 de frutas y hortalizas los d\u00edas 1 y 2 de noviembre.<\/li>\n\n\n\n<li>Coordinaci\u00f3n de varios camiones m\u00e1s, donados por nuestros socios de otras zonas productoras del pa\u00eds, con productos y materiales de primera necesidad, con destino a la cooperativa COPAL (Algemesi) para su distribuci\u00f3n en esta localidad y en otros municipios afectados de la zona. <\/li>\n\n\n\n<li>Organizaci\u00f3n de 2 camiones realizada por Anecoop France, con ayuda procedente de Perpignan (Francia) con material sanitario, alimentos y productos de primera necesidad, con destino a las instalaciones habilitadas por el Ayuntamiento de Almussafes , para su distribuci\u00f3n en esta localidad y en otros municipios afectados de la zona.<\/li>\n\n\n\n<li>Acuerdo con el ayuntamiento de Algemes\u00ed para la cesi\u00f3n de una parcela de 15.000 m2 ubicada en el Parque Empresarial Pepe Miquel, con el objeti\u00advo de depositar residuos de los servicios de limpieza.<\/li>\n\n\n\n<li>Gesti\u00f3n de la llegada de maquinaria pesada para ayudar en la limpieza de Algemes\u00ed.<\/li>\n\n\n\n<li>Participaci\u00f3n activa de las cooperativas socias en apoyo a las personas de los municipios afectados, mediante la distribuci\u00f3n de alimentos y productos de primera necesidad y la utilizaci\u00f3n de maquinaria pesada agr\u00edcola para la retirada de escombros.<\/li>\n\n\n\n<li>Preocupaci\u00f3n por establecer medidas para velar por la seguridad de toda la plantilla desde el mismo d\u00eda 29 a mediod\u00eda.<\/li>\n\n\n\n<li>Medidas de apoyo a los trabajadores afectados por la DANA: permisos, teletrabajo, ayuda financiera a coste cero para la compra de veh\u00edculos o reparaci\u00f3n de vivienda.<\/li>\n\n\n\n<li>Canalizaci\u00f3n de las donaciones econ\u00f3micas por parte de la empresa, de la plantilla de trabajadores, de los socios y otros proveedores.<\/li>\n\n\n\n<li>Apoyo econ\u00f3mico directo a diferentes empresas y ONG activas en las zonas afectadas.<\/li>\n\n\n\n<li>Colaboraci\u00f3n con diversas iniciativas de organizaciones e instituciones de apoyo a los afectados por la DANA.<\/li>\n<\/ol>\n\n\n\n<figure class=\"wp-block-image size-large\"><img loading=\"lazy\" decoding=\"async\" width=\"1024\" height=\"683\" src=\"https:\/\/especiales-hub.prensaiberica.es\/valencia-por-la-reconstruccion\/wp-content\/uploads\/2024\/12\/Trabajos-de-investigacion-en-el-Campo-de-Experiencias-de-Anecoop-en-Museros-1024x683.jpg\" alt=\"\" class=\"wp-image-152\" srcset=\"https:\/\/especiales-hub.prensaiberica.es\/valencia-por-la-reconstruccion\/wp-content\/uploads\/2024\/12\/Trabajos-de-investigacion-en-el-Campo-de-Experiencias-de-Anecoop-en-Museros-1024x683.jpg 1024w, https:\/\/especiales-hub.prensaiberica.es\/valencia-por-la-reconstruccion\/wp-content\/uploads\/2024\/12\/Trabajos-de-investigacion-en-el-Campo-de-Experiencias-de-Anecoop-en-Museros-300x200.jpg 300w, https:\/\/especiales-hub.prensaiberica.es\/valencia-por-la-reconstruccion\/wp-content\/uploads\/2024\/12\/Trabajos-de-investigacion-en-el-Campo-de-Experiencias-de-Anecoop-en-Museros-768x512.jpg 768w, https:\/\/especiales-hub.prensaiberica.es\/valencia-por-la-reconstruccion\/wp-content\/uploads\/2024\/12\/Trabajos-de-investigacion-en-el-Campo-de-Experiencias-de-Anecoop-en-Museros-1536x1024.jpg 1536w, https:\/\/especiales-hub.prensaiberica.es\/valencia-por-la-reconstruccion\/wp-content\/uploads\/2024\/12\/Trabajos-de-investigacion-en-el-Campo-de-Experiencias-de-Anecoop-en-Museros.jpg 1944w\" sizes=\"auto, (max-width: 1024px) 100vw, 1024px\" \/><figcaption class=\"wp-element-caption\">Trabajos de investigaci\u00f3n en el Campo de Experiencias de Anecoop en Museros<\/figcaption><\/figure>\n\n\n\n<h3 class=\"wp-block-heading\">Y seguimos trabajando para apoyar en los momentos dificiles <\/h3>\n\n\n\n<p>Anecoop es una empresa cooperativa agroalimentaria que integra, coordina y comercializa la producci\u00f3n hortofruticula y vitinicola de los m\u00e1s de 21.000 agricultores que pertenecen a sus 67 entidades socias que, ubicadas en las principales zonas agricolas de Espa\u00f1a, son motor de econom\u00eda y empleo en sus zonas de implantaci\u00f3n. <\/p>\n","protected":false},"excerpt":{"rendered":"<p>Anecoop, sus socios y filiales internacionales, se unen para ayudar en esta cat\u00e1strofe \u00bfEn qu\u00e9 consiste la ayuda? Y seguimos trabajando para apoyar en los momentos dificiles Anecoop es una empresa cooperativa agroalimentaria que integra, coordina y comercializa la producci\u00f3n hortofruticula y vitinicola de los m\u00e1s de 21.000 agricultores que pertenecen a sus 67 entidades [&hellip;]<\/p>\n","protected":false},"author":16,"featured_media":637,"comment_status":"closed","ping_status":"closed","sticky":false,"template":"","format":"standard","meta":{"footnotes":""},"categories":[17],"tags":[],"class_list":["post-146","post","type-post","status-publish","format-standard","has-post-thumbnail","hentry","category-impulsores"],"_links":{"self":[{"href":"https:\/\/especiales-hub.prensaiberica.es\/valencia-por-la-reconstruccion\/wp-json\/wp\/v2\/posts\/146","targetHints":{"allow":["GET"]}}],"collection":[{"href":"https:\/\/especiales-hub.prensaiberica.es\/valencia-por-la-reconstruccion\/wp-json\/wp\/v2\/posts"}],"about":[{"href":"https:\/\/especiales-hub.prensaiberica.es\/valencia-por-la-reconstruccion\/wp-json\/wp\/v2\/types\/post"}],"author":[{"embeddable":true,"href":"https:\/\/especiales-hub.prensaiberica.es\/valencia-por-la-reconstruccion\/wp-json\/wp\/v2\/users\/16"}],"replies":[{"embeddable":true,"href":"https:\/\/especiales-hub.prensaiberica.es\/valencia-por-la-reconstruccion\/wp-json\/wp\/v2\/comments?post=146"}],"version-history":[{"count":0,"href":"https:\/\/especiales-hub.prensaiberica.es\/valencia-por-la-reconstruccion\/wp-json\/wp\/v2\/posts\/146\/revisions"}],"wp:featuredmedia":[{"embeddable":true,"href":"https:\/\/especiales-hub.prensaiberica.es\/valencia-por-la-reconstruccion\/wp-json\/wp\/v2\/media\/637"}],"wp:attachment":[{"href":"https:\/\/especiales-hub.prensaiberica.es\/valencia-por-la-reconstruccion\/wp-json\/wp\/v2\/media?parent=146"}],"wp:term":[{"taxonomy":"category","embeddable":true,"href":"https:\/\/especiales-hub.prensaiberica.es\/valencia-por-la-reconstruccion\/wp-json\/wp\/v2\/categories?post=146"},{"taxonomy":"post_tag","embeddable":true,"href":"https:\/\/especiales-hub.prensaiberica.es\/valencia-por-la-reconstruccion\/wp-json\/wp\/v2\/tags?post=146"}],"curies":[{"name":"wp","href":"https:\/\/api.w.org\/{rel}","templated":true}]}}