{"id":147,"date":"2024-12-11T12:28:43","date_gmt":"2024-12-11T11:28:43","guid":{"rendered":"https:\/\/especiales-hub.prensaiberica.es\/valencia-por-la-reconstruccion\/?p=147"},"modified":"2024-12-11T12:28:43","modified_gmt":"2024-12-11T11:28:43","slug":"el-sector-ceca-implementa-medidas-de-apoyo-para-los-afectados-por-la-dana","status":"publish","type":"post","link":"https:\/\/especiales-hub.prensaiberica.es\/valencia-por-la-reconstruccion\/impulsores\/el-sector-ceca-implementa-medidas-de-apoyo-para-los-afectados-por-la-dana\/","title":{"rendered":"El sector CECA implementa medidas de apoyo para los afectados por la DANA"},"content":{"rendered":"\n<h2 class=\"wp-block-heading\">Las entidades asociadas reafirman su compromiso con los damnificados e impulsan, junto a las autoridades y el sector privado, soluciones que permitan acelerar la vuelta a la normalidad<\/h2>\n\n\n\n<div style=\"height:30px\" aria-hidden=\"true\" class=\"wp-block-spacer\"><\/div>\n\n\n\n<p>Ante la dif\u00edcil situaci\u00f3n econ\u00f3mica, social y personal provocada por el reciente paso de la\u00a0DANA\u00a0por Valencia y otras zonas del pa\u00eds, que ha generado graves da\u00f1os materiales y afectado a miles de personas, las entidades asociadas a\u00a0<strong><a href=\"https:\/\/www.ceca.es\/\" target=\"_blank\" rel=\"noreferrer noopener nofollow\">CECA<\/a><\/strong>\u00a0(CaixaBank, Kutxabank y Cajasur Banco, ABANCA, Unicaja, Ibercaja Banco, Caixa Ontinyent, Colonya Pollen\u00e7a, Cecabank y m\u00e1s de treinta fundaciones) han puesto en marcha un amplio\u00a0paquete de medidas con las que respaldar a los damnificados.\u00a0Estas acciones, destinadas a aliviar la situaci\u00f3n de los ciudadanos y los negocios\u00a0perjudicados, se suman a otras iniciativas de apoyo en colaboraci\u00f3n con el Gobierno y diversas entidades p\u00fablicas y privadas.<\/p>\n\n\n\n<p>El pasado 4 de noviembre, CECA, junto a las asociaciones bancarias AEB y Unacc, anunci\u00f3 la implementaci\u00f3n de una\u00a0moratoria de hasta tres meses, ampliables, para los pr\u00e9stamos de particulares, aut\u00f3nomos y peque\u00f1as empresas\u00a0afectadas por las inundaciones. Una propuesta que fue presentada ante el Ministerio de Econom\u00eda, Comercio y Empresa, con el fin de que se articule legalmente lo antes posible. Adem\u00e1s, se est\u00e1 trabajando en colaboraci\u00f3n con el Instituto de Cr\u00e9dito Oficial (ICO) para dise\u00f1ar un plan de actuaci\u00f3n que contribuya a mitigar las consecuencias econ\u00f3micas de este desastre.\u00a0<\/p>\n\n\n\n<blockquote class=\"wp-block-quote is-layout-flow wp-block-quote-is-layout-flow\">\n<p>Se est\u00e1n aplicando moratorias para los pr\u00e9stamos de aut\u00f3nomos, pymes y particulares<\/p>\n\n\n\n<div style=\"height:30px\" aria-hidden=\"true\" class=\"wp-block-spacer\"><\/div>\n<\/blockquote>\n\n\n\n<p>Tambi\u00e9n se han puesto en marcha\u00a0l\u00edneas extraordinarias de financiaci\u00f3n, complementadas por una l\u00ednea especial destinada al sector agroalimentario, uno de los m\u00e1s golpeados por las inundaciones. Con estas medidas, se busca proporcionar liquidez y apoyo a los agricultores y peque\u00f1os empresarios afectados por el temporal.\u00a0<\/p>\n\n\n\n<p>Asimismo, se ha impulsado una l\u00ednea de\u00a0anticipos de las ayudas gubernamentales, que estar\u00e1 disponible tanto para particulares como para aut\u00f3nomos, y permitir\u00e1 obtener financiaci\u00f3n mientras llegan las ayudas oficiales. Las propias entidades ya est\u00e1n colaborando con las aseguradoras para agilizar la tramitaci\u00f3n de indemnizaciones y est\u00e1n prestando atenci\u00f3n telef\u00f3nica prioritaria a los damnificados, garantizando una respuesta \u00e1gil y eficiente.<\/p>\n\n\n\n<p>En paralelo, las entidades bancarias anunciaron la\u00a0exenci\u00f3n de comisiones\u00a0por la retirada de efectivo en cajeros y por el mantenimiento de Terminales Punto de Venta (TPV) en comercios de las zonas afectadas, facilitando as\u00ed la operativa de estos negocios. Adem\u00e1s, se han puesto en marcha operativos de\u00a0oficinas m\u00f3viles\u00a0que est\u00e1n facilitando la atenci\u00f3n financiera en las \u00e1reas m\u00e1s afectadas.\u00a0<\/p>\n\n\n\n<blockquote class=\"wp-block-quote is-layout-flow wp-block-quote-is-layout-flow\">\n<p>Las fundaciones del sector CECA est\u00e1n impulsando iniciativas a trav\u00e9s de la Obra Social<\/p>\n\n\n\n<div style=\"height:30px\" aria-hidden=\"true\" class=\"wp-block-spacer\"><\/div>\n<\/blockquote>\n\n\n\n<h3 class=\"wp-block-heading\">Compromiso social<\/h3>\n\n\n\n<p>La solidaridad del sector CECA se refleja tambi\u00e9n en la creaci\u00f3n de\u00a0plataformas para captar donativos, ofreciendo un canal \u00e1gil y transparente para aquellos que deseen colaborar con los damnificados. Estas ayudas se canalizan a trav\u00e9s de organizaciones no gubernamentales (ONG), que act\u00faan como intermediarias y distribuyen los fondos de forma eficiente entre las personas y comunidades m\u00e1s afectadas por la DANA, asegurando que lleguen a quienes m\u00e1s lo necesitan.<\/p>\n\n\n\n<p>Adem\u00e1s de las acciones puramente financieras, las fundaciones del <strong><a href=\"https:\/\/www.levante-emv.com\/economia\/2024\/12\/07\/sector-ceca-implementa-medidas-apoyo-112366693.html\" target=\"_blank\" rel=\"noreferrer noopener nofollow\">sector CECA<\/a><\/strong> est\u00e1n llevando a cabo otro tipo de iniciativas a trav\u00e9s de la\u00a0Obra Social, que juega un papel muy relevante en la recuperaci\u00f3n de las zonas afectadas, no solo de forma inmediata, sino tambi\u00e9n a medio y largo plazo. Algunos ejemplos son la distribuci\u00f3n de alimentos, el reparto de kits de emergencia y agua, el apoyo a centros escolares y asociaciones de personas con necesidades especiales, y el desplazamiento de equipos de psic\u00f3logos especializados para la gesti\u00f3n del duelo. El sector CECA trabaja con las autoridades y el sector privado para impulsar soluciones que permitan acelerar la recuperaci\u00f3n y el reestablecimiento de la normalidad.<\/p>\n\n\n\n<p><\/p>\n","protected":false},"excerpt":{"rendered":"<p>Las entidades asociadas reafirman su compromiso con los damnificados e impulsan, junto a las autoridades y el sector privado, soluciones que permitan acelerar la vuelta a la normalidad Ante la dif\u00edcil situaci\u00f3n econ\u00f3mica, social y personal provocada por el reciente paso de la\u00a0DANA\u00a0por Valencia y otras zonas del pa\u00eds, que ha generado graves da\u00f1os materiales [&hellip;]<\/p>\n","protected":false},"author":16,"featured_media":148,"comment_status":"closed","ping_status":"closed","sticky":false,"template":"","format":"standard","meta":{"footnotes":""},"categories":[17],"tags":[],"class_list":["post-147","post","type-post","status-publish","format-standard","has-post-thumbnail","hentry","category-impulsores"],"_links":{"self":[{"href":"https:\/\/especiales-hub.prensaiberica.es\/valencia-por-la-reconstruccion\/wp-json\/wp\/v2\/posts\/147","targetHints":{"allow":["GET"]}}],"collection":[{"href":"https:\/\/especiales-hub.prensaiberica.es\/valencia-por-la-reconstruccion\/wp-json\/wp\/v2\/posts"}],"about":[{"href":"https:\/\/especiales-hub.prensaiberica.es\/valencia-por-la-reconstruccion\/wp-json\/wp\/v2\/types\/post"}],"author":[{"embeddable":true,"href":"https:\/\/especiales-hub.prensaiberica.es\/valencia-por-la-reconstruccion\/wp-json\/wp\/v2\/users\/16"}],"replies":[{"embeddable":true,"href":"https:\/\/especiales-hub.prensaiberica.es\/valencia-por-la-reconstruccion\/wp-json\/wp\/v2\/comments?post=147"}],"version-history":[{"count":0,"href":"https:\/\/especiales-hub.prensaiberica.es\/valencia-por-la-reconstruccion\/wp-json\/wp\/v2\/posts\/147\/revisions"}],"wp:featuredmedia":[{"embeddable":true,"href":"https:\/\/especiales-hub.prensaiberica.es\/valencia-por-la-reconstruccion\/wp-json\/wp\/v2\/media\/148"}],"wp:attachment":[{"href":"https:\/\/especiales-hub.prensaiberica.es\/valencia-por-la-reconstruccion\/wp-json\/wp\/v2\/media?parent=147"}],"wp:term":[{"taxonomy":"category","embeddable":true,"href":"https:\/\/especiales-hub.prensaiberica.es\/valencia-por-la-reconstruccion\/wp-json\/wp\/v2\/categories?post=147"},{"taxonomy":"post_tag","embeddable":true,"href":"https:\/\/especiales-hub.prensaiberica.es\/valencia-por-la-reconstruccion\/wp-json\/wp\/v2\/tags?post=147"}],"curies":[{"name":"wp","href":"https:\/\/api.w.org\/{rel}","templated":true}]}}