{"id":155,"date":"2024-12-11T12:43:11","date_gmt":"2024-12-11T11:43:11","guid":{"rendered":"https:\/\/especiales-hub.prensaiberica.es\/valencia-por-la-reconstruccion\/?p=155"},"modified":"2024-12-11T16:17:57","modified_gmt":"2024-12-11T15:17:57","slug":"diputacio-de-valencia-enprimera-linea-ante-el-retode-la-reconstruccion","status":"publish","type":"post","link":"https:\/\/especiales-hub.prensaiberica.es\/valencia-por-la-reconstruccion\/transportes-e-infraestructuras\/diputacio-de-valencia-enprimera-linea-ante-el-retode-la-reconstruccion\/","title":{"rendered":"Diputaci\u00f3 de Val\u00e8ncia, en primera l\u00ednea ante el reto de la reconstrucci\u00f3n"},"content":{"rendered":"\n<h2 class=\"wp-block-heading\">La Diputaci\u00f3 de Val\u00e8ncia trabaja para paliar los efectos de la dana, especialmente en las \u00e1reas de Bomberos, Carreteras y Agua. Ya ha destinado 71 millones de euros a la respuesta inmediata, y se han cerrado unas cuentas para 2025 con la cifra hist\u00f3rica de 780 millones<\/h2>\n\n\n\n<div style=\"height:30px\" aria-hidden=\"true\" class=\"wp-block-spacer\"><\/div>\n\n\n\n<p>La <strong><a href=\"https:\/\/www.dival.es\/es\" target=\"_blank\" rel=\"noreferrer noopener nofollow\">Diputaci\u00f3 de Val\u00e8ncia<\/a><\/strong> est\u00e1 trabajando desde el minuto cero para paliar los efectos de la dana. Lo est\u00e1 haciendo principalmente desde las tres \u00e1reas m\u00e1s urgentes: Bomberos, Carreteras y Agua. La corporaci\u00f3n provincial ha destinado 71 millones de euros a la respuesta inmediata. Ahora bien, la emergencia requiere una respuesta transversal que tambi\u00e9n se est\u00e1 articulando desde servicios sociales y asistencia a  municipios, entre otros, y que est\u00e1 prevista en los presupuestos de 2025.<\/p>\n\n\n\n<p>Unas cuentas excepcionales con una cifra hist\u00f3rica, 780 millones, para hacer frente a los efectos de la cat\u00e1strofe. \u00abAnte una emergencia con tan extraordinario impacto desde el punto de vista humano, econ\u00f3mico y social, la Diputaci\u00f3 de Val\u00e8ncia est\u00e1 poniendo todos los recursos econ\u00f3micos, t\u00e9cnicos y de asesoramiento al servicio de los municipios afectados\u00bb, asegura el presidente de la instituci\u00f3n provincial, Vicent Momp\u00f3.<\/p>\n\n\n\n<blockquote class=\"wp-block-quote is-layout-flow wp-block-quote-is-layout-flow\">\n<p>\u00abPonemos todos los recursos al servicio de los municipios afectados\u00bb<\/p>\n<cite>Vicent Momp\u00f3, presidente de la Diputaci\u00f3 de Val\u00e8ncia<\/cite><\/blockquote>\n\n\n\n<div style=\"height:30px\" aria-hidden=\"true\" class=\"wp-block-spacer\"><\/div>\n\n\n\n<p>Desde las primeras horas del d\u00eda 29 de octubre, la Diputaci\u00f3n dio respuesta a la emergencia. Un total de 420 efectivos del consorcio y las brigadas forestales ha estado en pleno rendimiento durante todo este tiempo no solo durante las inundaciones, sino tambi\u00e9n posteriormente apuntalando edificios, estabilizando estructuras para evitar derrumbes, eliminando lodo de garajes y ascensores, y limpiando caminos forestales afectados, entre otras tareas.<\/p>\n\n\n\n<p>Precisamente, el consorcio ha aprobado recientemente su presupuesto para 2025, que asciende a 96,6 millones, lo que supone un incremento anual el 2,77%. \u00abSe trata del mayor presupuesto de la historia del consorcio, que permitir\u00e1 mejorar el servicio que ofrece a los municipios al tiempo que recuperamos la operatividad de instalaciones y recursos tras el paso de la dana\u00bb, explica Avelino Mascarell, explica el responsable de bomberos.<\/p>\n\n\n\n<h3 class=\"wp-block-heading\">Actuaci\u00f3n en v\u00edas no seguras<\/h3>\n\n\n\n<p>Otra de las respuestas preventivas la dio el \u00e1rea de Carreteras que dirige la tambi\u00e9n vicepresidenta segunda, Reme Mazzolari. El mismo d\u00eda 29 estaba en marcha el plan especial para gestionar las actuaciones en las v\u00edas que no fueran seguras. Hasta el mediod\u00eda se hab\u00edan registrado m\u00e1s de un centenar de intervenciones sobre la red provincial, cerrando al tr\u00e1fico las zonas que pod\u00edan comprometer la seguridad de los conductores y retirando obst\u00e1culos en las propias v\u00edas, entre otras actuaciones.<\/p>\n\n\n\n<p>Por lo que se refiere a la actuaci\u00f3n urgente posterior, el d\u00eda 31 de octubre, solo dos d\u00edas despu\u00e9s de la riada, se activ\u00f3 el plan destinado a la reconstrucci\u00f3n de la red provincial de Carreteras dotado con aproximadamente 25 millones, 12 de ellos para puentes.<\/p>\n\n\n\n<p>La Diputaci\u00f3n declar\u00f3 la emergencia de obras y servicios asociados para atender la necesidad de reparar los da\u00f1os catastr\u00f3ficos. Esto posibilit\u00f3 adjudicar por v\u00eda de urgencia los contratos y as\u00ed se consigui\u00f3 que las actuaciones de reparaci\u00f3n empezaran la misma semana de la dana y que se lograran en tiempo r\u00e9cord aperturas fundamentales como la conexi\u00f3n de Riba-Roja y Loriguilla con la A-3 el 9 de noviembre o el puente de Bu\u00f1ol el 25 de noviembre, entre otras infraestructuras vitales para municipios y empresas.<\/p>\n\n\n\n<p>\u00abPara la Diputaci\u00f3n ha sido prioritario restablecer lo antes posible el tr\u00e1nsito en todas las v\u00edas de la red provincial\u00bb, se\u00f1ala Mazzolari, quien pone de relieve \u00abla colaboraci\u00f3n entre instituciones\u00bb y \u00abla profesionalidad del equipo t\u00e9cnico de Carreteras, cuyos trabajos de an\u00e1lisis de da\u00f1os y propuesta de soluciones, ejecutados en tiempo r\u00e9cord, han permitido iniciar el camino de la reconstrucci\u00f3n\u00bb.<\/p>\n\n\n<div class=\"wp-block-image\">\n<figure class=\"aligncenter size-full\"><img loading=\"lazy\" decoding=\"async\" width=\"600\" height=\"300\" src=\"https:\/\/especiales-hub.prensaiberica.es\/valencia-por-la-reconstruccion\/wp-content\/uploads\/2024\/12\/El-texto-del-parrafo.png\" alt=\"\" class=\"wp-image-167\" srcset=\"https:\/\/especiales-hub.prensaiberica.es\/valencia-por-la-reconstruccion\/wp-content\/uploads\/2024\/12\/El-texto-del-parrafo.png 600w, https:\/\/especiales-hub.prensaiberica.es\/valencia-por-la-reconstruccion\/wp-content\/uploads\/2024\/12\/El-texto-del-parrafo-300x150.png 300w\" sizes=\"auto, (max-width: 600px) 100vw, 600px\" \/><\/figure>\n<\/div>\n\n\n<h3 class=\"wp-block-heading\">Restablecer el suministro<\/h3>\n\n\n\n<p>Junto a la actuaci\u00f3n de las \u00e1reas de Bomberos y Carreteras, la otra respuesta preferente ha sido la del restablecimiento del agua. De manera inmediata, Egevasa, la empresa de la Diputaci\u00f3n que se encarga tanto del agua en boca como de la depuraci\u00f3n, moviliz\u00f3 16 camiones-cisterna y 23 cisternas de agua, entre otras, repar\u00f3 aver\u00edas y suministr\u00f3 agua en los pueblos con problemas sin que necesariamente<br>fueran de su red.<\/p>\n\n\n\n<p>Aparte de los numerosos servicios en distintas poblaciones afectadas, destaca la actuaci\u00f3n en Sot de Chera donde la Diputaci\u00f3n instal\u00f3 tres kil\u00f3metros de ca\u00f1er\u00eda para proveer de agua potable el municipio. Adem\u00e1s, tambi\u00e9n se ha estado controlando la calidad del agua en m\u00e1s de 90 municipios, se han reparado da\u00f1os en 75 depuradoras y se ha suspendido el cobro del recibo del agua a los usuarios de los municipios afectados.<\/p>\n\n\n\n<p>\u00abLa prioridad ha sido que las personas tengan abastecimiento de agua de calidad por cualquier m\u00e9todo que tengamos al alcance, mientras se reconstruyen las infraestructuras destruidas por la riada\u00bb, esgrime la vicepresidenta primera y responsable de Egevasa, Nat\u00e0lia Enguix.<\/p>\n\n\n\n<p>M\u00e1s all\u00e1 de estas repuesta inmediata en las \u00e1reas m\u00e1s urgentes, la Diputaci\u00f3n viene actuando desde todos los frentes para paliar los efectos de la cat\u00e1strofe. Gestion\u00f3 la mejora la cobertura telef\u00f3nica en distintos municipios como Paiporta, Picanya, Alfafar o Utiel; se ha dotado de material inform\u00e1tico a los ayuntamientos; se han blindado las subvenciones para que ning\u00fan ayuntamiento ni asociaci\u00f3n afectada las pierda; se van a devolver los recibos del IBI y el IAE; se ha ayudado a repartir 18000 kits de abrigo; se ha actuado contra las plagas\u2026<\/p>\n\n\n\n<p>Todo este trabajo requiere la coordinaci\u00f3n con el resto de instituciones. En este sentido, ha sido imprescindible la reuni\u00f3n diaria con los alcaldes y alcaldesas de los municipios afectados. Esta colaboraci\u00f3n ha sido fundamental para canalizar la informaci\u00f3n, concretar puntos de entrega de ayuda en los primeros d\u00edas y para poder ir tomando las medidas que las poblaciones necesitan. \u00abAhora m\u00e1s que nunca, la Diputaci\u00f3n est\u00e1 al lado de los municipios, nos reunimos con ellos y los visitamos para trabajar codo con codo\u00bb, subraya el presidente de la corporaci\u00f3n provincial.<\/p>\n\n\n\n<p>En la misma l\u00ednea, recalca Vicent Momp\u00f3, \u00abla Diputaci\u00f3n est\u00e1 centrada y volcada en dar respuesta a las necesidades que ha provocado esta tragedia, el presupuesto de 2025 est\u00e1 pensado para ayudar a los damnificados y reconstruir los pueblos\u00bb. Las cuentas de la Diputaci\u00f3n para el a\u00f1o que viene se han aprobado sin ning\u00fan voto en contra, con el apoyo de todos los grupos pol\u00edticos a excepci\u00f3n de Comprom\u00eds, que se ha abstenido.<\/p>\n\n\n\n<p>Para Momp\u00f3, \u00abestar a la altura de las valencianas y de los valencianos significa actuar con diligencia, voluntad y firmeza porque el futuro que deseamos depende, en gran medida, de decisiones como la aprobaci\u00f3n del presupuesto\u00bb. \u00abRedignificar la pol\u00edtica es, precisamente, no fallar a la sociedad valenciana. Es hacer uso de nuestro lema m\u00e1s emblem\u00e1tico: trabajar <em>colze a colze en els ajuntaments<\/em>. Saldremos adelante poniendo a su disposici\u00f3n todos nuestros recursos, esfuerzos y dedicaci\u00f3n\u00bb, concluye Momp\u00f3.<\/p>\n\n\n\n<div style=\"height:30px\" aria-hidden=\"true\" class=\"wp-block-spacer\"><\/div>\n\n\n\n<figure class=\"wp-block-gallery has-nested-images columns-default is-cropped wp-block-gallery-1 is-layout-flex wp-block-gallery-is-layout-flex\">\n<figure class=\"wp-block-image size-large\"><img loading=\"lazy\" decoding=\"async\" width=\"821\" height=\"1024\" data-id=\"168\" src=\"https:\/\/especiales-hub.prensaiberica.es\/valencia-por-la-reconstruccion\/wp-content\/uploads\/2024\/12\/pag25-1-821x1024.jpg\" alt=\"\" class=\"wp-image-168\" srcset=\"https:\/\/especiales-hub.prensaiberica.es\/valencia-por-la-reconstruccion\/wp-content\/uploads\/2024\/12\/pag25-1-821x1024.jpg 821w, https:\/\/especiales-hub.prensaiberica.es\/valencia-por-la-reconstruccion\/wp-content\/uploads\/2024\/12\/pag25-1-241x300.jpg 241w, https:\/\/especiales-hub.prensaiberica.es\/valencia-por-la-reconstruccion\/wp-content\/uploads\/2024\/12\/pag25-1-768x958.jpg 768w, https:\/\/especiales-hub.prensaiberica.es\/valencia-por-la-reconstruccion\/wp-content\/uploads\/2024\/12\/pag25-1.jpg 1167w\" sizes=\"auto, (max-width: 821px) 100vw, 821px\" \/><figcaption class=\"wp-element-caption\">Un vecino cruza el puente sobre el r\u00edo Turia en Riba-roja instalado por la Diputaci\u00f3 de Val\u00e8ncia y el Ej\u00e9rcito de Tierra.<\/figcaption><\/figure>\n\n\n\n<figure class=\"wp-block-image size-large\"><img loading=\"lazy\" decoding=\"async\" width=\"1024\" height=\"713\" data-id=\"170\" src=\"https:\/\/especiales-hub.prensaiberica.es\/valencia-por-la-reconstruccion\/wp-content\/uploads\/2024\/12\/pag25-2-1024x713.jpg\" alt=\"\" class=\"wp-image-170\" srcset=\"https:\/\/especiales-hub.prensaiberica.es\/valencia-por-la-reconstruccion\/wp-content\/uploads\/2024\/12\/pag25-2-1024x713.jpg 1024w, https:\/\/especiales-hub.prensaiberica.es\/valencia-por-la-reconstruccion\/wp-content\/uploads\/2024\/12\/pag25-2-300x209.jpg 300w, https:\/\/especiales-hub.prensaiberica.es\/valencia-por-la-reconstruccion\/wp-content\/uploads\/2024\/12\/pag25-2-768x535.jpg 768w, https:\/\/especiales-hub.prensaiberica.es\/valencia-por-la-reconstruccion\/wp-content\/uploads\/2024\/12\/pag25-2.jpg 1171w\" sizes=\"auto, (max-width: 1024px) 100vw, 1024px\" \/><figcaption class=\"wp-element-caption\">Actuaci\u00f3n en Sot de Chera donde la Diputaci\u00f3 instal\u00f3 tres kil\u00f3metros de ca\u00f1er\u00eda para proveer de agua potable al municipio.<\/figcaption><\/figure>\n\n\n\n<figure class=\"wp-block-image size-large\"><img loading=\"lazy\" decoding=\"async\" width=\"1024\" height=\"713\" data-id=\"169\" src=\"https:\/\/especiales-hub.prensaiberica.es\/valencia-por-la-reconstruccion\/wp-content\/uploads\/2024\/12\/pag25-3-1024x713.jpg\" alt=\"\" class=\"wp-image-169\" srcset=\"https:\/\/especiales-hub.prensaiberica.es\/valencia-por-la-reconstruccion\/wp-content\/uploads\/2024\/12\/pag25-3-1024x713.jpg 1024w, https:\/\/especiales-hub.prensaiberica.es\/valencia-por-la-reconstruccion\/wp-content\/uploads\/2024\/12\/pag25-3-300x209.jpg 300w, https:\/\/especiales-hub.prensaiberica.es\/valencia-por-la-reconstruccion\/wp-content\/uploads\/2024\/12\/pag25-3-768x535.jpg 768w, https:\/\/especiales-hub.prensaiberica.es\/valencia-por-la-reconstruccion\/wp-content\/uploads\/2024\/12\/pag25-3.jpg 1171w\" sizes=\"auto, (max-width: 1024px) 100vw, 1024px\" \/><figcaption class=\"wp-element-caption\">La Diputaci\u00f3 trabaja en Picanya en la extracci\u00f3n de lodos y residuos de 660 garajes.<\/figcaption><\/figure>\n<\/figure>\n","protected":false},"excerpt":{"rendered":"<p>La Diputaci\u00f3 de Val\u00e8ncia trabaja para paliar los efectos de la dana, especialmente en las \u00e1reas de Bomberos, Carreteras y Agua. Ya ha destinado 71 millones de euros a la respuesta inmediata, y se han cerrado unas cuentas para 2025 con la cifra hist\u00f3rica de 780 millones La Diputaci\u00f3 de Val\u00e8ncia est\u00e1 trabajando desde el [&hellip;]<\/p>\n","protected":false},"author":16,"featured_media":156,"comment_status":"closed","ping_status":"closed","sticky":false,"template":"","format":"standard","meta":{"footnotes":""},"categories":[22],"tags":[],"class_list":["post-155","post","type-post","status-publish","format-standard","has-post-thumbnail","hentry","category-transportes-e-infraestructuras"],"_links":{"self":[{"href":"https:\/\/especiales-hub.prensaiberica.es\/valencia-por-la-reconstruccion\/wp-json\/wp\/v2\/posts\/155","targetHints":{"allow":["GET"]}}],"collection":[{"href":"https:\/\/especiales-hub.prensaiberica.es\/valencia-por-la-reconstruccion\/wp-json\/wp\/v2\/posts"}],"about":[{"href":"https:\/\/especiales-hub.prensaiberica.es\/valencia-por-la-reconstruccion\/wp-json\/wp\/v2\/types\/post"}],"author":[{"embeddable":true,"href":"https:\/\/especiales-hub.prensaiberica.es\/valencia-por-la-reconstruccion\/wp-json\/wp\/v2\/users\/16"}],"replies":[{"embeddable":true,"href":"https:\/\/especiales-hub.prensaiberica.es\/valencia-por-la-reconstruccion\/wp-json\/wp\/v2\/comments?post=155"}],"version-history":[{"count":0,"href":"https:\/\/especiales-hub.prensaiberica.es\/valencia-por-la-reconstruccion\/wp-json\/wp\/v2\/posts\/155\/revisions"}],"wp:featuredmedia":[{"embeddable":true,"href":"https:\/\/especiales-hub.prensaiberica.es\/valencia-por-la-reconstruccion\/wp-json\/wp\/v2\/media\/156"}],"wp:attachment":[{"href":"https:\/\/especiales-hub.prensaiberica.es\/valencia-por-la-reconstruccion\/wp-json\/wp\/v2\/media?parent=155"}],"wp:term":[{"taxonomy":"category","embeddable":true,"href":"https:\/\/especiales-hub.prensaiberica.es\/valencia-por-la-reconstruccion\/wp-json\/wp\/v2\/categories?post=155"},{"taxonomy":"post_tag","embeddable":true,"href":"https:\/\/especiales-hub.prensaiberica.es\/valencia-por-la-reconstruccion\/wp-json\/wp\/v2\/tags?post=155"}],"curies":[{"name":"wp","href":"https:\/\/api.w.org\/{rel}","templated":true}]}}