{"id":16,"date":"2024-12-11T10:22:20","date_gmt":"2024-12-11T09:22:20","guid":{"rendered":"https:\/\/especiales-hub.prensaiberica.es\/valencia-por-la-reconstruccion\/?p=16"},"modified":"2024-12-11T11:59:59","modified_gmt":"2024-12-11T10:59:59","slug":"plan-marshall-de-reconstruccion-tras-la-dana-mas-letal-de-la-historia","status":"publish","type":"post","link":"https:\/\/especiales-hub.prensaiberica.es\/valencia-por-la-reconstruccion\/apertura\/plan-marshall-de-reconstruccion-tras-la-dana-mas-letal-de-la-historia\/","title":{"rendered":"\u2018Plan Marshall\u2019 de reconstrucci\u00f3n tras la dana m\u00e1s letal de la historia"},"content":{"rendered":"\n<p><\/p>\n\n\n\n<p>El agua arras\u00f3 con todo. Literalmente. Como un tsunami de interior, se llev\u00f3 a su paso personas, coches, \u00e1rboles, objetos de comercio, muebles, puertas, ventanas, naves industriales\u2026 Nada se resisti\u00f3. El panorama despu\u00e9s de la batalla fue sin duda desolador. Centenares de miles de valencianos perdieron total o parcialmente su patrimonio.<br><br>Eso fue hace poco m\u00e1s de un mes. Tras unas labores de limpieza que todav\u00eda no han terminado, el tiempo de la reconstrucci\u00f3n ya ha llegado. Es hora de que los damnificados cobren las indemnizaciones y las ayudas para ponerse de nuevo en marcha. Administraciones p\u00fablicas, empresas, empresarios a t\u00edtulo individual, entidades financieras\u2026, las aportaciones se han multiplicado en las \u00faltimas semanas.<br><br>La movilizaci\u00f3n de dinero p\u00fablico solo es comparable a la de los recientes tiempos de la pandemia del coronavirus. Y es equiparable a las primeras estimaciones de da\u00f1os que se est\u00e1n realizando, todav\u00eda muy preliminares. La C\u00e1mara de Comercio de Valencia calcula unas p\u00e9rdidas de 13.300 millones de euros en el tejido productivo de la provincia, sin contar con el da\u00f1o que han sufrido tantas y tantas infraestructuras.<br><br>En total, est\u00e1n encima de la mesa, por el momento, 17.000 millones de euros, de los cuales la parte sustancial corresponde al Gobierno central, que ha movilizado 16.600 millones de euros, de los que m\u00e1s de 10.000 son ayudas directas. Con esto, el ejecutivo prev\u00e9 que el escudo social desplegado ayudar\u00e1 a unos 400.000 trabajadores a mantener sus ingresos, a 30.000 empresas a reactivar su actividad y a 100.000 hogares a cubrir sus necesidades b\u00e1sicas.<br>&nbsp;<br>Por su parte, el Consell, entre otras medidas, ha puesto 90 millones a disposici\u00f3n de los aut\u00f3nomos y 200 en aportaciones directas para las personas afectadas a inter\u00e9s cero, a trav\u00e9s del Instituto Valenciano de Finanzas. Adem\u00e1s, la Generalitat Valenciana aprob\u00f3 tambi\u00e9n la concesi\u00f3n de 50 millones en ayudas directas a los municipios afectados para cubrir los gastos de da\u00f1os en bienes e infraestructuras.<br><br>Algunas de las ayudas, las que no dependen de tr\u00e1mites administrativos, como es el caso de las que ha concedido el presidente de Mercadona, Juan Roig, han sido ingresadas en las cuentas con gran rapidez. Estamos hablando de algo m\u00e1s de 70 millones de euros. Las que proceden del sector p\u00fablico sufren la habitual tardanza que acompa\u00f1a a la burocracia, pero ya est\u00e1n llegando. A modo de ejemplo, el Ministerio de Hacienda ha informado esta misma semana de que ya ha repartido entre los afectados un total de 144 millones de euros.<br><br>El Consorcio de Compensaci\u00f3n de Seguros (CCS), una entidad clave porque es la que se hace cargo de buena parte de las indemnizaciones por los da\u00f1os provocados por la dana, tambi\u00e9n ha puesto cifras que hablan a las claras de la magnitud de la tragedia y de la necesidad de ayudas \u2014en diferente graduaci\u00f3n\u2014 que tienen los cerca de un mill\u00f3n de personas que viven en los 78 municipios afectados por la dana. Hasta finales de noviembre, el CCS hab\u00eda recibido y registrado casi 216.000 solicitudes de indemnizaci\u00f3n, de las cuales la parte m\u00e1s abultada corresponde a los veh\u00edculos, con casi 129.000 afectados. Le siguen las viviendas, con cerca de 70.000, los comercios, con 12.600, las industrias, con 3.800 y las oficinas, con casi mil. De todas esas peticiones, el consorcio hab\u00eda resuelto el pasado 29 de noviembre, justo un mes despu\u00e9s de la dana, 6.436 solicitudes por un importe global de casi 100 millones de euros.&nbsp; De nuevo, la cifra m\u00e1s elevada corresponde a los veh\u00edculos, con 3.992 indemnizaciones abonadas por un importe de 30,9 millones de euros. A continuaci\u00f3n aparecen las casi 2.000 (19,3 millones) por viviendas damnificadas y las 375 de los comercios, por un total de 15,7 millones.<br>&nbsp;<br>Los coches fueron en n\u00famero el bien mueble m\u00e1s afectado. El decreto-ley del Ejecutivo se\u00f1ala que para la adquisici\u00f3n de veh\u00edculos nuevos se a\u00f1adir\u00e1n 10.000 euros m\u00e1s a lo que aporte la indemnizaci\u00f3n del Consorcio si es un coche el\u00e9ctrico , mientras que para la compra de un coche h\u00edbrido o de combusti\u00f3n&nbsp; el importe llega hasta los 5.000 euros. Si, por el contrario, se opta por uno usado, la horquilla de la bonificaci\u00f3n se sit\u00faa entre los 4.000 \u2014para un el\u00e9ctrico\u2014 y los 2.000 euros para h\u00edbrido y combusti\u00f3n.&nbsp; Por su parte, en el caso de las motos nuevas se dar\u00e1n 2.000 euros si son el\u00e9ctricas y 1.000 si son h\u00edbridas o de combusti\u00f3n y, si son usadas, entre 1.000 y 500, respectivamente.<br><br>En cuanto a la vivienda, las ayudas del Gobierno por da\u00f1os en el domicilio habitual o arrendado son de hasta 60.480 euros por la destrucci\u00f3n total del inmueble; de hasta 41.280 euros por perjuicios que afecten a la estructura; de hasta 20.640 por roturas que no afecten a la estructura; y de hasta 36.896 euros por desperfectos en elemento comunes de una comunidad de vecinos. En el caso de los enseres (muebles y electrodom\u00e9sticos) y todo lo que hace habitable una casa el apoyo es de hasta 10.320 euros. Por otro lado, las ayudas anunciadas por la Generalitat llegan hasta 6.000 euros por vivienda afectada.<br>&nbsp;<br>Para posibilitar el acceso inmediato a liquidez a hogares, aut\u00f3nomos y empresas sin necesidad de esperar al pago de las indemnizaciones y ayudas de cualquier administraci\u00f3n p\u00fablica o del Consorcio de Compensaci\u00f3n, el Instituto de Cr\u00e9dito Oficial (ICO) ha abierto una l\u00ednea de 5.000 millones de euros que permitir\u00e1n movilizar 6.250 millones en la zona afectada, principalmente. Se trata de avales a coste cero, si bien quien pida un pr\u00e9stamo de estos tendr\u00e1 que negociar el inter\u00e9s con la entidad financiera.<\/p>\n\n\n\n<figure class=\"wp-block-gallery has-nested-images columns-default is-cropped wp-block-gallery-1 is-layout-flex wp-block-gallery-is-layout-flex\">\n<figure class=\"wp-block-image size-large\"><img loading=\"lazy\" decoding=\"async\" width=\"1024\" height=\"576\" data-id=\"22\" src=\"https:\/\/especiales-hub.prensaiberica.es\/valencia-por-la-reconstruccion\/wp-content\/uploads\/2024\/12\/5-1024x576.jpg\" alt=\"\" class=\"wp-image-22\" srcset=\"https:\/\/especiales-hub.prensaiberica.es\/valencia-por-la-reconstruccion\/wp-content\/uploads\/2024\/12\/5-1024x576.jpg 1024w, https:\/\/especiales-hub.prensaiberica.es\/valencia-por-la-reconstruccion\/wp-content\/uploads\/2024\/12\/5-300x169.jpg 300w, https:\/\/especiales-hub.prensaiberica.es\/valencia-por-la-reconstruccion\/wp-content\/uploads\/2024\/12\/5-768x432.jpg 768w, https:\/\/especiales-hub.prensaiberica.es\/valencia-por-la-reconstruccion\/wp-content\/uploads\/2024\/12\/5.jpg 1200w\" sizes=\"auto, (max-width: 1024px) 100vw, 1024px\" \/><figcaption class=\"wp-element-caption\">Vuelta al cole en el colegio la Inmaculada de Paiporta, el 4 de diciembre<\/figcaption><\/figure>\n\n\n\n<figure class=\"wp-block-image size-large\"><img loading=\"lazy\" decoding=\"async\" width=\"1024\" height=\"706\" data-id=\"21\" src=\"https:\/\/especiales-hub.prensaiberica.es\/valencia-por-la-reconstruccion\/wp-content\/uploads\/2024\/12\/4-1024x706.jpg\" alt=\"\" class=\"wp-image-21\" srcset=\"https:\/\/especiales-hub.prensaiberica.es\/valencia-por-la-reconstruccion\/wp-content\/uploads\/2024\/12\/4-1024x706.jpg 1024w, https:\/\/especiales-hub.prensaiberica.es\/valencia-por-la-reconstruccion\/wp-content\/uploads\/2024\/12\/4-300x207.jpg 300w, https:\/\/especiales-hub.prensaiberica.es\/valencia-por-la-reconstruccion\/wp-content\/uploads\/2024\/12\/4-768x530.jpg 768w, https:\/\/especiales-hub.prensaiberica.es\/valencia-por-la-reconstruccion\/wp-content\/uploads\/2024\/12\/4.jpg 1092w\" sizes=\"auto, (max-width: 1024px) 100vw, 1024px\" \/><figcaption class=\"wp-element-caption\">Reapertura de la circulaci\u00f3n en el puente de Bu\u00f1ol, que conecta el municipio con Y\u00e1tova, Alborache y Macastre por la CV-425<\/figcaption><\/figure>\n\n\n\n<figure class=\"wp-block-image size-large\"><img loading=\"lazy\" decoding=\"async\" width=\"650\" height=\"977\" data-id=\"20\" src=\"https:\/\/especiales-hub.prensaiberica.es\/valencia-por-la-reconstruccion\/wp-content\/uploads\/2024\/12\/3.jpg\" alt=\"\" class=\"wp-image-20\" srcset=\"https:\/\/especiales-hub.prensaiberica.es\/valencia-por-la-reconstruccion\/wp-content\/uploads\/2024\/12\/3.jpg 650w, https:\/\/especiales-hub.prensaiberica.es\/valencia-por-la-reconstruccion\/wp-content\/uploads\/2024\/12\/3-200x300.jpg 200w\" sizes=\"auto, (max-width: 650px) 100vw, 650px\" \/><figcaption class=\"wp-element-caption\">Reparaci\u00f3n de las v\u00edas del tren y acondicionamiento de estaciones afectadas, en Catarroja<\/figcaption><\/figure>\n\n\n\n<figure class=\"wp-block-image size-large\"><img loading=\"lazy\" decoding=\"async\" width=\"1092\" height=\"791\" data-id=\"19\" src=\"https:\/\/especiales-hub.prensaiberica.es\/valencia-por-la-reconstruccion\/wp-content\/uploads\/2024\/12\/2-1024x742.jpg\" alt=\"\" class=\"wp-image-19\" srcset=\"https:\/\/especiales-hub.prensaiberica.es\/valencia-por-la-reconstruccion\/wp-content\/uploads\/2024\/12\/2-1024x742.jpg 1024w, https:\/\/especiales-hub.prensaiberica.es\/valencia-por-la-reconstruccion\/wp-content\/uploads\/2024\/12\/2-300x217.jpg 300w, https:\/\/especiales-hub.prensaiberica.es\/valencia-por-la-reconstruccion\/wp-content\/uploads\/2024\/12\/2-768x556.jpg 768w, https:\/\/especiales-hub.prensaiberica.es\/valencia-por-la-reconstruccion\/wp-content\/uploads\/2024\/12\/2.jpg 1092w\" sizes=\"auto, (max-width: 1092px) 100vw, 1092px\" \/><figcaption class=\"wp-element-caption\">Una mujer cruza el puente provisional en Picanya construido por el Ej\u00e9rcito<\/figcaption><\/figure>\n<\/figure>\n\n\n\n<p><\/p>\n\n\n\n<h2 class=\"wp-block-heading\">Restablecimiento de los servicios<\/h2>\n\n\n\n<p><br>Asimismo, el paso de la dana por la provincia de Val\u00e8ncia dej\u00f3 a cientos de miles de personas sin servicios b\u00e1sicos como la sanidad, la educaci\u00f3n, el suministro el\u00e9ctrico, el de agua potable o la conectividad m\u00f3vil, entre otros. Durante los d\u00edas y semanas posteriores a la tragedia, miles de profesionales y voluntarios se han volcado con tal de restablecer estos servicios esenciales en los municipios afectados.<br><br>As\u00ed pues, la riada aneg\u00f3 114 centros educativos y dej\u00f3 sin clases a miles de estudiantes que tuvieron que ser realojados en otros centros. Un mes despu\u00e9s, 40.000 de ellos ya han vuelto a clase en sus municipios y tan solo quedan 18 escuelas por abrir.<br><br>Lo mismo ocurre en los 117 centros de salud afectados por la dana \u2014a diferentes niveles\u2014 y que atienden a m\u00e1s de 780.000 valencianos. Tras semanas de trabajo intenso para restablecer el servicio, actualmente el 90 % de ellos han recuperado su actividad normal y los cinco m\u00e1s castigados han iniciado ya los trabajos de reconstrucci\u00f3n.<br><br>Respecto al suministro el\u00e9ctrico, cabe destacar la labor realizada por Iberdrola desde el d\u00eda siguiente a la tragedia. La compa\u00f1\u00eda moviliz\u00f3 a 500 profesionales y, en tan solo una semana, logr\u00f3 reparar el 99 % de la red el\u00e9ctrica afectada, que dej\u00f3 a 155.000 usuarios sin suministro. Tambi\u00e9n se ha recuperado el servicio fijo de telefon\u00eda para 220.000 clientes a trav\u00e9s de la instalaci\u00f3n de antenas m\u00f3viles en algunos municipios afectados, como Picanya&nbsp; o Paiporta.<br><br>Por \u00faltimo, respecto al suministro de agua potable, la colaboraci\u00f3n entre los diferentes municipios ha permitido salir r\u00e1pido de una emergencia provocada por la rotura del canal J\u00facar-Turia, que conecta las potabilizadoras de Picassent y Manises. En este sentido, la Confederaci\u00f3n Hidrogr\u00e1fica del J\u00facar (CHJ) ha anunciado la adjudicaci\u00f3n de unos 57 millones de euros en obras de emergencia para reparar los da\u00f1os ocasionados en sus infraestructuras hidr\u00e1ulicas.<\/p>\n","protected":false},"excerpt":{"rendered":"<p>Administraciones p\u00fablicas y empresas han puesto sobre la mesa m\u00e1s de 17.000 millones de euros, de<br \/>\nmomento, para hacer frente a los da\u00f1os causados por el temporal en viviendas, coches y mercantiles<\/p>\n","protected":false},"author":12,"featured_media":18,"comment_status":"closed","ping_status":"closed","sticky":false,"template":"","format":"standard","meta":{"footnotes":""},"categories":[21],"tags":[],"class_list":["post-16","post","type-post","status-publish","format-standard","has-post-thumbnail","hentry","category-apertura"],"_links":{"self":[{"href":"https:\/\/especiales-hub.prensaiberica.es\/valencia-por-la-reconstruccion\/wp-json\/wp\/v2\/posts\/16","targetHints":{"allow":["GET"]}}],"collection":[{"href":"https:\/\/especiales-hub.prensaiberica.es\/valencia-por-la-reconstruccion\/wp-json\/wp\/v2\/posts"}],"about":[{"href":"https:\/\/especiales-hub.prensaiberica.es\/valencia-por-la-reconstruccion\/wp-json\/wp\/v2\/types\/post"}],"author":[{"embeddable":true,"href":"https:\/\/especiales-hub.prensaiberica.es\/valencia-por-la-reconstruccion\/wp-json\/wp\/v2\/users\/12"}],"replies":[{"embeddable":true,"href":"https:\/\/especiales-hub.prensaiberica.es\/valencia-por-la-reconstruccion\/wp-json\/wp\/v2\/comments?post=16"}],"version-history":[{"count":0,"href":"https:\/\/especiales-hub.prensaiberica.es\/valencia-por-la-reconstruccion\/wp-json\/wp\/v2\/posts\/16\/revisions"}],"wp:featuredmedia":[{"embeddable":true,"href":"https:\/\/especiales-hub.prensaiberica.es\/valencia-por-la-reconstruccion\/wp-json\/wp\/v2\/media\/18"}],"wp:attachment":[{"href":"https:\/\/especiales-hub.prensaiberica.es\/valencia-por-la-reconstruccion\/wp-json\/wp\/v2\/media?parent=16"}],"wp:term":[{"taxonomy":"category","embeddable":true,"href":"https:\/\/especiales-hub.prensaiberica.es\/valencia-por-la-reconstruccion\/wp-json\/wp\/v2\/categories?post=16"},{"taxonomy":"post_tag","embeddable":true,"href":"https:\/\/especiales-hub.prensaiberica.es\/valencia-por-la-reconstruccion\/wp-json\/wp\/v2\/tags?post=16"}],"curies":[{"name":"wp","href":"https:\/\/api.w.org\/{rel}","templated":true}]}}