{"id":166,"date":"2024-12-11T12:26:59","date_gmt":"2024-12-11T11:26:59","guid":{"rendered":"https:\/\/especiales-hub.prensaiberica.es\/valencia-por-la-reconstruccion\/?p=166"},"modified":"2024-12-13T13:40:17","modified_gmt":"2024-12-13T12:40:17","slug":"arcelormittal-donara-equipos-informaticos-a-los-colegios","status":"publish","type":"post","link":"https:\/\/especiales-hub.prensaiberica.es\/valencia-por-la-reconstruccion\/impulsores\/arcelormittal-donara-equipos-informaticos-a-los-colegios\/","title":{"rendered":"ArcelorMittal donar\u00e1 equipos inform\u00e1ticos a los colegios"},"content":{"rendered":"\n<h2 class=\"wp-block-heading\">La compa\u00f1\u00eda, con la colaboraci\u00f3n de casi todas sus instalaciones en Espa\u00f1a, ha entregado material a municipios como Catarroja, Sedav\u00ed, Benet\u00fasser o Paiporta<\/h2>\n\n\n\n<div style=\"height:30px\" aria-hidden=\"true\" class=\"wp-block-spacer\"><\/div>\n\n\n\n<p>La vida en los municipios afectados por los efectos de la dana est\u00e1 todav\u00eda lejos de reco- brar su normalidad en pr\u00e1cticamente todos los aspectos cotidianos. La educaci\u00f3n no es ninguna excepci\u00f3n. Se estima que la cat\u00e1strofe natural ha provocado la interrupci\u00f3n de las clases para m\u00e1s de 15.000 estudiantes de los 70 municipios afectados.<\/p>\n\n\n\n<p>Mientras cientos de voluntarios, el profesorado y los padres y madres se vuelcan en las labores de limpieza y retirada del fango de las paredes y el suelo de los colegios e institutos, la actividad educativa no puede detenerse, ya que significar\u00eda poner en riesgo el desarrollo acad\u00e9mico del alumnado. As\u00ed pues, el alargamiento de esta situaci\u00f3n ha llevado a la comunidad educativa a recuperar las clases virtuales.<\/p>\n\n\n\n<figure class=\"wp-block-image size-large\"><img loading=\"lazy\" decoding=\"async\" width=\"1024\" height=\"618\" src=\"https:\/\/especiales-hub.prensaiberica.es\/valencia-por-la-reconstruccion\/wp-content\/uploads\/2024\/12\/El-texto-del-parrafo-1-1024x618.jpg\" alt=\"\" class=\"wp-image-185\" srcset=\"https:\/\/especiales-hub.prensaiberica.es\/valencia-por-la-reconstruccion\/wp-content\/uploads\/2024\/12\/El-texto-del-parrafo-1-1024x618.jpg 1024w, https:\/\/especiales-hub.prensaiberica.es\/valencia-por-la-reconstruccion\/wp-content\/uploads\/2024\/12\/El-texto-del-parrafo-1-300x181.jpg 300w, https:\/\/especiales-hub.prensaiberica.es\/valencia-por-la-reconstruccion\/wp-content\/uploads\/2024\/12\/El-texto-del-parrafo-1-768x464.jpg 768w, https:\/\/especiales-hub.prensaiberica.es\/valencia-por-la-reconstruccion\/wp-content\/uploads\/2024\/12\/El-texto-del-parrafo-1-1536x927.jpg 1536w, https:\/\/especiales-hub.prensaiberica.es\/valencia-por-la-reconstruccion\/wp-content\/uploads\/2024\/12\/El-texto-del-parrafo-1.jpg 1816w\" sizes=\"auto, (max-width: 1024px) 100vw, 1024px\" \/><\/figure>\n\n\n\n<div style=\"height:30px\" aria-hidden=\"true\" class=\"wp-block-spacer\"><\/div>\n\n\n\n<p>Pero en la soluci\u00f3n reside el problema para aquellas personas que han tenido la desgracia de perderlo todo y entre los bienes materiales siniestrados se encuentran los equipos inform\u00e1ticos que tanta falta hacen ahora para que los alumnos puedan continuar con su educaci\u00f3n y seguir las clases online.<\/p>\n\n\n\n<p>Ante esta situaci\u00f3n, ArcelorMittal Sagunto, junto al Cl\u00faster Asturias, ha reaccionado r\u00e1pido y ya tiene preparados cin- cuenta ordenadores port\u00e1tiles y de sobre- mesa que entregar\u00e1 en los pr\u00f3ximos d\u00edas en colegios p\u00fablicos de localidades como Benet\u00fasser, Paiporta y Catarroja.<\/p>\n\n\n\n<figure class=\"wp-block-gallery has-nested-images columns-default is-cropped wp-block-gallery-1 is-layout-flex wp-block-gallery-is-layout-flex\">\n<figure class=\"wp-block-image size-large\"><img loading=\"lazy\" decoding=\"async\" width=\"619\" height=\"569\" data-id=\"188\" src=\"https:\/\/especiales-hub.prensaiberica.es\/valencia-por-la-reconstruccion\/wp-content\/uploads\/2024\/12\/pag55-1.jpg\" alt=\"\" class=\"wp-image-188\" srcset=\"https:\/\/especiales-hub.prensaiberica.es\/valencia-por-la-reconstruccion\/wp-content\/uploads\/2024\/12\/pag55-1.jpg 619w, https:\/\/especiales-hub.prensaiberica.es\/valencia-por-la-reconstruccion\/wp-content\/uploads\/2024\/12\/pag55-1-300x276.jpg 300w\" sizes=\"auto, (max-width: 619px) 100vw, 619px\" \/><\/figure>\n\n\n\n<figure class=\"wp-block-image size-large\"><img loading=\"lazy\" decoding=\"async\" width=\"619\" height=\"568\" data-id=\"189\" src=\"https:\/\/especiales-hub.prensaiberica.es\/valencia-por-la-reconstruccion\/wp-content\/uploads\/2024\/12\/pag55-2.jpg\" alt=\"\" class=\"wp-image-189\" srcset=\"https:\/\/especiales-hub.prensaiberica.es\/valencia-por-la-reconstruccion\/wp-content\/uploads\/2024\/12\/pag55-2.jpg 619w, https:\/\/especiales-hub.prensaiberica.es\/valencia-por-la-reconstruccion\/wp-content\/uploads\/2024\/12\/pag55-2-300x275.jpg 300w\" sizes=\"auto, (max-width: 619px) 100vw, 619px\" \/><\/figure>\n\n\n\n<figure class=\"wp-block-image size-large\"><img loading=\"lazy\" decoding=\"async\" width=\"619\" height=\"567\" data-id=\"190\" src=\"https:\/\/especiales-hub.prensaiberica.es\/valencia-por-la-reconstruccion\/wp-content\/uploads\/2024\/12\/pag55-3.jpg\" alt=\"\" class=\"wp-image-190\" srcset=\"https:\/\/especiales-hub.prensaiberica.es\/valencia-por-la-reconstruccion\/wp-content\/uploads\/2024\/12\/pag55-3.jpg 619w, https:\/\/especiales-hub.prensaiberica.es\/valencia-por-la-reconstruccion\/wp-content\/uploads\/2024\/12\/pag55-3-300x275.jpg 300w\" sizes=\"auto, (max-width: 619px) 100vw, 619px\" \/><\/figure>\n<figcaption class=\"blocks-gallery-caption wp-element-caption\">ArcelorMittal en Espa\u00f1a ha puesto en marcha una intensa campa\u00f1a de donaci\u00f3n de productos en las zonas afectadas por la dana. | ArcelorMittal<\/figcaption><\/figure>\n\n\n\n<div style=\"height:30px\" aria-hidden=\"true\" class=\"wp-block-spacer\"><\/div>\n\n\n\n<p>Hasta el momento, la empresa, con la colaboraci\u00f3n de casi todas las instalaciones de<a href=\"https:\/\/spain.arcelormittal.com\/\" target=\"_blank\" data-type=\"link\" data-id=\"https:\/\/spain.arcelormittal.com\/\" rel=\"noreferrer noopener nofollow\"> ArcelorMittal en Espa\u00f1a<\/a>, ha puesto en marcha una intensa campa\u00f1a de donaci\u00f3n de productos que han sido transportadas a Catarroja, Sedav\u00ed, Benet\u00fasser y Paiporta. Adem\u00e1s de las entregas de material, tan importante o m\u00e1s ha sido la presencia de personal t\u00e9cnico especialista en electricidad, mec\u00e1nica o utilizaci\u00f3n de bombas de achique de agua y lodos. Menci\u00f3n especial para los 50 voluntarios directos de Sagunt que se han desplazado a la zo- na cr\u00edtica y a la veintena de bomberos de las Avil\u00e9s y Gij\u00f3n que se han integrado en las brigadas oficiales del parque de Bomberos de Sagunt<\/p>\n","protected":false},"excerpt":{"rendered":"<p>La compa\u00f1\u00eda, con la colaboraci\u00f3n de casi todas sus instalaciones en Espa\u00f1a, ha entregado material a municipios como Catarroja, Sedav\u00ed, Benet\u00fasser o Paiporta La vida en los municipios afectados por los efectos de la dana est\u00e1 todav\u00eda lejos de reco- brar su normalidad en pr\u00e1cticamente todos los aspectos cotidianos. La educaci\u00f3n no es ninguna excepci\u00f3n. [&hellip;]<\/p>\n","protected":false},"author":16,"featured_media":186,"comment_status":"closed","ping_status":"closed","sticky":false,"template":"","format":"standard","meta":{"footnotes":""},"categories":[17],"tags":[],"class_list":["post-166","post","type-post","status-publish","format-standard","has-post-thumbnail","hentry","category-impulsores"],"_links":{"self":[{"href":"https:\/\/especiales-hub.prensaiberica.es\/valencia-por-la-reconstruccion\/wp-json\/wp\/v2\/posts\/166","targetHints":{"allow":["GET"]}}],"collection":[{"href":"https:\/\/especiales-hub.prensaiberica.es\/valencia-por-la-reconstruccion\/wp-json\/wp\/v2\/posts"}],"about":[{"href":"https:\/\/especiales-hub.prensaiberica.es\/valencia-por-la-reconstruccion\/wp-json\/wp\/v2\/types\/post"}],"author":[{"embeddable":true,"href":"https:\/\/especiales-hub.prensaiberica.es\/valencia-por-la-reconstruccion\/wp-json\/wp\/v2\/users\/16"}],"replies":[{"embeddable":true,"href":"https:\/\/especiales-hub.prensaiberica.es\/valencia-por-la-reconstruccion\/wp-json\/wp\/v2\/comments?post=166"}],"version-history":[{"count":0,"href":"https:\/\/especiales-hub.prensaiberica.es\/valencia-por-la-reconstruccion\/wp-json\/wp\/v2\/posts\/166\/revisions"}],"wp:featuredmedia":[{"embeddable":true,"href":"https:\/\/especiales-hub.prensaiberica.es\/valencia-por-la-reconstruccion\/wp-json\/wp\/v2\/media\/186"}],"wp:attachment":[{"href":"https:\/\/especiales-hub.prensaiberica.es\/valencia-por-la-reconstruccion\/wp-json\/wp\/v2\/media?parent=166"}],"wp:term":[{"taxonomy":"category","embeddable":true,"href":"https:\/\/especiales-hub.prensaiberica.es\/valencia-por-la-reconstruccion\/wp-json\/wp\/v2\/categories?post=166"},{"taxonomy":"post_tag","embeddable":true,"href":"https:\/\/especiales-hub.prensaiberica.es\/valencia-por-la-reconstruccion\/wp-json\/wp\/v2\/tags?post=166"}],"curies":[{"name":"wp","href":"https:\/\/api.w.org\/{rel}","templated":true}]}}