{"id":174,"date":"2024-12-11T12:41:07","date_gmt":"2024-12-11T11:41:07","guid":{"rendered":"https:\/\/especiales-hub.prensaiberica.es\/valencia-por-la-reconstruccion\/?p=174"},"modified":"2024-12-11T12:41:07","modified_gmt":"2024-12-11T11:41:07","slug":"la-rapida-reposicion-del-suministro-electrico-clave-tras-la-dana","status":"publish","type":"post","link":"https:\/\/especiales-hub.prensaiberica.es\/valencia-por-la-reconstruccion\/impulsores\/la-rapida-reposicion-del-suministro-electrico-clave-tras-la-dana\/","title":{"rendered":"La r\u00e1pida reposici\u00f3n del suministro el\u00e9ctrico, clave tras la dana"},"content":{"rendered":"\n<h2 class=\"wp-block-heading\">La empresa moviliz\u00f3 desde el primer momento a unas 500 personas para la reparaci\u00f3n de las instalaciones afectadas<\/h2>\n\n\n\n<div style=\"height:30px\" aria-hidden=\"true\" class=\"wp-block-spacer\"><\/div>\n\n\n\n<p>El paso de la dana por la provincia de Valencia provoc\u00f3 incidencias en el suministro el\u00e9ctrico en las zonas por las que discurre el barranco del Poyo, el r\u00edo Magro y cabecera del r\u00edo T\u00faria. La tipolog\u00eda de las incidencias ha sido muy variada, desde torres de alta tensi\u00f3n derribadas por los diferentes tornados en la zona de Carlet y Catadau, hasta el arrastre de apoyos de l\u00edneas de media tensi\u00f3n por la fuerza del paso del agua y la inundaci\u00f3n de dos subestaciones transformadoras y de numerosos centros de transformaci\u00f3n por el elevado nivel de agua y barro que se alcanz\u00f3 en la mayor\u00eda de las poblaciones<br>afectadas.<\/p>\n\n\n\n<p>Desde un primer momento, <strong><a href=\"https:\/\/www.iberdrola.es\/\" target=\"_blank\" rel=\"noreferrer noopener nofollow\">Iberdrola<\/a><\/strong> moviliz\u00f3 entre personal propio y de empresas contratistas, a aproximadamente 500 personas tanto de la Comunitat Valenciana como de otras regiones del resto de Espa\u00f1a para proceder a la reposici\u00f3n del suministro el\u00e9ctrico y a la reparaci\u00f3n de las instalaciones afectadas conforme iba siendo posible el acceso. M\u00e1s de 200 personas se desplazaron el primer d\u00eda (propios y de empresas contratistas) desde fuera de la provincia de Valencia para apoyar tanto en trabajos a pie de campo como en reforzar y relevar al personal que opera los centros de control.<\/p>\n\n\n\n<p>La r\u00e1pida actuaci\u00f3n y la movilizaci\u00f3n por parte de la compa\u00f1\u00eda de todos los recursos de los que tuvo a disposici\u00f3n permiti\u00f3 recuperar aproximadamente 90% del suministro el\u00e9ctrico afectado en apenas 48 horas y en poco m\u00e1s de 72 ya estaba pr\u00e1cticamente todo repuesto.<\/p>\n\n\n\n<p>La digitalizaci\u00f3n de las instalaciones de distribuci\u00f3n, unida al trabajo humano, ha permitido una recuperaci\u00f3n del suministro el\u00e9ctrico de una forma muy r\u00e1pida teniendo en cuenta las circunstancias en las que se encontraban las zonas afectadas. Una vez con las instalaciones en servicio, la empresa se est\u00e1 centrando en la fase de reconstrucci\u00f3n de las instalaciones afectadas en la provincia.<\/p>\n\n\n\n<p>La compa\u00f1\u00eda ha dispuesto durante la dana m\u00e1s de 120 grupos electr\u00f3genos y ha llevado a cabo su conexi\u00f3n en m\u00e1s de 250 ubicaciones (se iban retirando en cuanto se recuperaba el suministro y se volv\u00edan a instalar donde eran necesarios). Adem\u00e1s, ha reparado aproximadamente 4.000 incidencias de baja tensi\u00f3n y ha movilizados m\u00e1s de 25 camiones con material el\u00e9ctrico. <\/p>\n\n\n\n<figure class=\"wp-block-image size-large\"><img loading=\"lazy\" decoding=\"async\" width=\"1024\" height=\"680\" src=\"https:\/\/especiales-hub.prensaiberica.es\/valencia-por-la-reconstruccion\/wp-content\/uploads\/2024\/12\/pag58-2-1024x680.jpg\" alt=\"\" class=\"wp-image-182\" srcset=\"https:\/\/especiales-hub.prensaiberica.es\/valencia-por-la-reconstruccion\/wp-content\/uploads\/2024\/12\/pag58-2-1024x680.jpg 1024w, https:\/\/especiales-hub.prensaiberica.es\/valencia-por-la-reconstruccion\/wp-content\/uploads\/2024\/12\/pag58-2-300x199.jpg 300w, https:\/\/especiales-hub.prensaiberica.es\/valencia-por-la-reconstruccion\/wp-content\/uploads\/2024\/12\/pag58-2-768x510.jpg 768w, https:\/\/especiales-hub.prensaiberica.es\/valencia-por-la-reconstruccion\/wp-content\/uploads\/2024\/12\/pag58-2.jpg 1173w\" sizes=\"auto, (max-width: 1024px) 100vw, 1024px\" \/><figcaption class=\"wp-element-caption\">Operarios de Iberdrola en los primeros trabajos reposici\u00f3n suministro tras la dana.<\/figcaption><\/figure>\n\n\n\n<p>Como parte de esta respuesta, la compa\u00f1\u00eda tambi\u00e9n reforz\u00f3 los diferentes canales de atenci\u00f3n a los clientes, mantuvo la informaci\u00f3n actualizada en sus canales digitales, y procedi\u00f3 al env\u00edo de comunicaciones (correos electr\u00f3nicos y mensajes de texto) a los clientes afectados.<\/p>\n\n\n\n<p>La empresa ha estado en permanente contacto con las distintas administraciones p\u00fablicas (estatal, auton\u00f3mica y local) para informar de la situaci\u00f3n y de su evoluci\u00f3n y al formar parte del Cecopi, que est\u00e1 coordinando la emergencia.<\/p>\n\n\n\n<p>Una vez repuesto gran parte del suministro, la distribuidora de Iberdrola contact\u00f3 con las diferentes administraciones correspondientes y con asociaciones de instaladores para ayudar en la medida de lo posible en la coordinaci\u00f3n de los trabajos de reposici\u00f3n de servicio a clientes en sus instalaciones<br>particulares. Iberdrola se ha sumado a la colaboraci\u00f3n puesta en marcha entre la Generalitat Valenciana, a trav\u00e9s de la Conselleria de Innovaci\u00f3n e Industria, y la Federaci\u00f3n Empresarial Metal\u00fargica Valenciana (Femeval) para el env\u00edo de brigadas de instaladores el\u00e9ctricos a los edificios y viviendas afectados por las inundaciones, que se encargar\u00e1n de la revisi\u00f3n y reparaci\u00f3n de las instalaciones el\u00e9ctricas de enlace y en la comprobaci\u00f3n de los cuadros el\u00e9ctricos.<\/p>\n\n\n\n<h3 class=\"wp-block-heading\">Centrales de generaci\u00f3n el\u00e9ctrica<\/h3>\n\n\n\n<p>La serie de tornados que gener\u00f3 la dana durante su paso por la provincia de Valencia provoc\u00f3 la ca\u00edda de varias l\u00edneas de transporte (REE) y distribuci\u00f3n (i-DE, Iberdrola) de electricidad de muy alta y alta tensi\u00f3n en la subestaci\u00f3n transformadora de Catadau que pusieron en un aprieto al sistema el\u00e9ctrico por la dificultad para mantener el equilibrio energ\u00e9tico en la zona, lo que hubiera agravado la situaci\u00f3n provocada por las inundaciones.<\/p>\n\n\n\n<blockquote class=\"wp-block-quote is-layout-flow wp-block-quote-is-layout-flow\">\n<p>La compa\u00f1\u00eda ha estado en permanente contacto con las distintas administraciones p\u00fablicas para informar<br>de la situaci\u00f3n<\/p>\n\n\n\n<div style=\"height:30px\" aria-hidden=\"true\" class=\"wp-block-spacer\"><\/div>\n<\/blockquote>\n\n\n\n<p>Las principales centrales de generaci\u00f3n en la Comunitat Valenciana (central nuclear de Cofrentes, central hidroel\u00e9ctrica de bombeo de La Muela y ciclo combinado de Castell\u00f3n, gestionadas por Iberdrola) fueron fundamentales para garantizar el suministro el\u00e9ctrico de la provincia de Valencia y evitar un apag\u00f3n generalizado.<\/p>\n\n\n\n<p>Las primeras oscilaciones en la red de transporte provocaron que la central nuclear de Cofrentes tomara la decisi\u00f3n de reducir la carga de la planta para evitar que se produjera un disparo de la central por la inestabilidad en la tensi\u00f3n debido a la ca\u00edda de la infraestructura del entorno de la subestaci\u00f3n de Catadau.<\/p>\n\n\n\n<p>La maniobra de reducci\u00f3n de carga permiti\u00f3 a la central continuar generando energ\u00eda a pesar de la inestabilidad existente en la red y logr\u00f3 contribuir a continuar inyectando electricidad al sistema. El operador de red, ante la urgente necesidad de salvaguardar el suministro el\u00e9ctrico en la zona, solicit\u00f3 la entrada en funcionamiento de la central hidroel\u00e9ctrica de La Muela, que en cuesti\u00f3n de minutos coment\u00f3 a operar con toda la capacidad disponible. <\/p>\n\n\n\n<p>Su puesta en marcha en tan poco tiempo demostr\u00f3 que la tecnolog\u00eda hidroel\u00e9ctrica de bombeo es actualmente el sistema m\u00e1s eficiente para almacenar energ\u00eda a gran escala ya que aporta estabilidad, seguridad y sostenibilidad al sistema el\u00e9ctrico al generar\/consumir gran cantidad de energ\u00eda con un tiempo de respuesta muy r\u00e1pido.<\/p>\n\n\n\n<p>Otro de los grandes centros de producci\u00f3n de energ\u00eda en la comunidad aut\u00f3noma, la central de ciclo combinado de Castell\u00f3n, tuvo que ponerse en marcha de forma urgente, acortando los plazos habituales de los procesos conexi\u00f3n, para contribuir a la garant\u00eda del suministro el\u00e9ctrico.<\/p>\n\n\n\n<p>La central nuclear de Cofrentes, la central hidroel\u00e9ctrica de bombeo de La Muela (Cortes de Pall\u00e1s) y el ciclo combinado de Castell\u00f3n suman m\u00e1s de 4.200 megavatios (MW) de potencia instalada que suponen una garant\u00eda para el suministro el\u00e9ctrico de la C. Valenciana. Adem\u00e1s, aportan al sistema energ\u00e9tico una gran posibilidad de operatividad por sus diferentes capacidades t\u00e9cnicas y su importante papel como centros generadores de electricidad.<br><\/p>\n","protected":false},"excerpt":{"rendered":"<p>La empresa moviliz\u00f3 desde el primer momento a unas 500 personas para la reparaci\u00f3n de las instalaciones afectadas El paso de la dana por la provincia de Valencia provoc\u00f3 incidencias en el suministro el\u00e9ctrico en las zonas por las que discurre el barranco del Poyo, el r\u00edo Magro y cabecera del r\u00edo T\u00faria. La tipolog\u00eda [&hellip;]<\/p>\n","protected":false},"author":30,"featured_media":175,"comment_status":"closed","ping_status":"closed","sticky":false,"template":"","format":"standard","meta":{"footnotes":""},"categories":[17],"tags":[],"class_list":["post-174","post","type-post","status-publish","format-standard","has-post-thumbnail","hentry","category-impulsores"],"_links":{"self":[{"href":"https:\/\/especiales-hub.prensaiberica.es\/valencia-por-la-reconstruccion\/wp-json\/wp\/v2\/posts\/174","targetHints":{"allow":["GET"]}}],"collection":[{"href":"https:\/\/especiales-hub.prensaiberica.es\/valencia-por-la-reconstruccion\/wp-json\/wp\/v2\/posts"}],"about":[{"href":"https:\/\/especiales-hub.prensaiberica.es\/valencia-por-la-reconstruccion\/wp-json\/wp\/v2\/types\/post"}],"author":[{"embeddable":true,"href":"https:\/\/especiales-hub.prensaiberica.es\/valencia-por-la-reconstruccion\/wp-json\/wp\/v2\/users\/30"}],"replies":[{"embeddable":true,"href":"https:\/\/especiales-hub.prensaiberica.es\/valencia-por-la-reconstruccion\/wp-json\/wp\/v2\/comments?post=174"}],"version-history":[{"count":0,"href":"https:\/\/especiales-hub.prensaiberica.es\/valencia-por-la-reconstruccion\/wp-json\/wp\/v2\/posts\/174\/revisions"}],"wp:featuredmedia":[{"embeddable":true,"href":"https:\/\/especiales-hub.prensaiberica.es\/valencia-por-la-reconstruccion\/wp-json\/wp\/v2\/media\/175"}],"wp:attachment":[{"href":"https:\/\/especiales-hub.prensaiberica.es\/valencia-por-la-reconstruccion\/wp-json\/wp\/v2\/media?parent=174"}],"wp:term":[{"taxonomy":"category","embeddable":true,"href":"https:\/\/especiales-hub.prensaiberica.es\/valencia-por-la-reconstruccion\/wp-json\/wp\/v2\/categories?post=174"},{"taxonomy":"post_tag","embeddable":true,"href":"https:\/\/especiales-hub.prensaiberica.es\/valencia-por-la-reconstruccion\/wp-json\/wp\/v2\/tags?post=174"}],"curies":[{"name":"wp","href":"https:\/\/api.w.org\/{rel}","templated":true}]}}