{"id":178,"date":"2024-12-11T12:41:57","date_gmt":"2024-12-11T11:41:57","guid":{"rendered":"https:\/\/especiales-hub.prensaiberica.es\/valencia-por-la-reconstruccion\/?p=178"},"modified":"2024-12-11T12:42:57","modified_gmt":"2024-12-11T11:42:57","slug":"patatas-aguilar-avanza-en-su-recuperacion-saldremos-adelante","status":"publish","type":"post","link":"https:\/\/especiales-hub.prensaiberica.es\/valencia-por-la-reconstruccion\/afectados-por-la-dana\/patatas-aguilar-avanza-en-su-recuperacion-saldremos-adelante\/","title":{"rendered":"Patatas Aguilar avanza en su recuperaci\u00f3n: \u00abSaldremos adelante\u00bb"},"content":{"rendered":"\n<p>Las devastadoras inundaciones provocadas por la dana en Valencia han dejado una huella profunda en la Comunitat Valenciana, afectando viviendas, negocios y vidas. Patatas Aguilar, una de las empresas perjudicadas por este desastre, ha informado de los avances en la recuperaci\u00f3n de su actividad. Seg\u00fan Robert Aguilar, Responsable de Marketing, la compa\u00f1\u00eda est\u00e1 llevando a cabo \u00abtrabajos intensivos de limpieza, reparaci\u00f3n y sustituci\u00f3n de maquinaria clave\u00bb, con el objetivo de minimizar el impacto en sus operaciones.<\/p>\n\n\n\n<p>El equipo de Patatas Aguilar ha trabajado \u00abincansablemente\u00bb desde el primer momento \u00abpara garantizar la seguridad y el correcto funcionamiento de nuestras instalaciones\u00bb, asegura Aguilar, quien tambi\u00e9n agradece la paciencia de los clientes durante esta etapa. \u00abEstamos comprometidos en regresar m\u00e1s fuertes y seguir ofreciendo los productos de calidad que nos caracterizan\u00bb, afirma.<\/p>\n\n\n\n<p>Aguilar destaca la importancia de la colaboraci\u00f3n recibida durante estos momentos dif\u00edciles. \u00abHemos sido testigos de la solidaridad y el apoyo de una comunidad unida. Queremos expresar nuestro m\u00e1s profundo agradecimiento a todas las personas y equipos que han estado a nuestro lado durante estos d\u00edas: empleados que han trabajado incansablemente, proveedores que han ofrecido su ayuda desinteresada y con la urgencia precisa, agricultores que han mostrado un compromiso inquebrantable y personal externo que no ha dudado en unirse a las labores de recuperaci\u00f3n. Cada mano ha sido fundamental para avanzar en este proceso y nos ha recordado la importancia de trabajar juntos ante la adversidad\u00bb, explica, subrayando que cada gesto ha sido clave para avanzar en el proceso.<\/p>\n\n\n<div class=\"wp-block-image\">\n<figure class=\"aligncenter size-full\"><img loading=\"lazy\" decoding=\"async\" width=\"567\" height=\"551\" src=\"https:\/\/especiales-hub.prensaiberica.es\/valencia-por-la-reconstruccion\/wp-content\/uploads\/2024\/12\/pag54-2.jpg\" alt=\"\" class=\"wp-image-180\" srcset=\"https:\/\/especiales-hub.prensaiberica.es\/valencia-por-la-reconstruccion\/wp-content\/uploads\/2024\/12\/pag54-2.jpg 567w, https:\/\/especiales-hub.prensaiberica.es\/valencia-por-la-reconstruccion\/wp-content\/uploads\/2024\/12\/pag54-2-300x292.jpg 300w\" sizes=\"auto, (max-width: 567px) 100vw, 567px\" \/><\/figure>\n<\/div>\n\n\n<p>La empresa est\u00e1 totalmente comprometida con sus clientes en estos momentos tan complicados. \u00abEstamos finalizando los trabajos necesarios para reanudar nuestra actividad con normalidad. Agradecemos a nuestros clientes su confianza y paciencia mientras completamos esta etapa. Nuestro compromiso con quienes conf\u00edan en nosotros sigue siendo la prioridad que nos gu\u00eda cada d\u00eda y, aunque esta situaci\u00f3n nos ha puesto a prueba, nuestra dedicaci\u00f3n sigue intacta\u00bb, remarca Robert Aguilar.<\/p>\n\n\n\n<p>La dana tambi\u00e9n ha servido como recordatorio de la vulnerabilidad ante fen\u00f3menos naturales extremos, pero Aguilar insiste en que la resiliencia es una fuerza que permite superar cualquier adversidad. \u00abEstamos convencidos de que, juntos, saldremos adelante\u00bb, lanza como mensaje optimista.<\/p>\n","protected":false},"excerpt":{"rendered":"<p>La empresa anuncia avances significativos en la limpieza y reparaci\u00f3n y en breve retomar\u00e1 su producci\u00f3n<\/p>\n","protected":false},"author":15,"featured_media":179,"comment_status":"closed","ping_status":"closed","sticky":false,"template":"","format":"standard","meta":{"footnotes":""},"categories":[14],"tags":[],"class_list":["post-178","post","type-post","status-publish","format-standard","has-post-thumbnail","hentry","category-afectados-por-la-dana"],"_links":{"self":[{"href":"https:\/\/especiales-hub.prensaiberica.es\/valencia-por-la-reconstruccion\/wp-json\/wp\/v2\/posts\/178","targetHints":{"allow":["GET"]}}],"collection":[{"href":"https:\/\/especiales-hub.prensaiberica.es\/valencia-por-la-reconstruccion\/wp-json\/wp\/v2\/posts"}],"about":[{"href":"https:\/\/especiales-hub.prensaiberica.es\/valencia-por-la-reconstruccion\/wp-json\/wp\/v2\/types\/post"}],"author":[{"embeddable":true,"href":"https:\/\/especiales-hub.prensaiberica.es\/valencia-por-la-reconstruccion\/wp-json\/wp\/v2\/users\/15"}],"replies":[{"embeddable":true,"href":"https:\/\/especiales-hub.prensaiberica.es\/valencia-por-la-reconstruccion\/wp-json\/wp\/v2\/comments?post=178"}],"version-history":[{"count":0,"href":"https:\/\/especiales-hub.prensaiberica.es\/valencia-por-la-reconstruccion\/wp-json\/wp\/v2\/posts\/178\/revisions"}],"wp:featuredmedia":[{"embeddable":true,"href":"https:\/\/especiales-hub.prensaiberica.es\/valencia-por-la-reconstruccion\/wp-json\/wp\/v2\/media\/179"}],"wp:attachment":[{"href":"https:\/\/especiales-hub.prensaiberica.es\/valencia-por-la-reconstruccion\/wp-json\/wp\/v2\/media?parent=178"}],"wp:term":[{"taxonomy":"category","embeddable":true,"href":"https:\/\/especiales-hub.prensaiberica.es\/valencia-por-la-reconstruccion\/wp-json\/wp\/v2\/categories?post=178"},{"taxonomy":"post_tag","embeddable":true,"href":"https:\/\/especiales-hub.prensaiberica.es\/valencia-por-la-reconstruccion\/wp-json\/wp\/v2\/tags?post=178"}],"curies":[{"name":"wp","href":"https:\/\/api.w.org\/{rel}","templated":true}]}}