{"id":194,"date":"2024-12-11T12:36:32","date_gmt":"2024-12-11T11:36:32","guid":{"rendered":"https:\/\/especiales-hub.prensaiberica.es\/valencia-por-la-reconstruccion\/?p=194"},"modified":"2024-12-11T12:36:32","modified_gmt":"2024-12-11T11:36:32","slug":"velarte-resiliencia-tras-el-paso-de-la-dana","status":"publish","type":"post","link":"https:\/\/especiales-hub.prensaiberica.es\/valencia-por-la-reconstruccion\/afectados-por-la-dana\/velarte-resiliencia-tras-el-paso-de-la-dana\/","title":{"rendered":"Velarte, resiliencia tras el paso de la dana"},"content":{"rendered":"\n<p>La reciente dana que ha azotado Val\u00e8ncia ha dejado una huella imborrable en nuestra Comunitat Valenciana. En Velarte, empresa valenciana dedicada a la fabricaci\u00f3n de snacks de pan horneado con sede en Catarroja, hemos vivido de cerca el impacto devastador de esta tragedia. Nuestra f\u00e1brica e instalaciones, ubicadas en uno de los pueblos afectados, han sufrido da\u00f1os significativos. Sin embargo, la verdadera magnitud de esta cat\u00e1strofe se refleja en las vidas de nuestros ciudadanos, muchos de los cuales han perdido sus hogares, veh\u00edculos y lo peor, seres queridos.<\/p>\n\n\n\n<p>La noche en que la dana golpe\u00f3 con toda su fuerza, el pueblo valenciano vivi\u00f3 momentos de angustia y desesperaci\u00f3n. Las lluvias torrenciales y las inundaciones causaron estragos, dejando a su paso un panorama desolador. Nuestra f\u00e1brica qued\u00f3 destrozada, y durante d\u00edas, nos enfrentamos a la ardua tarea de retirar el lodo y el agua que invadieron nuestras instalaciones. Fue un proceso largo y doloroso, pero la determinaci\u00f3n y el esp\u00edritu de nuestra gente nunca flaquearon.<\/p>\n\n\n\n<p>La devastaci\u00f3n se extendi\u00f3 por innumerables pueblos que sufrieron graves da\u00f1os. Las calles quedaron anegadas, las viviendas destruidas y muchas infraestructuras esenciales quedaron inoperativas. La magnitud de la destrucci\u00f3n ha sido tal que seguimos luchando por recuperar la normalidad.<\/p>\n\n\n\n<p>A pesar de las adversidades, en Velarte no nos rendimos, y es por lo que hemos trabajado incansablemente para recuperar algo de normalidad. Nuestros trabajadores, con una fuerza y sacrificio admirables, se han unido para levantar la empresa y sus propias vidas. Cada d\u00eda, con esfuerzo y dedicaci\u00f3n, hemos logrado reanudar la producci\u00f3n de algunos de nuestros productos, un peque\u00f1o pero significativo paso hacia la recuperaci\u00f3n.<\/p>\n\n\n\n<p>La solidaridad y el apoyo han sido fundamentales en este proceso. Este respaldo nos ha permitido avanzar y mantener viva la esperanza de un futuro mejor. En Velarte confiamos que, aunque el camino sea dif\u00edcil, juntos superaremos el obst\u00e1culo.<\/p>\n\n\n\n<p>Queremos expresar nuestro m\u00e1s profundo agradecimiento a todos aquellos que nos han tendido una mano en estos momentos tan dif\u00edciles. Su generosidad y empat\u00eda nos han dado la fuerza necesaria para seguir adelante. Tambi\u00e9n queremos rendir homenaje a nuestros trabajadores, verdaderos h\u00e9roes que, a pesar de muchos haberlo perdido todo, han demostrado una resiliencia y un compromiso inquebrantables.<\/p>\n\n\n\n<p>Y este es sin duda el \u00fanico motivo por el que hemos de seguir, ganar fuerza para no dejar a nadie atr\u00e1s y recordar que la familia tambi\u00e9n viene de compa\u00f1eros, vecinos y an\u00f3nimos que no han dudado en dejar lo que estuvieran haciendo para coger un cepillo, una pala y la mejor de sus sonrisas para ayudar a nuestra tierra.<\/p>\n\n\n\n<p>En Velarte, primamos que por encima de todo est\u00e1n las personas y aunque la dana nos haya golpeado duramente, no podr\u00e1 evitar, que volvamos a levantarnos a trabajar con la misma pasi\u00f3n y dedicaci\u00f3n que siempre nos ha caracterizado. No perdemos la esperanza de que, poco a poco, podamos reconstruir no solo nuestra empresa, sino tambi\u00e9n las vidas de todos aquellos que han sido afectados. \u00a1Estamos decididos a salir adelante! Porque no nos podemos rendir, y porque, juntos, somos m\u00e1s fuertes.<\/p>\n","protected":false},"excerpt":{"rendered":"<p>La empresa valenciana ha sufrido da\u00f1os significativos en su f\u00e1brica e instalaciones ubicadas en Catarroja<\/p>\n","protected":false},"author":33,"featured_media":181,"comment_status":"closed","ping_status":"closed","sticky":false,"template":"","format":"standard","meta":{"footnotes":""},"categories":[14],"tags":[],"class_list":["post-194","post","type-post","status-publish","format-standard","has-post-thumbnail","hentry","category-afectados-por-la-dana"],"_links":{"self":[{"href":"https:\/\/especiales-hub.prensaiberica.es\/valencia-por-la-reconstruccion\/wp-json\/wp\/v2\/posts\/194","targetHints":{"allow":["GET"]}}],"collection":[{"href":"https:\/\/especiales-hub.prensaiberica.es\/valencia-por-la-reconstruccion\/wp-json\/wp\/v2\/posts"}],"about":[{"href":"https:\/\/especiales-hub.prensaiberica.es\/valencia-por-la-reconstruccion\/wp-json\/wp\/v2\/types\/post"}],"author":[{"embeddable":true,"href":"https:\/\/especiales-hub.prensaiberica.es\/valencia-por-la-reconstruccion\/wp-json\/wp\/v2\/users\/33"}],"replies":[{"embeddable":true,"href":"https:\/\/especiales-hub.prensaiberica.es\/valencia-por-la-reconstruccion\/wp-json\/wp\/v2\/comments?post=194"}],"version-history":[{"count":0,"href":"https:\/\/especiales-hub.prensaiberica.es\/valencia-por-la-reconstruccion\/wp-json\/wp\/v2\/posts\/194\/revisions"}],"wp:featuredmedia":[{"embeddable":true,"href":"https:\/\/especiales-hub.prensaiberica.es\/valencia-por-la-reconstruccion\/wp-json\/wp\/v2\/media\/181"}],"wp:attachment":[{"href":"https:\/\/especiales-hub.prensaiberica.es\/valencia-por-la-reconstruccion\/wp-json\/wp\/v2\/media?parent=194"}],"wp:term":[{"taxonomy":"category","embeddable":true,"href":"https:\/\/especiales-hub.prensaiberica.es\/valencia-por-la-reconstruccion\/wp-json\/wp\/v2\/categories?post=194"},{"taxonomy":"post_tag","embeddable":true,"href":"https:\/\/especiales-hub.prensaiberica.es\/valencia-por-la-reconstruccion\/wp-json\/wp\/v2\/tags?post=194"}],"curies":[{"name":"wp","href":"https:\/\/api.w.org\/{rel}","templated":true}]}}