{"id":197,"date":"2024-12-11T12:28:09","date_gmt":"2024-12-11T11:28:09","guid":{"rendered":"https:\/\/especiales-hub.prensaiberica.es\/valencia-por-la-reconstruccion\/?p=197"},"modified":"2024-12-11T12:28:09","modified_gmt":"2024-12-11T11:28:09","slug":"solo-nos-quedan-seis-farmacias-por-poner-en-funcionamiento","status":"publish","type":"post","link":"https:\/\/especiales-hub.prensaiberica.es\/valencia-por-la-reconstruccion\/impulsores\/solo-nos-quedan-seis-farmacias-por-poner-en-funcionamiento\/","title":{"rendered":"\u00abSolo nos quedan seis farmacias por poner en funcionamiento\u00bb"},"content":{"rendered":"\n<h2 class=\"wp-block-heading\">Vicente Colomer &#8211; Secretario del MICOF<\/h2>\n\n\n\n<div style=\"height:30px\" aria-hidden=\"true\" class=\"wp-block-spacer\"><\/div>\n\n\n\n<p>M\u00e1s de 400 farmacias se vieron afectadas por la dana que sacudi\u00f3 la provincia de Val\u00e8ncia el 29 de octubre. Un mes despu\u00e9s, el <strong><a href=\"https:\/\/www.micof.es\/\" target=\"_blank\" data-type=\"link\" data-id=\"https:\/\/www.micof.es\/\" rel=\"noreferrer noopener nofollow\">Muy Ilustre Colegio Oficial de Farmac\u00e9uticos de Valencia (MICOF)<\/a><\/strong> marca en m\u00e1s del 98% el grado de operatividad de los servicios farmac\u00e9uticos en las zonas afectadas.<\/p>\n\n\n\n<p><strong>\u00bfCu\u00e1l es la situaci\u00f3n actual del servicio farmac\u00e9utico en las zonas afectadas?<\/strong><\/p>\n\n\n\n<p>Solo nos quedan seis farmacias por poner de nuevo en funcionamiento. Estamos en m\u00e1s del 98% de operatividad en los municipios afectados. El servicio es pr\u00e1cticamente normal.<\/p>\n\n\n\n<p><strong>\u00bfC\u00f3mo se ha garantizado la atenci\u00f3n sanitaria en el \u00faltimo mes?<\/strong><\/p>\n\n\n\n<p>La distribuci\u00f3n fue llegando a medida que las farmacias iban abriendo, el problema se solucion\u00f3 muy r\u00e1pidamente, a los tres d\u00edas. Detectamos problemas para localizar algunas y desde el Colegio facilitamos informaci\u00f3n con las farmacias abiertas y los horarios en los que prestaban servicio. Nos afect\u00f3 a toda la provincia, pero todos los d\u00edas ten\u00edamos reposiciones de medicamentos en las farmacias activas.<\/p>\n\n\n\n<p><strong>En el caso de los tratamientos de las personas con enfermedades cr\u00f3nicas, \u00bfse ha llevado a cabo alguna actuaci\u00f3n especial?<\/strong><\/p>\n\n\n\n<p>Hay mucha medicaci\u00f3n que se puede utilizar fuera de los rangos de conservaci\u00f3n durante un periodo corto. En cuanto a los medicamentos hospitalarios, gracias al concierto que hicimos junto con Generalitat y Cruz Roja, llegan a los usuarios a trav\u00e9s de las farmacias, incluso domicilios. Lo mismo con los enfermos cr\u00f3nicos. Desde el Colegio creemos que se deber\u00eda elaborar un protocolo junto con la Conselleria sobre c\u00f3mo actuar en situaciones catastr\u00f3ficas como esta para poder ayudar a los pacientes cr\u00f3nicos<br>a\u00fan mejor de lo que lo hemos hecho.<\/p>\n\n\n\n<p><strong>Desde el MICOF tambi\u00e9n se coordina una  red de farmac\u00e9uticos voluntarios. \u00bfC\u00f3mo ha sido la respuesta en este sentido?<\/strong><\/p>\n\n\n\n<p>M\u00e1s de 580 voluntarios realizaron m\u00e1s de mil intervenciones para cubrir las necesidades de cada paciente y las farmacias afectadas. En sus m\u00faltiples visitas a las localidades afectadas llevaron a cabo tareas de limpieza, ordenaci\u00f3n, clasificaci\u00f3n y atenci\u00f3n al usuario. Hicieron falta m\u00e1s manos para que el equipo<br>tambi\u00e9n pudiera descansar, incluso an\u00edmicamente, porque al principio los d\u00edas eran tan intensos que no paraban ni a comer.<\/p>\n\n\n\n<p><strong>\u00bfQu\u00e9 tipo de ayudas ha puesto en marcha el Colegio?<\/strong><\/p>\n\n\n\n<p>La primera fue conseguir que las farmacias pudieran prestar servicio. Para ello, el Colegio hizo una captaci\u00f3n de fondos para ayudar a las farmacias damnificadas. Tambi\u00e9n coordinamos el reparto de m\u00e1s de 65 elementos mobiliarios (estanter\u00edas, mostradores, mesas de clasificaci\u00f3n\u2026) para las farmacias devastadas. A su vez les facilitamos todos los medios inform\u00e1ticos para que pudieran consultar la receta<br>electr\u00f3nica y saber qu\u00e9 medicamentos requer\u00eda cada paciente. Por \u00faltimo, hemos aprobado que los farmac\u00e9uticos afectados est\u00e9n exentos de pagar la cuota colegial durante un tiempo determinado.<\/p>\n\n\n\n<p><strong>Hab\u00e9is incidido en la importancia de no donar medicamentos. \u00bfPor qu\u00e9?<\/strong><\/p>\n\n\n\n<p>La donaci\u00f3n de medicamentos se debe realizar a trav\u00e9s de procedimientos normalizados con una custodia profesional desde el principio, para evitar que se estropeen. Cada enfermo necesita un tratamiento pautado por un m\u00e9dico y ese es el medicamento que necesita, no el primero que salga de una bolsa de necesidades. No sabemos si ese medicamento se ha mojado o si ha estado en unas temperaturas extremas. Dar lo que nos sobra, con toda la buena voluntad, generalmente no es lo que se necesita.<\/p>\n","protected":false},"excerpt":{"rendered":"<p>Vicente Colomer &#8211; Secretario del MICOF M\u00e1s de 400 farmacias se vieron afectadas por la dana que sacudi\u00f3 la provincia de Val\u00e8ncia el 29 de octubre. Un mes despu\u00e9s, el Muy Ilustre Colegio Oficial de Farmac\u00e9uticos de Valencia (MICOF) marca en m\u00e1s del 98% el grado de operatividad de los servicios farmac\u00e9uticos en las zonas [&hellip;]<\/p>\n","protected":false},"author":34,"featured_media":198,"comment_status":"closed","ping_status":"closed","sticky":false,"template":"","format":"standard","meta":{"footnotes":""},"categories":[17],"tags":[],"class_list":["post-197","post","type-post","status-publish","format-standard","has-post-thumbnail","hentry","category-impulsores"],"_links":{"self":[{"href":"https:\/\/especiales-hub.prensaiberica.es\/valencia-por-la-reconstruccion\/wp-json\/wp\/v2\/posts\/197","targetHints":{"allow":["GET"]}}],"collection":[{"href":"https:\/\/especiales-hub.prensaiberica.es\/valencia-por-la-reconstruccion\/wp-json\/wp\/v2\/posts"}],"about":[{"href":"https:\/\/especiales-hub.prensaiberica.es\/valencia-por-la-reconstruccion\/wp-json\/wp\/v2\/types\/post"}],"author":[{"embeddable":true,"href":"https:\/\/especiales-hub.prensaiberica.es\/valencia-por-la-reconstruccion\/wp-json\/wp\/v2\/users\/34"}],"replies":[{"embeddable":true,"href":"https:\/\/especiales-hub.prensaiberica.es\/valencia-por-la-reconstruccion\/wp-json\/wp\/v2\/comments?post=197"}],"version-history":[{"count":0,"href":"https:\/\/especiales-hub.prensaiberica.es\/valencia-por-la-reconstruccion\/wp-json\/wp\/v2\/posts\/197\/revisions"}],"wp:featuredmedia":[{"embeddable":true,"href":"https:\/\/especiales-hub.prensaiberica.es\/valencia-por-la-reconstruccion\/wp-json\/wp\/v2\/media\/198"}],"wp:attachment":[{"href":"https:\/\/especiales-hub.prensaiberica.es\/valencia-por-la-reconstruccion\/wp-json\/wp\/v2\/media?parent=197"}],"wp:term":[{"taxonomy":"category","embeddable":true,"href":"https:\/\/especiales-hub.prensaiberica.es\/valencia-por-la-reconstruccion\/wp-json\/wp\/v2\/categories?post=197"},{"taxonomy":"post_tag","embeddable":true,"href":"https:\/\/especiales-hub.prensaiberica.es\/valencia-por-la-reconstruccion\/wp-json\/wp\/v2\/tags?post=197"}],"curies":[{"name":"wp","href":"https:\/\/api.w.org\/{rel}","templated":true}]}}