{"id":203,"date":"2024-12-11T12:05:58","date_gmt":"2024-12-11T11:05:58","guid":{"rendered":"https:\/\/especiales-hub.prensaiberica.es\/valencia-por-la-reconstruccion\/?p=203"},"modified":"2024-12-17T16:34:37","modified_gmt":"2024-12-17T15:34:37","slug":"grupo-transvia-una-respuesta-ejemplar-ante-la-dana-en-valencia","status":"publish","type":"post","link":"https:\/\/especiales-hub.prensaiberica.es\/valencia-por-la-reconstruccion\/impulsores\/grupo-transvia-una-respuesta-ejemplar-ante-la-dana-en-valencia\/","title":{"rendered":"Grupo Transvia: una respuesta ejemplar ante la dana en Val\u00e8ncia"},"content":{"rendered":"\n<h2 class=\"wp-block-heading\">La empresa despleg\u00f3 una red de lanzaderas que supl\u00eda la falta de servicio en las zonas m\u00e1s da\u00f1adas y traslad\u00f3 voluntarios<\/h2>\n\n\n\n<div style=\"height:30px\" aria-hidden=\"true\" class=\"wp-block-spacer\"><\/div>\n\n\n\n<p>Tras los severos da\u00f1os ocasionados por la dana en Valencia, que impactaron infraestructuras, comunidades y servicios esenciales, el Grupo Transvia puso sus recursos a disposici\u00f3n de la provincia de Valencia, que fueron utilizados con rapidez y eficacia, convirti\u00e9ndose en un pilar fundamental para la recuperaci\u00f3n y apoyo a los afectados.<\/p>\n\n\n\n<p>Desde el primer d\u00eda, <strong><a href=\"https:\/\/transviago.com\/\" data-type=\"link\" data-id=\"https:\/\/transviago.com\/\" target=\"_blank\" rel=\"noreferrer noopener nofollow\">Transvia Go<\/a><\/strong>, su l\u00ednea de negocio especializada en movilidad, asumi\u00f3 un rol crucial en este \u00e1mbito, garantizando que las conexiones interrumpidas por el colapso de las infraestructuras de transporte no paralizaran a la provincia de Val\u00e8ncia. En colaboraci\u00f3n con Metrovalencia (FGV), la empresa despleg\u00f3 una red de lanzaderas que supl\u00eda la falta de servicio en las zonas m\u00e1s da\u00f1adas, como Torrent, Catarroja y Paiporta. Estas lanzaderas, gestionadas directamente o en colaboraci\u00f3n con otras empresas, han asegurado que miles de personas puedan seguir con sus actividades diarias, incluso mientras las obras de reposici\u00f3n contin\u00faan. Asimismo, tambi\u00e9n ha garantizado el funcionamiento de los servicios de Cercan\u00edas de Renfe, afectados. <\/p>\n\n\n\n<p>En los d\u00edas posteriores al desastre, se pusieron a disposici\u00f3n m\u00e1s de 50 autocares para transportar voluntarios a las \u00e1reas m\u00e1s afectadas, mostrando su compromiso con la comunidad. Tambi\u00e9n se facilit\u00f3 el traslado de estudiantes desde colegios inutilizables hasta nuevos emplazamientos, garantizando el acceso a la educaci\u00f3n. <\/p>\n\n\n\n<p>Se ha participado en la coordinaci\u00f3n del  transporte de afectados a Madrid, un detalle que el Real Madrid Club de F\u00fatbol ha tenido para que simpatizantes de poblaciones afectadas pudiesen acudir a ver un partido. <\/p>\n\n\n\n<p>De igual forma, se ha trabajado con la FFCV en el transporte de equipos locales cuya actividad se vio interrumpida por la destrucci\u00f3n de sus instalaciones para que as\u00ed pudieran entrenar y competir.<\/p>\n\n\n\n<p>Siguiendo su compromiso con el deporte y la comunidad, Transvia mucho m\u00e1s que viajes, a trav\u00e9s de su divisi\u00f3n especializada en turismo deportivo Transvia Sport, puso a disposici\u00f3n autobuses para que los corredores de las poblaciones afectadas pudieran \u201ccorrer por Valencia\u201d en la Marat\u00f3n Valencia Trinidad Alfonso Z\u00farich. Esta iniciativa simboliza la fuerza del deporte como motor de uni\u00f3n y esperanza, demostrando que, incluso en los momentos m\u00e1s dif\u00edciles, la comunidad y la solidaridad pueden superar cualquier obst\u00e1culo.<\/p>\n\n\n\n<p>La respuesta del Grupo Transvia ante la dana, es un ejemplo de resiliencia y compromiso con la sociedad valenciana. Su capacidad de coordinaci\u00f3n, esfuerzo y dedicaci\u00f3n est\u00e1n ayudando a mejorar las condiciones en las zonas afectadas, mostrando que, con uni\u00f3n y determinaci\u00f3n, es posible superar grandes desaf\u00edos.<\/p>\n\n\n\n<p><\/p>\n","protected":false},"excerpt":{"rendered":"<p>La empresa despleg\u00f3 una red de lanzaderas que supl\u00eda la falta de servicio en las zonas m\u00e1s da\u00f1adas y traslad\u00f3 voluntarios Tras los severos da\u00f1os ocasionados por la dana en Valencia, que impactaron infraestructuras, comunidades y servicios esenciales, el Grupo Transvia puso sus recursos a disposici\u00f3n de la provincia de Valencia, que fueron utilizados con [&hellip;]<\/p>\n","protected":false},"author":36,"featured_media":206,"comment_status":"closed","ping_status":"closed","sticky":false,"template":"","format":"standard","meta":{"footnotes":""},"categories":[17],"tags":[],"class_list":["post-203","post","type-post","status-publish","format-standard","has-post-thumbnail","hentry","category-impulsores"],"_links":{"self":[{"href":"https:\/\/especiales-hub.prensaiberica.es\/valencia-por-la-reconstruccion\/wp-json\/wp\/v2\/posts\/203","targetHints":{"allow":["GET"]}}],"collection":[{"href":"https:\/\/especiales-hub.prensaiberica.es\/valencia-por-la-reconstruccion\/wp-json\/wp\/v2\/posts"}],"about":[{"href":"https:\/\/especiales-hub.prensaiberica.es\/valencia-por-la-reconstruccion\/wp-json\/wp\/v2\/types\/post"}],"author":[{"embeddable":true,"href":"https:\/\/especiales-hub.prensaiberica.es\/valencia-por-la-reconstruccion\/wp-json\/wp\/v2\/users\/36"}],"replies":[{"embeddable":true,"href":"https:\/\/especiales-hub.prensaiberica.es\/valencia-por-la-reconstruccion\/wp-json\/wp\/v2\/comments?post=203"}],"version-history":[{"count":0,"href":"https:\/\/especiales-hub.prensaiberica.es\/valencia-por-la-reconstruccion\/wp-json\/wp\/v2\/posts\/203\/revisions"}],"wp:featuredmedia":[{"embeddable":true,"href":"https:\/\/especiales-hub.prensaiberica.es\/valencia-por-la-reconstruccion\/wp-json\/wp\/v2\/media\/206"}],"wp:attachment":[{"href":"https:\/\/especiales-hub.prensaiberica.es\/valencia-por-la-reconstruccion\/wp-json\/wp\/v2\/media?parent=203"}],"wp:term":[{"taxonomy":"category","embeddable":true,"href":"https:\/\/especiales-hub.prensaiberica.es\/valencia-por-la-reconstruccion\/wp-json\/wp\/v2\/categories?post=203"},{"taxonomy":"post_tag","embeddable":true,"href":"https:\/\/especiales-hub.prensaiberica.es\/valencia-por-la-reconstruccion\/wp-json\/wp\/v2\/tags?post=203"}],"curies":[{"name":"wp","href":"https:\/\/api.w.org\/{rel}","templated":true}]}}