{"id":208,"date":"2024-12-11T12:26:14","date_gmt":"2024-12-11T11:26:14","guid":{"rendered":"https:\/\/especiales-hub.prensaiberica.es\/valencia-por-la-reconstruccion\/?p=208"},"modified":"2024-12-11T12:26:14","modified_gmt":"2024-12-11T11:26:14","slug":"gourmet-al-lado-de-los-afectados-por-el-desastre","status":"publish","type":"post","link":"https:\/\/especiales-hub.prensaiberica.es\/valencia-por-la-reconstruccion\/impulsores\/gourmet-al-lado-de-los-afectados-por-el-desastre\/","title":{"rendered":"Gourmet, al lado de los afectados por el desastre"},"content":{"rendered":"\n<h2 class=\"wp-block-heading\">El compromiso de la compa\u00f1\u00eda es continuar con su apoyo: \u00abNo les vamos a olvidar\u00bb, dice el director general Jaime \u00c1lvarez<\/h2>\n\n\n\n<div style=\"height:30px\" aria-hidden=\"true\" class=\"wp-block-spacer\"><\/div>\n\n\n\n<p>Uno de los pilares fundamentales de <strong><a href=\"https:\/\/gourmet.es\/\" target=\"_blank\" data-type=\"link\" data-id=\"https:\/\/gourmet.es\/\" rel=\"noreferrer noopener nofollow\">Gourmet<\/a><\/strong> es la solidaridad, y as\u00ed lo demuestra la compa\u00f1\u00eda c\u00e1rnica valenciana con su pol\u00edtica de Responsabilidad Social Corporativa a trav\u00e9s de la cual colabora con varias organizaciones para contribuir a mejorar la sociedad. As\u00ed, en cuanto la dana azot\u00f3 a la provincia de Valencia, Gourmet reforz\u00f3 el apoyo a las ONG con las que trabaja habitualmente, como son Ayuda a una Familia o el Banco de Alimentos de Valencia.<\/p>\n\n\n\n<p>Con estas dos entidades intensificaron la donaci\u00f3n de alimentos de productos c\u00e1rnicos de sus marcas La Cuina y Picken para que las distribuyeran a las personas afectadas. Igualmente, durante las primeras semanas despu\u00e9s de la riada, las instalaciones de Gourmet sirvieron de establecimiento log\u00edstico para conservar algunos alimentos que se donaban por parte de la poblaci\u00f3n.<\/p>\n\n\n\n<p>\u00abDesde Gourmet tenemos muy interiorizada la necesidad de ayudar a quien m\u00e1s lo necesita, y con esta cat\u00e1strofe a las puertas de nuestra casa no pod\u00edamos hacer otra cosa que no fuera colaborar e intentar paliar las consecuencias para todos los afectados\u00bb, explica Jaime \u00c1lvarez, director general de Gourmet. Adem\u00e1s de a los afectados, a\u00f1ade, tambi\u00e9n se dot\u00f3 a los efectivos de la UME de platos preparados de La Cuina (canelones, lasa\u00f1as y berenjenas rellenas) para que cogieran fuerzas en los momentos m\u00e1s duros: \u00abCon esto tambi\u00e9n contribu\u00edamos a hacer felices a estos profesionales mientras trabajaban para intentar devolver la normalidad a las personas afectadas\u00bb, apunta el director general de Gourmet, quien destaca que el compromiso de la compa\u00f1\u00eda es continuar estando al lado de los afectados porque \u00abesta situaci\u00f3n no se va a resolver en un par de meses, por eso Gourmet quiere seguir colaborando hasta que est\u00e9 normalizado. No les vamos a olvidar\u00bb.<\/p>\n","protected":false},"excerpt":{"rendered":"<p>El compromiso de la compa\u00f1\u00eda es continuar con su apoyo: \u00abNo les vamos a olvidar\u00bb, dice el director general Jaime \u00c1lvarez Uno de los pilares fundamentales de Gourmet es la solidaridad, y as\u00ed lo demuestra la compa\u00f1\u00eda c\u00e1rnica valenciana con su pol\u00edtica de Responsabilidad Social Corporativa a trav\u00e9s de la cual colabora con varias organizaciones [&hellip;]<\/p>\n","protected":false},"author":16,"featured_media":209,"comment_status":"closed","ping_status":"closed","sticky":false,"template":"","format":"standard","meta":{"footnotes":""},"categories":[17],"tags":[],"class_list":["post-208","post","type-post","status-publish","format-standard","has-post-thumbnail","hentry","category-impulsores"],"_links":{"self":[{"href":"https:\/\/especiales-hub.prensaiberica.es\/valencia-por-la-reconstruccion\/wp-json\/wp\/v2\/posts\/208","targetHints":{"allow":["GET"]}}],"collection":[{"href":"https:\/\/especiales-hub.prensaiberica.es\/valencia-por-la-reconstruccion\/wp-json\/wp\/v2\/posts"}],"about":[{"href":"https:\/\/especiales-hub.prensaiberica.es\/valencia-por-la-reconstruccion\/wp-json\/wp\/v2\/types\/post"}],"author":[{"embeddable":true,"href":"https:\/\/especiales-hub.prensaiberica.es\/valencia-por-la-reconstruccion\/wp-json\/wp\/v2\/users\/16"}],"replies":[{"embeddable":true,"href":"https:\/\/especiales-hub.prensaiberica.es\/valencia-por-la-reconstruccion\/wp-json\/wp\/v2\/comments?post=208"}],"version-history":[{"count":0,"href":"https:\/\/especiales-hub.prensaiberica.es\/valencia-por-la-reconstruccion\/wp-json\/wp\/v2\/posts\/208\/revisions"}],"wp:featuredmedia":[{"embeddable":true,"href":"https:\/\/especiales-hub.prensaiberica.es\/valencia-por-la-reconstruccion\/wp-json\/wp\/v2\/media\/209"}],"wp:attachment":[{"href":"https:\/\/especiales-hub.prensaiberica.es\/valencia-por-la-reconstruccion\/wp-json\/wp\/v2\/media?parent=208"}],"wp:term":[{"taxonomy":"category","embeddable":true,"href":"https:\/\/especiales-hub.prensaiberica.es\/valencia-por-la-reconstruccion\/wp-json\/wp\/v2\/categories?post=208"},{"taxonomy":"post_tag","embeddable":true,"href":"https:\/\/especiales-hub.prensaiberica.es\/valencia-por-la-reconstruccion\/wp-json\/wp\/v2\/tags?post=208"}],"curies":[{"name":"wp","href":"https:\/\/api.w.org\/{rel}","templated":true}]}}