{"id":210,"date":"2024-12-11T12:25:45","date_gmt":"2024-12-11T11:25:45","guid":{"rendered":"https:\/\/especiales-hub.prensaiberica.es\/valencia-por-la-reconstruccion\/?p=210"},"modified":"2024-12-11T12:25:45","modified_gmt":"2024-12-11T11:25:45","slug":"la-baronia-se-une-para-hacer-llegar-la-ayuda-a-las-zonas-afectadas","status":"publish","type":"post","link":"https:\/\/especiales-hub.prensaiberica.es\/valencia-por-la-reconstruccion\/impulsores\/la-baronia-se-une-para-hacer-llegar-la-ayuda-a-las-zonas-afectadas\/","title":{"rendered":"La Baron\u00eda se une para hacer llegar la ayuda a las zonas afectadas"},"content":{"rendered":"\n<h2 class=\"wp-block-heading\">Las poblaciones de Camp de Morvedre se vuelcan con los damnificados con campa\u00f1as solidarias y el env\u00edo de v\u00edveres<\/h2>\n\n\n\n<p>Las poblaciones de la Baron\u00eda se han volcado con los afectados por la dana con una bater\u00eda de acciones solidarias. Ante el escenario de desolaci\u00f3n que dej\u00f3 a su paso la riada no dudaron en contribuir de manera urgente con el env\u00edo de suministros que en ese momento ten\u00eda la propia Mancomunitat, con la colaboraci\u00f3n de las residencias Els Tarongers de Algimia d\u2019Alfara, y Novaedaty Casa de los obreros San Vicente Ferrer de Estivella.<\/p>\n\n\n\n<p>Tambi\u00e9n organizaron una campa\u00f1a solidaria para recoger juguetes, juegos y libros para la infancia y adolescencia. La Mancomunitat trabaj\u00f3 en la red de t\u00e9cnicos de juventud (Xarxa Jove y Joves Net) para la coordinaci\u00f3n de recursos a las zonas afectadas y coordin\u00f3 el env\u00edo de material solidario por parte del personal de la subcomarca.<\/p>\n\n\n\n<p>Por su parte, el mundo fallero prest\u00f3 su ayuda a Alfafar, una de las localidades m\u00e1s da\u00f1adas, para las que organiz\u00f3 la recogida de material. Para la ocasi\u00f3n, la Federaci\u00f3n Junta Fallera de Sagunt dej\u00f3 su museo para llevar colchonetas, colchones, cojines, almohadas y toallas.<\/p>\n\n\n\n<h3 class=\"wp-block-heading\">500 bocadillos<\/h3>\n\n\n\n<p>El despliegue solidario continu\u00f3 con el reparto de 500 bocadillos entre la poblaci\u00f3n de Benet\u00fasser y Alfafar. Un almuerzo y comida preparado por la Asociaci\u00f3n Amas de casa de la localidad, a la que se sumaron varios vecinos y vecinas. El municipio de Gilet uni\u00f3 su acci\u00f3n solidaria a los vecinos del pueblo con el que est\u00e1n hermanados, Cadreita (Navarra). Desde all\u00ed se organizaron varios camiones con productos demandados al consistorio giletano por las poblaciones afectadas por la DANA.<\/p>\n\n\n\n<p>Adem\u00e1s, los vecinos de Cadreita mostraron su voluntad de acudir a la zona cero para ayudar en las tareas de limpieza. A d\u00eda de hoy Gilet dispone de una red de voluntarios que ya alcanza las 700 personas, una cifra que va en aumento.<\/p>\n\n\n\n<h3 class=\"wp-block-heading\">Manifiesto<\/h3>\n\n\n\n<p>Las muestras de solidaridad continuaron con la lectura de un manifiesto en el que estudiantes de Sexto de Primaria de Gilet mostraron todo su apoyo a las familias en un acto que reuni\u00f3 a cerca de 150 personas a las puertas del ayuntamiento.<\/p>\n\n\n\n<p>En el escrito que leyeron Dani y Julia, los vecinos y vecinas se describieron como un pueblo solidario, dispuesto siempre a todo tipo de ayuda como han demostrado en todas las acciones que han puesto en marcha desde la cat\u00e1strofe.<\/p>\n\n\n\n<p><\/p>\n","protected":false},"excerpt":{"rendered":"<p>Las poblaciones de Camp de Morvedre se vuelcan con los damnificados con campa\u00f1as solidarias y el env\u00edo de v\u00edveres Las poblaciones de la Baron\u00eda se han volcado con los afectados por la dana con una bater\u00eda de acciones solidarias. Ante el escenario de desolaci\u00f3n que dej\u00f3 a su paso la riada no dudaron en contribuir [&hellip;]<\/p>\n","protected":false},"author":39,"featured_media":215,"comment_status":"closed","ping_status":"closed","sticky":false,"template":"","format":"standard","meta":{"footnotes":""},"categories":[17],"tags":[],"class_list":["post-210","post","type-post","status-publish","format-standard","has-post-thumbnail","hentry","category-impulsores"],"_links":{"self":[{"href":"https:\/\/especiales-hub.prensaiberica.es\/valencia-por-la-reconstruccion\/wp-json\/wp\/v2\/posts\/210","targetHints":{"allow":["GET"]}}],"collection":[{"href":"https:\/\/especiales-hub.prensaiberica.es\/valencia-por-la-reconstruccion\/wp-json\/wp\/v2\/posts"}],"about":[{"href":"https:\/\/especiales-hub.prensaiberica.es\/valencia-por-la-reconstruccion\/wp-json\/wp\/v2\/types\/post"}],"author":[{"embeddable":true,"href":"https:\/\/especiales-hub.prensaiberica.es\/valencia-por-la-reconstruccion\/wp-json\/wp\/v2\/users\/39"}],"replies":[{"embeddable":true,"href":"https:\/\/especiales-hub.prensaiberica.es\/valencia-por-la-reconstruccion\/wp-json\/wp\/v2\/comments?post=210"}],"version-history":[{"count":0,"href":"https:\/\/especiales-hub.prensaiberica.es\/valencia-por-la-reconstruccion\/wp-json\/wp\/v2\/posts\/210\/revisions"}],"wp:featuredmedia":[{"embeddable":true,"href":"https:\/\/especiales-hub.prensaiberica.es\/valencia-por-la-reconstruccion\/wp-json\/wp\/v2\/media\/215"}],"wp:attachment":[{"href":"https:\/\/especiales-hub.prensaiberica.es\/valencia-por-la-reconstruccion\/wp-json\/wp\/v2\/media?parent=210"}],"wp:term":[{"taxonomy":"category","embeddable":true,"href":"https:\/\/especiales-hub.prensaiberica.es\/valencia-por-la-reconstruccion\/wp-json\/wp\/v2\/categories?post=210"},{"taxonomy":"post_tag","embeddable":true,"href":"https:\/\/especiales-hub.prensaiberica.es\/valencia-por-la-reconstruccion\/wp-json\/wp\/v2\/tags?post=210"}],"curies":[{"name":"wp","href":"https:\/\/api.w.org\/{rel}","templated":true}]}}