{"id":214,"date":"2024-12-11T12:24:44","date_gmt":"2024-12-11T11:24:44","guid":{"rendered":"https:\/\/especiales-hub.prensaiberica.es\/valencia-por-la-reconstruccion\/?p=214"},"modified":"2024-12-11T12:24:44","modified_gmt":"2024-12-11T11:24:44","slug":"les-valls-recauda-mes-de-2-600-euros-en-una-carrera-solidaria","status":"publish","type":"post","link":"https:\/\/especiales-hub.prensaiberica.es\/valencia-por-la-reconstruccion\/impulsores\/les-valls-recauda-mes-de-2-600-euros-en-una-carrera-solidaria\/","title":{"rendered":"Les Valls recauda m\u00e9s de 2.600 euros en una carrera solid\u00e0ria"},"content":{"rendered":"\n<h2 class=\"wp-block-heading\">Els pobles de la mancomunitat es convertixen en un exemple de col\u00b7laboraci\u00f3 en la reconstrucci\u00f3 despr\u00e9s de la dana<\/h2>\n\n\n\n<div style=\"height:30px\" aria-hidden=\"true\" class=\"wp-block-spacer\"><\/div>\n\n\n\n<p>La <strong><a href=\"https:\/\/www.lesvalls.es\/\" target=\"_blank\" rel=\"noreferrer noopener nofollow\">Mancomunitat de Les Valls<\/a><\/strong>, integrada pels pobles de Benifair\u00f3 de les Valls, Benavites, Faura, Quart de les Valls i Quartell, ha liderat una extraordin\u00e0ria resposta solid\u00e0ria despr\u00e9s del pas de la dana que va afectar greument nombrosos municipis de la prov\u00edncia de Val\u00e8ncia el passat 29 d\u2019octubre. L\u2019esfor\u00e7 col\u00b7lectiu de Les Valls es va reflectir en activitats solid\u00e0ries com la \u00ab10K La Vall de Seg\u00f3\u00bb, on, gr\u00e0cies a una participaci\u00f3 multitudin\u00e0ria i a les persones que col\u00b7laboraren a trav\u00e9s del dorsal zero, es recaptaren 2.694 euros destinats \u00edntegrament a Ajuda a la Fam\u00edlia, entitat que assistix als afectats per la dana a Val\u00e8ncia. <\/p>\n\n\n\n<p>D\u2019aquesta manera, la carrera, que suposava el tancament de la 25\u00aa edici\u00f3 del Circuit de Carreres Populars de la Diputaci\u00f3 de Val\u00e8ncia, es va convertir en un emblema d\u2019esperan\u00e7a i unitat, on, m\u00e9s enll\u00e0 de l\u2019aspecte esportiu, va destacar pel seu esperit solidari. A l\u2019esdeveniment, celebrat el passat 16 de novembre, corredors i corredores de totes les edats i nivells van convertir cada quil\u00f2metre en un gest de suport, mentre recorrien els carrers de Faura i Benifair\u00f3 de les Valls, els municipis amfitrions.<\/p>\n\n\n\n<h3 class=\"wp-block-heading\">Recollida d\u2019aliments i productes<\/h3>\n\n\n\n<p>Per\u00f2, la 10K ha estat nom\u00e9s una de les nombroses accions mampreses per la Mancomunitat de Les Valls en resposta a l\u2019emerg\u00e8ncia. Des del primer moment, es van mobilitzar recursos materials i humans per a atendre les necessitats urgents de les persones afectades. L\u2019acci\u00f3 conjunta dels municipis va permetre la recollida massiva d\u2019aliments no peribles, productes d\u2019higiene, neteja i material sanitari en diferents punts habilitats als ajuntaments i espais comunitaris dels pobles. <\/p>\n\n\n\n<p>Gr\u00e0cies a la implicaci\u00f3 dels ve\u00efns i ve\u00efnes, estos productes van ser enviats a zones de l\u2019Horta Sud, la Foia de Bunyol, la Ribera, Utiel-Requena i, incl\u00fas, a alguns municipis de Castell\u00f3 afectats per la dana, responent les seues necessitats m\u00e9s urgents. <\/p>\n\n\n\n<p>A m\u00e9s, es va prioritzar l\u2019atenci\u00f3 als col\u00b7lectius m\u00e9s vulnerables, amb enviaments espec\u00edfics d\u2019alimentaci\u00f3 infantil, com a llet en pols i potets, aix\u00ed com ferramentes essencials per a tasques de neteja i reconstrucci\u00f3, entre les quals s\u2019inclo\u00efen guants, botes d\u2019aigua, pales i materials de desinfecci\u00f3. <\/p>\n\n\n\n<p>En paral\u00b7lel, la Mancomunitat va coordinar la creaci\u00f3 de grups de voluntaris especialitzats, que van incloure professionals en emerg\u00e8ncies i gesti\u00f3 forestal, atenent les indicacions del Cecopi i la Federaci\u00f3 Valenciana de Municipis i Prov\u00edncies. La confecci\u00f3 d\u2019aquest llistat pretenia centralitzar la possible acci\u00f3 de totes les persones que podrien intervindre a les zones afectades de forma segura, responsable i eficient, tal com indicaven les autoritats d\u2019emerg\u00e8ncies. <\/p>\n\n\n\n<p>Cal destacar que, en els moments m\u00e9s cr\u00edtics, voluntaris i volunt\u00e0ries de Les Valls van cuinar m\u00e9s de 500 racions de menjar calent per a equips d\u2019emerg\u00e8ncia, forces de seguretat i ve\u00efns de Sedav\u00ed.<\/p>\n","protected":false},"excerpt":{"rendered":"<p>Els pobles de la mancomunitat es convertixen en un exemple de col\u00b7laboraci\u00f3 en la reconstrucci\u00f3 despr\u00e9s de la dana La Mancomunitat de Les Valls, integrada pels pobles de Benifair\u00f3 de les Valls, Benavites, Faura, Quart de les Valls i Quartell, ha liderat una extraordin\u00e0ria resposta solid\u00e0ria despr\u00e9s del pas de la dana que va afectar [&hellip;]<\/p>\n","protected":false},"author":30,"featured_media":217,"comment_status":"closed","ping_status":"closed","sticky":false,"template":"","format":"standard","meta":{"footnotes":""},"categories":[17],"tags":[],"class_list":["post-214","post","type-post","status-publish","format-standard","has-post-thumbnail","hentry","category-impulsores"],"_links":{"self":[{"href":"https:\/\/especiales-hub.prensaiberica.es\/valencia-por-la-reconstruccion\/wp-json\/wp\/v2\/posts\/214","targetHints":{"allow":["GET"]}}],"collection":[{"href":"https:\/\/especiales-hub.prensaiberica.es\/valencia-por-la-reconstruccion\/wp-json\/wp\/v2\/posts"}],"about":[{"href":"https:\/\/especiales-hub.prensaiberica.es\/valencia-por-la-reconstruccion\/wp-json\/wp\/v2\/types\/post"}],"author":[{"embeddable":true,"href":"https:\/\/especiales-hub.prensaiberica.es\/valencia-por-la-reconstruccion\/wp-json\/wp\/v2\/users\/30"}],"replies":[{"embeddable":true,"href":"https:\/\/especiales-hub.prensaiberica.es\/valencia-por-la-reconstruccion\/wp-json\/wp\/v2\/comments?post=214"}],"version-history":[{"count":0,"href":"https:\/\/especiales-hub.prensaiberica.es\/valencia-por-la-reconstruccion\/wp-json\/wp\/v2\/posts\/214\/revisions"}],"wp:featuredmedia":[{"embeddable":true,"href":"https:\/\/especiales-hub.prensaiberica.es\/valencia-por-la-reconstruccion\/wp-json\/wp\/v2\/media\/217"}],"wp:attachment":[{"href":"https:\/\/especiales-hub.prensaiberica.es\/valencia-por-la-reconstruccion\/wp-json\/wp\/v2\/media?parent=214"}],"wp:term":[{"taxonomy":"category","embeddable":true,"href":"https:\/\/especiales-hub.prensaiberica.es\/valencia-por-la-reconstruccion\/wp-json\/wp\/v2\/categories?post=214"},{"taxonomy":"post_tag","embeddable":true,"href":"https:\/\/especiales-hub.prensaiberica.es\/valencia-por-la-reconstruccion\/wp-json\/wp\/v2\/tags?post=214"}],"curies":[{"name":"wp","href":"https:\/\/api.w.org\/{rel}","templated":true}]}}