{"id":219,"date":"2024-12-11T12:23:02","date_gmt":"2024-12-11T11:23:02","guid":{"rendered":"https:\/\/especiales-hub.prensaiberica.es\/valencia-por-la-reconstruccion\/?p=219"},"modified":"2024-12-11T12:23:20","modified_gmt":"2024-12-11T11:23:20","slug":"leliana-se-moviliza-para-ayudar-a-las-victimas-de-la-dana-en-valencia","status":"publish","type":"post","link":"https:\/\/especiales-hub.prensaiberica.es\/valencia-por-la-reconstruccion\/impulsores\/leliana-se-moviliza-para-ayudar-a-las-victimas-de-la-dana-en-valencia\/","title":{"rendered":"L\u2019Eliana se moviliza para ayudar a las v\u00edctimas de la dana en Val\u00e8ncia"},"content":{"rendered":"\n<h2 class=\"wp-block-heading\">Las acciones colectivas han incluido recogidas de materiales, env\u00edo de voluntarios y colaboraci\u00f3n con empresas y ONGs, adem\u00e1s de apoyo log\u00edstico a otros municipios<\/h2>\n\n\n\n<div style=\"height:30px\" aria-hidden=\"true\" class=\"wp-block-spacer\"><\/div>\n\n\n\n<p><strong><a href=\"https:\/\/www.leliana.es\/\" target=\"_blank\" rel=\"noreferrer noopener nofollow\">L\u2019Eliana<\/a><\/strong> ha demostrado ser un ejemplo de solidaridad y organizaci\u00f3n con las numerosas acciones impulsadas por el ayuntamiento para ayudar a los afectados por la dana. En una movilizaci\u00f3n hist\u00f3rica, organizada en colaboraci\u00f3n con LelianaVol y el Grupo Scout Impetus III el pasado 31 de octubre se realiz\u00f3 la mayor recogida de materiales y alimentos en tan solo tres horas que, seguida de una segunda convocatoria, ha permitido el reparto de recursos esenciales en la zona cero de la cat\u00e1strofe gracias a los esfuerzos conjuntos de la ciudadan\u00eda, los servicios municipales y voluntarios. En este sentido, una de las actuaciones m\u00e1s destacadas ha sido la creaci\u00f3n de un registro de voluntariado que ha contado con la inscripci\u00f3n de cerca de 2.000 personas y que ha permitido movilizar durante varias jornadas voluntarios para ayudar en las tareas de limpieza en las zonas afectadas, para trasladar la ayuda en veh\u00edculos o para cocinar comida caliente. El transporte de voluntarios ha sido posible gracias a autobuses y microbuses cedidos por los colegios locales IALE y Helios.<\/p>\n\n\n\n<blockquote class=\"wp-block-quote is-layout-flow wp-block-quote-is-layout-flow\">\n<p>El ayuntamiento sigue cocinando y repartiendo cientos de raciones de comida caliente cada d\u00eda<\/p>\n\n\n\n<div style=\"height:30px\" aria-hidden=\"true\" class=\"wp-block-spacer\"><\/div>\n<\/blockquote>\n\n\n\n<p>La coordinaci\u00f3n con empresas privadas y asociaciones locales ha sido clave. El Ayuntamiento ha trabajado  conjuntamente con Hidraqua para garantizar el env\u00edo de agua potable a Chiva y ha gestionado la colaboraci\u00f3n de varias empresas como Insdagar, Montaner Suministros, Proena, RAVI y Acciona, que han proporcionado maquinaria, camiones y apoyo para las tareas de limpieza. Asimismo, empresas privadas han colaborado enviando material como colchones, motobombas y material escolar. <\/p>\n\n\n\n<p>La Polic\u00eda Local de l\u2019Eliana tambi\u00e9n ha tenido un papel activo, desplaz\u00e1ndose a municipios como Picanya, Riba-roja y Catarroja para ayudar en tareas de emergencia. Paralelamente, se ha coordinado la acogida de  bomberos y polic\u00edas nacionales desplazados desde Jerez, ofreci\u00e9ndoles alojamiento en el polideportivo municipal. <\/p>\n\n\n\n<p>El esfuerzo solidario no se ha limitado a la ayuda inmediata. El consistorio, en colaboraci\u00f3n con la ONG Acci\u00f3n Directa Sierra Norte y la asociaci\u00f3n LElianaVol, contin\u00faa cocinando y repartiendo cientos de raciones de comida caliente cada d\u00eda desde el almac\u00e9n municipal. Asimismo, se ha sumado a la iniciativa \u2018Mis latidos con Valencia\u2019, destinada a recaudar fondos para los afectados a trav\u00e9s de la venta de camisetas y sudaderas solidarias. Se pueden adquirir a trav\u00e9s de la web mislatidosconvalencia.com o directamente en Alton Publicidad.<\/p>\n\n\n\n<p>El alcalde, Salva Torrent, ha expresado un profundo agradecimiento a todas las personas, empresas y organizaciones que han hecho posible esta respuesta ejemplar, \u00abdemostrando que la solidaridad y el trabajo en equipo son claves para superar cualquier adversidad y, especialmente esta que nos toca tan de cerca\u00bb<\/p>\n","protected":false},"excerpt":{"rendered":"<p>Las acciones colectivas han incluido recogidas de materiales, env\u00edo de voluntarios y colaboraci\u00f3n con empresas y ONGs, adem\u00e1s de apoyo log\u00edstico a otros municipios L\u2019Eliana ha demostrado ser un ejemplo de solidaridad y organizaci\u00f3n con las numerosas acciones impulsadas por el ayuntamiento para ayudar a los afectados por la dana. En una movilizaci\u00f3n hist\u00f3rica, organizada [&hellip;]<\/p>\n","protected":false},"author":16,"featured_media":220,"comment_status":"closed","ping_status":"closed","sticky":false,"template":"","format":"standard","meta":{"footnotes":""},"categories":[17],"tags":[],"class_list":["post-219","post","type-post","status-publish","format-standard","has-post-thumbnail","hentry","category-impulsores"],"_links":{"self":[{"href":"https:\/\/especiales-hub.prensaiberica.es\/valencia-por-la-reconstruccion\/wp-json\/wp\/v2\/posts\/219","targetHints":{"allow":["GET"]}}],"collection":[{"href":"https:\/\/especiales-hub.prensaiberica.es\/valencia-por-la-reconstruccion\/wp-json\/wp\/v2\/posts"}],"about":[{"href":"https:\/\/especiales-hub.prensaiberica.es\/valencia-por-la-reconstruccion\/wp-json\/wp\/v2\/types\/post"}],"author":[{"embeddable":true,"href":"https:\/\/especiales-hub.prensaiberica.es\/valencia-por-la-reconstruccion\/wp-json\/wp\/v2\/users\/16"}],"replies":[{"embeddable":true,"href":"https:\/\/especiales-hub.prensaiberica.es\/valencia-por-la-reconstruccion\/wp-json\/wp\/v2\/comments?post=219"}],"version-history":[{"count":0,"href":"https:\/\/especiales-hub.prensaiberica.es\/valencia-por-la-reconstruccion\/wp-json\/wp\/v2\/posts\/219\/revisions"}],"wp:featuredmedia":[{"embeddable":true,"href":"https:\/\/especiales-hub.prensaiberica.es\/valencia-por-la-reconstruccion\/wp-json\/wp\/v2\/media\/220"}],"wp:attachment":[{"href":"https:\/\/especiales-hub.prensaiberica.es\/valencia-por-la-reconstruccion\/wp-json\/wp\/v2\/media?parent=219"}],"wp:term":[{"taxonomy":"category","embeddable":true,"href":"https:\/\/especiales-hub.prensaiberica.es\/valencia-por-la-reconstruccion\/wp-json\/wp\/v2\/categories?post=219"},{"taxonomy":"post_tag","embeddable":true,"href":"https:\/\/especiales-hub.prensaiberica.es\/valencia-por-la-reconstruccion\/wp-json\/wp\/v2\/tags?post=219"}],"curies":[{"name":"wp","href":"https:\/\/api.w.org\/{rel}","templated":true}]}}