{"id":224,"date":"2024-12-11T12:22:28","date_gmt":"2024-12-11T11:22:28","guid":{"rendered":"https:\/\/especiales-hub.prensaiberica.es\/valencia-por-la-reconstruccion\/?p=224"},"modified":"2024-12-11T12:22:28","modified_gmt":"2024-12-11T11:22:28","slug":"benifairo-dels-valls-participa-en-el-montaje-de-un-hospital-de-campana","status":"publish","type":"post","link":"https:\/\/especiales-hub.prensaiberica.es\/valencia-por-la-reconstruccion\/impulsores\/benifairo-dels-valls-participa-en-el-montaje-de-un-hospital-de-campana\/","title":{"rendered":"Benifair\u00f3 dels Valls participa en el montaje de un hospital de campa\u00f1a"},"content":{"rendered":"\n<h2 class=\"wp-block-heading\">El municipio fleta furgonetas con productos de primera necesidad para las distintas poblaciones afectadas<\/h2>\n\n\n\n<div style=\"height:30px\" aria-hidden=\"true\" class=\"wp-block-spacer\"><\/div>\n\n\n\n<p>El <strong><a href=\"http:\/\/www.benifairovalls.com\/\" target=\"_blank\" data-type=\"link\" data-id=\"http:\/\/www.benifairovalls.com\/\" rel=\"noreferrer noopener nofollow\">ayuntamiento de Benifair\u00f3 dels Valls<\/a><\/strong> lleva a cabo campa\u00f1as de ayuda para los municipios afectados por  la dana en colaboraci\u00f3n con las poblaciones vecinas de Faura, Quart de les Valls y Quartell. Para ello, se han centrado en cada momento en las necesidades m\u00e1s perentorias de las localidades castigadas por la cat\u00e1strofe.<\/p>\n\n\n\n<p>Los vecinos de la Vall de Seg\u00f3 suman esfuerzos y rellenan los furgones que ser\u00e1n entregados a los municipios afectados. Por otra parte, los miembros de la Federaci\u00f3n de actividades subacu\u00e1ticas de la Comunidad Valenciana (FASCV) actuar\u00e1n en Sedav\u00ed y llevar\u00e1n furgones cargados en los centros de recogida de la Mancomunidad les Valls con las necesidades especificas de cada localidad. A su vez, el Banco de Alimentos recibe tambi\u00e9n los cargamentos de les Valls con todos los productos solicitados. Entre otras iniciativas, Benifair\u00f3 dels Valls presta su ayuda para el montaje de un hospital de campa\u00f1a atendiendo a las indicaciones del Cecopi y la Federaci\u00f3n Valenciana de Municipios y Provincias para lo que recogi\u00f3 material para garantizar su montaje y mantenimiento. Hasta Algemes\u00ed tambi\u00e9n lleg\u00f3 un convoy con productos espec\u00edficos para beb\u00e9s como pa\u00f1ales, toallitas y potitos preparados para asegurar la alimentaci\u00f3n de los m\u00e1s peque\u00f1os. <\/p>\n\n\n\n<p>Hasta la Ribera tambi\u00e9n han fletado furgones con guantes, palas, rastrillos y material de limpieza, as\u00ed como material sanitario para la Pobla de Vallbona. <\/p>\n\n\n\n<p>Destaca tambi\u00e9n la colaboraci\u00f3n con Vicky Sevilla y el restaurante Ra\u00edces en la elaboraci\u00f3n de comida para los afectados y voluntarios. Y se han hecho recogidas solidarias para mascotas para la Plataforma<br>Animalista la Vall de Seg\u00f3.<\/p>\n","protected":false},"excerpt":{"rendered":"<p>El municipio fleta furgonetas con productos de primera necesidad para las distintas poblaciones afectadas El ayuntamiento de Benifair\u00f3 dels Valls lleva a cabo campa\u00f1as de ayuda para los municipios afectados por la dana en colaboraci\u00f3n con las poblaciones vecinas de Faura, Quart de les Valls y Quartell. Para ello, se han centrado en cada momento [&hellip;]<\/p>\n","protected":false},"author":30,"featured_media":225,"comment_status":"closed","ping_status":"closed","sticky":false,"template":"","format":"standard","meta":{"footnotes":""},"categories":[17],"tags":[],"class_list":["post-224","post","type-post","status-publish","format-standard","has-post-thumbnail","hentry","category-impulsores"],"_links":{"self":[{"href":"https:\/\/especiales-hub.prensaiberica.es\/valencia-por-la-reconstruccion\/wp-json\/wp\/v2\/posts\/224","targetHints":{"allow":["GET"]}}],"collection":[{"href":"https:\/\/especiales-hub.prensaiberica.es\/valencia-por-la-reconstruccion\/wp-json\/wp\/v2\/posts"}],"about":[{"href":"https:\/\/especiales-hub.prensaiberica.es\/valencia-por-la-reconstruccion\/wp-json\/wp\/v2\/types\/post"}],"author":[{"embeddable":true,"href":"https:\/\/especiales-hub.prensaiberica.es\/valencia-por-la-reconstruccion\/wp-json\/wp\/v2\/users\/30"}],"replies":[{"embeddable":true,"href":"https:\/\/especiales-hub.prensaiberica.es\/valencia-por-la-reconstruccion\/wp-json\/wp\/v2\/comments?post=224"}],"version-history":[{"count":0,"href":"https:\/\/especiales-hub.prensaiberica.es\/valencia-por-la-reconstruccion\/wp-json\/wp\/v2\/posts\/224\/revisions"}],"wp:featuredmedia":[{"embeddable":true,"href":"https:\/\/especiales-hub.prensaiberica.es\/valencia-por-la-reconstruccion\/wp-json\/wp\/v2\/media\/225"}],"wp:attachment":[{"href":"https:\/\/especiales-hub.prensaiberica.es\/valencia-por-la-reconstruccion\/wp-json\/wp\/v2\/media?parent=224"}],"wp:term":[{"taxonomy":"category","embeddable":true,"href":"https:\/\/especiales-hub.prensaiberica.es\/valencia-por-la-reconstruccion\/wp-json\/wp\/v2\/categories?post=224"},{"taxonomy":"post_tag","embeddable":true,"href":"https:\/\/especiales-hub.prensaiberica.es\/valencia-por-la-reconstruccion\/wp-json\/wp\/v2\/tags?post=224"}],"curies":[{"name":"wp","href":"https:\/\/api.w.org\/{rel}","templated":true}]}}