{"id":226,"date":"2024-12-11T12:07:59","date_gmt":"2024-12-11T11:07:59","guid":{"rendered":"https:\/\/especiales-hub.prensaiberica.es\/valencia-por-la-reconstruccion\/?p=226"},"modified":"2024-12-11T12:08:16","modified_gmt":"2024-12-11T11:08:16","slug":"caixa-popular-dona-285-millones-y-activa-medidas-extraordinarias-para-los-afectados","status":"publish","type":"post","link":"https:\/\/especiales-hub.prensaiberica.es\/valencia-por-la-reconstruccion\/impulsores\/caixa-popular-dona-285-millones-y-activa-medidas-extraordinarias-para-los-afectados\/","title":{"rendered":"Caixa Popular dona 2,85 millones y activa medidas extraordinarias para los afectados"},"content":{"rendered":"\n<h2 class=\"wp-block-heading\">La cooperativa de cr\u00e9dito lidera el apoyo financiero y social tras la dana que asol\u00f3 Valencia con pr\u00e9stamos sin intereses ni comisiones, financiaci\u00f3n para reparaciones, tarjetas de cr\u00e9dito sin comisiones o moratorias para clientes que lo soliciten<\/h2>\n\n\n\n<div style=\"height:30px\" aria-hidden=\"true\" class=\"wp-block-spacer\"><\/div>\n\n\n\n<p>En respuesta a los devastadores efectos de la dana que golpe\u00f3 con fuerza el territorio valenciano, Caixa Popular ha tomado un papel protagonista en la recuperaci\u00f3n econ\u00f3mica y social. La cooperativa de cr\u00e9dito ha destinado 2,85 millones de euros en donaciones directas y ha implementado una serie de medidas excepcionales dise\u00f1adas para paliar las consecuencias de esta cat\u00e1strofe natural. Estas iniciativas reflejan el compromiso firme de la entidad con los municipios y colectivos m\u00e1s afectados, marcando un modelo de actuaci\u00f3n \u00e1gil y solidario.<\/p>\n\n\n\n<p>Entre las acciones destacadas, Caixa Popular, en colaboraci\u00f3n con Cruz Roja, ha gestionado ayudas valoradas en 6,4 millones de euros a trav\u00e9s del sistema de tarjetas prepago. Este M\u00e9todo, altamente efectivo en situaciones de emergencia, permite a las familias acceder de manera r\u00e1pida a recursos b\u00e1sicos. Adem\u00e1s de Cruz Roja, la entidad ha colaborado estrechamente con otras orga- nizaciones sociales, como C\u00e1ritas, Fundaci\u00f3 Horta Sud, Cocemfe, Plena Inclusi\u00f3n y Fundaci\u00f3n Novaterra, as\u00ed como con numerosas asociaciones locales vinculadas a sus oficinas. Estas alianzas buscan cubrir necesidades urgentes urgentes mientras se planifican estrategias sostenibles para la recuperaci\u00f3n.<\/p>\n\n\n\n<h3 class=\"wp-block-heading\">Medidas de apoyo financiero<\/h3>\n\n\n\n<p>En el \u00e1mbito financiero, Caixa Popular ha desplegado un amplio abanico de soluciones destinadas a familias, aut\u00f3nomos y empresas para facilitar la recuperaci\u00f3n de zonas m\u00e1s afectadas. Entre las medidas m\u00e1s relevantes se incluyen pr\u00e9stamos sin intereses ni comisiones, de hasta 30.000 euros, dise\u00f1ados para adelantar indemnizaciones; financiaci\u00f3n a cinco a\u00f1os, con montos de hasta 100.000 euros, para reparar viviendas, veh\u00edculos y otros bienes da\u00f1ados por la dana; tarjetas de cr\u00e9dito sin intereses, que permiten aplazar compras esenciales sin coste adicional; moratorias de financiaci\u00f3n, que ofrecen la opci\u00f3n de aplazar pagos en cr\u00e9ditos y pr\u00e9stamos para aliviar las cargas financieras de los afectados; exenci\u00f3n de comisiones en cuentas, terminales de punto de venta (TPV) y cancelaciones anticipadas de dep\u00f3sitos, as\u00ed como transferencias gratuitas y la eliminaci\u00f3n de cargos en cajeros autom\u00e1ticos para residentes en las zonas afectadas.<\/p>\n\n\n\n<p>Adem\u00e1s, Caixa Popular ha habilitado el acceso a las l\u00edneas de avales ICO dana del Instituto de Cr\u00e9dito Oficial, brindando mayor flexibilidad a quienes necesitan respaldo financiero para emprender la recuperaci\u00f3n.<\/p>\n\n\n\n<h3 class=\"wp-block-heading\">Una atenci\u00f3n personalizada y cercana<\/h3>\n\n\n\n<p>Como complemento a estas medidas econ\u00f3micas, Caixa Popular ha reforzado su modelo de atenci\u00f3n al cliente con un enfoque personalizado. Ha implantado un servicio de atenci\u00f3n directa a trav\u00e9s de WhatsApp, una herramienta que conecta a los usuarios con gestores especializados en la tramitaci\u00f3n de siniestros y la gesti\u00f3n de ayudas p\u00fablicas. Este canal, r\u00e1pido y accesible, permite atender de manera \u00e1gil a quienes enfrentan p\u00e9rdidas materiales y dificultades<br>econ\u00f3micas derivadas de la dana. La atenci\u00f3n incluye el asesoramiento para la tramitaci\u00f3n de indemnizaciones con el Consorcio de Compensaci\u00f3n de Seguros, as\u00ed como la orientaci\u00f3n en la solicitud de ayudas p\u00fablicas. Este esfuerzo por mantener un contacto cercano y directo con los afectados<br>refuerza el compromiso de la entidad con el bienestar de las personas en un momento<br>cr\u00edtico.<\/p>\n\n\n\n<h3 class=\"wp-block-heading\">Compromiso del Grupo Caja Rural<\/h3>\n\n\n\n<p>La actuaci\u00f3n de Caixa Popular forma parte de una respuesta m\u00e1s amplia liderada por el Grupo Caja Rural, del cual es miembro. Este grupo ha movilizado recursos de manera urgente para proporcionar ayudas directas a los damnificados, que se suman a las donaciones realizadas por cada una de las cajas rurales asociadas. Esta red de colaboraci\u00f3n busca maximizar el impacto de las medidas adoptadas, garantizando que las ayudas lleguen a todas las comunidades afectadas de forma r\u00e1pida y eficaz.<\/p>\n\n\n\n<h3 class=\"wp-block-heading\">Impacto y sostenibilidad<\/h3>\n\n\n\n<p>La capacidad de respuesta de Caixa Popular tras la dana evidencia no solo su compromiso con el territorio valenciano, sino tambi\u00e9n su modelo de gesti\u00f3n enfocado en la sostenibilidad y la acci\u00f3n social. Las alianzas con organizaciones como Cruz Roja, C\u00e1ritas y otras entidades locales aseguran que las ayudas no solo atiendan necesidades inmediatas, sino que contribuyan a la construcci\u00f3n de soluciones a largo plazo. <\/p>\n\n\n\n<p>La habilitaci\u00f3n de una parcela espec\u00edfica para la gesti\u00f3n de escombros y la colaboraci\u00f3n con empresas locales para la reconstrucci\u00f3n son ejemplos de c\u00f3mo la entidad combina su misi\u00f3n financiera con una responsabilidad social activa.<\/p>\n\n\n\n<h3 class=\"wp-block-heading\">Recuperaci\u00f3n inclusiva y eficiente<\/h3>\n\n\n\n<p>Con estas acciones, Caixa Popular no solo reafirma su compromiso con las personas afectadas, sino que tambi\u00e9n demuestra la importancia de contar con un sistema financiero local comprometido y solidario. La combinaci\u00f3n de ayudas econ\u00f3micas, atenci\u00f3n personalizada y alianzas estrat\u00e9gicas convierte a la entidad en un actor clave para superar los retos planteados por esta emergencia clim\u00e1tica.<\/p>\n\n\n\n<p>A medida que avanzan las labores de recuperaci\u00f3n en los municipios valencianos, el apoyo de Caixa Popular se mantiene como una pieza esencial para garantizar una vuelta a la normalidad inclusiva, sostenible y eficaz. El impacto de estas iniciativas trasciende lo inmediato, marcando un camino a seguir en situaciones de crisis.<\/p>\n\n\n\n<p><\/p>\n","protected":false},"excerpt":{"rendered":"<p>La cooperativa de cr\u00e9dito lidera el apoyo financiero y social tras la dana que asol\u00f3 Valencia con pr\u00e9stamos sin intereses ni comisiones, financiaci\u00f3n para reparaciones, tarjetas de cr\u00e9dito sin comisiones o moratorias para clientes que lo soliciten En respuesta a los devastadores efectos de la dana que golpe\u00f3 con fuerza el territorio valenciano, Caixa Popular [&hellip;]<\/p>\n","protected":false},"author":28,"featured_media":228,"comment_status":"closed","ping_status":"closed","sticky":false,"template":"","format":"standard","meta":{"footnotes":""},"categories":[17],"tags":[],"class_list":["post-226","post","type-post","status-publish","format-standard","has-post-thumbnail","hentry","category-impulsores"],"_links":{"self":[{"href":"https:\/\/especiales-hub.prensaiberica.es\/valencia-por-la-reconstruccion\/wp-json\/wp\/v2\/posts\/226","targetHints":{"allow":["GET"]}}],"collection":[{"href":"https:\/\/especiales-hub.prensaiberica.es\/valencia-por-la-reconstruccion\/wp-json\/wp\/v2\/posts"}],"about":[{"href":"https:\/\/especiales-hub.prensaiberica.es\/valencia-por-la-reconstruccion\/wp-json\/wp\/v2\/types\/post"}],"author":[{"embeddable":true,"href":"https:\/\/especiales-hub.prensaiberica.es\/valencia-por-la-reconstruccion\/wp-json\/wp\/v2\/users\/28"}],"replies":[{"embeddable":true,"href":"https:\/\/especiales-hub.prensaiberica.es\/valencia-por-la-reconstruccion\/wp-json\/wp\/v2\/comments?post=226"}],"version-history":[{"count":0,"href":"https:\/\/especiales-hub.prensaiberica.es\/valencia-por-la-reconstruccion\/wp-json\/wp\/v2\/posts\/226\/revisions"}],"wp:featuredmedia":[{"embeddable":true,"href":"https:\/\/especiales-hub.prensaiberica.es\/valencia-por-la-reconstruccion\/wp-json\/wp\/v2\/media\/228"}],"wp:attachment":[{"href":"https:\/\/especiales-hub.prensaiberica.es\/valencia-por-la-reconstruccion\/wp-json\/wp\/v2\/media?parent=226"}],"wp:term":[{"taxonomy":"category","embeddable":true,"href":"https:\/\/especiales-hub.prensaiberica.es\/valencia-por-la-reconstruccion\/wp-json\/wp\/v2\/categories?post=226"},{"taxonomy":"post_tag","embeddable":true,"href":"https:\/\/especiales-hub.prensaiberica.es\/valencia-por-la-reconstruccion\/wp-json\/wp\/v2\/tags?post=226"}],"curies":[{"name":"wp","href":"https:\/\/api.w.org\/{rel}","templated":true}]}}