{"id":240,"date":"2024-12-11T12:45:52","date_gmt":"2024-12-11T11:45:52","guid":{"rendered":"https:\/\/especiales-hub.prensaiberica.es\/valencia-por-la-reconstruccion\/?p=240"},"modified":"2024-12-11T12:45:52","modified_gmt":"2024-12-11T11:45:52","slug":"consum-con-los-afectados-por-la-dana-desde-el-primer-minuto","status":"publish","type":"post","link":"https:\/\/especiales-hub.prensaiberica.es\/valencia-por-la-reconstruccion\/impulsores\/consum-con-los-afectados-por-la-dana-desde-el-primer-minuto\/","title":{"rendered":"Consum, con los afectados por la dana desde el primer minuto"},"content":{"rendered":"\n<p>Desde el d\u00eda siguiente a la dana, el mi\u00e9rcoles 30 de octubre, Consum centr\u00f3 sus esfuerzos en la acci\u00f3n humanitaria, es decir, en canalizar ayuda directa para las personas que lo necesitaban y aprovisionar y abastecer muy bien las tiendas que permanecieron abiertas en las zonas lim\u00edtrofes a las poblaciones afectabas. En estos momentos, las ayudas de Consum se est\u00e1n centrando en atender las solicitudes de los ayuntamientos con productos de higiene y limpieza, aprovisionamiento de los cuerpos de seguridad y enseres para reacondicionar las viviendas.<\/p>\n\n\n\n<p><br>Superada la fase inicial de acci\u00f3n humanitaria con suministro de alimentos y productos b\u00e1sicos, la ayuda se centra ahora en atender las solicitudes de los ayuntamientos con productos de higiene, aprovisionamiento de los cuerpos de seguridad y enseres para la rehabilitaci\u00f3n de viviendas. Consum est\u00e1 atendiendo las solicitudes de los ayuntamientos afectados que en este momento necesitan producto fresco, utensilios de limpieza, provisiones para los efectivos de limpieza y menaje y ropa de hogar para avanzar en la reconstrucci\u00f3n. Por este motivo, la cooperativa est\u00e1 trabajando tambi\u00e9n en colaboraci\u00f3n con sus proveedores de productos de no alimentaci\u00f3n con el objetivo de facilitar la dotaci\u00f3n y distribuci\u00f3n de enseres b\u00e1sicos para poder reacondicionar las viviendas afectadas lo antes posible.<\/p>\n\n\n\n<p><br>La respuesta m\u00e1s inmediata se produjo desde el segundo d\u00eda tras la dana hasta la semana siguiente, en coordinaci\u00f3n con la Direcci\u00f3n General de Inclusi\u00f3n, se realizaron servicios continuados de entregas de alimentos, agua y productos de primera necesidad a 1.300 personas, de residencias de ancianos, centros de personas con discapacidad y de menores de 10 poblaciones: Albal, Aldaia, Algemes\u00ed, Carlet, Catarroja, Manises, Massanassa, Picanya, Picassent y Sedav\u00ed.<\/p>\n\n\n\n<p><br>La cooperativa ha colaborado tambi\u00e9n con World Central Kitchen del chef Jose Andr\u00e9s y la Federaci\u00f3n de Bancos de Alimentos, Fesbal, con cerca de 1.000 cajas de producto fresco desde la Plataforma de Ribarroja. Y, con Cruz Roja, a\u00fan sigue colaborando con un enlace distintivo en la web de Consum para favorecer las donaciones a dicha ONG https:\/\/cercadeti.cruzroja.es\/consumdana.<\/p>\n\n\n\n<figure class=\"wp-block-gallery has-nested-images columns-default is-cropped wp-block-gallery-1 is-layout-flex wp-block-gallery-is-layout-flex\">\n<figure class=\"wp-block-image size-large\"><img loading=\"lazy\" decoding=\"async\" width=\"619\" height=\"511\" data-id=\"242\" src=\"https:\/\/especiales-hub.prensaiberica.es\/valencia-por-la-reconstruccion\/wp-content\/uploads\/2024\/12\/pag56-2.jpg\" alt=\"\" class=\"wp-image-242\" srcset=\"https:\/\/especiales-hub.prensaiberica.es\/valencia-por-la-reconstruccion\/wp-content\/uploads\/2024\/12\/pag56-2.jpg 619w, https:\/\/especiales-hub.prensaiberica.es\/valencia-por-la-reconstruccion\/wp-content\/uploads\/2024\/12\/pag56-2-300x248.jpg 300w\" sizes=\"auto, (max-width: 619px) 100vw, 619px\" \/><figcaption class=\"wp-element-caption\">Consum realiza un gran esfuerzo por poner en funcionamiento lo antes posible la mayor parte de sus supermercados. | Consum<\/figcaption><\/figure>\n\n\n\n<figure class=\"wp-block-image size-large\"><img loading=\"lazy\" decoding=\"async\" width=\"619\" height=\"511\" data-id=\"244\" src=\"https:\/\/especiales-hub.prensaiberica.es\/valencia-por-la-reconstruccion\/wp-content\/uploads\/2024\/12\/pag56-4.jpg\" alt=\"\" class=\"wp-image-244\" srcset=\"https:\/\/especiales-hub.prensaiberica.es\/valencia-por-la-reconstruccion\/wp-content\/uploads\/2024\/12\/pag56-4.jpg 619w, https:\/\/especiales-hub.prensaiberica.es\/valencia-por-la-reconstruccion\/wp-content\/uploads\/2024\/12\/pag56-4-300x248.jpg 300w\" sizes=\"auto, (max-width: 619px) 100vw, 619px\" \/><figcaption class=\"wp-element-caption\">Consum realiza un gran esfuerzo por poner en funcionamiento lo antes posible la mayor parte de sus supermercados. | Consum<\/figcaption><\/figure>\n\n\n\n<figure class=\"wp-block-image size-large\"><img loading=\"lazy\" decoding=\"async\" width=\"619\" height=\"511\" data-id=\"243\" src=\"https:\/\/especiales-hub.prensaiberica.es\/valencia-por-la-reconstruccion\/wp-content\/uploads\/2024\/12\/pag56-3.jpg\" alt=\"\" class=\"wp-image-243\" srcset=\"https:\/\/especiales-hub.prensaiberica.es\/valencia-por-la-reconstruccion\/wp-content\/uploads\/2024\/12\/pag56-3.jpg 619w, https:\/\/especiales-hub.prensaiberica.es\/valencia-por-la-reconstruccion\/wp-content\/uploads\/2024\/12\/pag56-3-300x248.jpg 300w\" sizes=\"auto, (max-width: 619px) 100vw, 619px\" \/><figcaption class=\"wp-element-caption\">Consum realiza un gran esfuerzo por poner en funcionamiento lo antes posible la mayor parte de sus supermercados. | Consum<\/figcaption><\/figure>\n<\/figure>\n\n\n\n<h2 class=\"wp-block-heading\">Facilitar las compras<\/h2>\n\n\n\n<p>Desde el 2 de diciembre, la cooperativa pondr\u00e1 en marcha un paquete de medidas para favorecer el acceso a la compra de los vecinos de las poblaciones afectadas por la dana en la provincia de Val\u00e8ncia ofreciendo facilidades para acceder a zonas con supermercados y descuentos especiales en la tienda online. Adem\u00e1s, desde la pr\u00f3xima semana los clientes del servicio de tienda online de Consum contar\u00e1n con gastos de env\u00edo gratis en las poblaciones afectadas por el temporal.<\/p>\n\n\n\n<p><br>Dentro de este mismo plan, la cooperativa pone en servicio dos l\u00edneas de autobuses gratuitas para facilitar los desplazamientos de los vecinos hasta el supermercado m\u00e1s cercano. Una de las l\u00edneas de autob\u00fas une el barrio de San Marcelino (c\/ Salvador Perles) con Albal (avenida Padre Carlos Ferris) en un trayecto de alrededor de una hora y cuenta con parada en el barrio de La Torre, Sedav\u00ed, Alfafar, Benet\u00fasser, Masssanassa y Catarroja. La otra l\u00ednea de bus cubre el trayecto Algemes\u00ed (avenida de la Generalitat Valenciana)-Alzira (plaza Primero de Mayo) y cuenta con una parada intermedia en la Pla\u00e7a del Mercat de Algemes\u00ed. Ambos servicios circulan entre las 9 y las 20 horas y tienen una frecuencia de paso de dos horas.<\/p>\n\n\n\n<p><\/p>\n\n\n\n<h2 class=\"wp-block-heading\">Respuesta en 24 horas<\/h2>\n\n\n\n<p>La Cooperativa centr\u00f3 su respuesta a la cat\u00e1strofe con cinco l\u00edneas de acci\u00f3n: asistencia a personas vulnerables; colaboraci\u00f3n con el Centro de Coordinaci\u00f3n de Emergencias y Vicepresidencia del Consell; atenci\u00f3n directa a los ayuntamientos m\u00e1s afectados con el env\u00edo de agua y alimentos y para lograr el acceso a dichas poblaciones para favorecer la reapertura de supermercados. Tambi\u00e9n se realiz\u00f3 el aprovisionamiento para los efectivos de las Fuerzas y Cuerpos de Seguridad del Estado y se realiz\u00f3 dotaciones para el Consistorio de Val\u00e8ncia, desde la plataforma log\u00edstica de Silla hacia el barrio de La Torre de Val\u00e8ncia.<\/p>\n\n\n\n<p><br>En cuanto al abastecimiento de agua, ya que la mayor\u00eda de las poblaciones se quedaron sin luz, agua, gas y cobertura de m\u00f3vil, se distribuyeron siete tr\u00e1ileres, en colaboraci\u00f3n con Aquadeus y Fundaci\u00f3n Damm. Con agua de Ch\u00f3var, se hicieron env\u00edos de agua en helic\u00f3pteros de la UME; permisos especiales de circulaci\u00f3n y accesos para Consum, Cade y Reparte; grupo electr\u00f3geno para la reapertura en Chiva y la escolta policial.<\/p>\n\n\n\n<p><br>Consum sigue trabajando para reabrir sus tiendas afectadas lo antes posible. Esta semana ha reabierto el Consum de Aldaia, que se suma a la tienda de Paiporta, que tambi\u00e9n volvi\u00f3 a levantar la persiana el pasado martes 26 de noviembre. Tambi\u00e9n est\u00e1n a punto de reabrir el Consum de Catarroja del Mercat, en la calle Miguel Hern\u00e1ndez, y el centro de Picanya del Paseo Primavera. En las \u00faltimas semanas la cooperativa ha ido reabriendo progresivamente los establecimientos afectados en poblaciones del \u00e1rea metropolitana de Val\u00e8ncia y una vez que se abran estos dos, contar\u00e1 con 28 supermercados en servicio de los 39 afectados por la riada. Consum est\u00e1 realizando un gran esfuerzo por poner en funcionamiento lo antes posible la mayor parte de sus supermercados que sufrieron da\u00f1os importantes por la dana. De momento, solo quedar\u00edan once tiendas por reabrir, cuyos da\u00f1os van a provocar que se tenga que reconstruir \u00edntegramente.<\/p>\n\n\n\n<p><\/p>\n\n\n\n<h2 class=\"wp-block-heading\">Respaldo a los trabajadores<\/h2>\n\n\n\n<p>Consum, como cooperativa, tambi\u00e9n tuvo una respuesta urgente con medidas de ayuda a sus trabajadores afectados, que han ascendido a cerca de mil personas. La cooperativa puso en marcha un Plan de Donaciones a fondo perdido y pr\u00e9stamos al 0 % de inter\u00e9s para ayudar econ\u00f3micamente a los cerca de 1.000 trabajadores de su plantilla afectados por el temporal. La cooperativa activ\u00f3 el Plan de Donaciones entre trabajadores con una primera aportaci\u00f3n de 4 millones de euros.<\/p>\n\n\n\n<p><br>Con el objetivo de poder ofrecer ayuda inmediata a los trabajadores de Consum afectados por el temporal para cubrir sus necesidades b\u00e1sicas urgentes, la Cooperativa ha abierto una v\u00eda urgente de solicitud de anticipos laborales a los trabajadores afectados por la dana. Adem\u00e1s, en estos d\u00edas Consum ha reforzado su Servicio de Atenci\u00f3n Emocional, que se puso en marcha durante la pandemia, y su Servicio M\u00e9dico Online, para dar cobertura a los trabajadores de las tiendas, la sede social y las plataformas log\u00edsticas de Silla, Riba-roja y Quart, que se encuentran en las zonas afectadas por el temporal.<\/p>\n\n\n\n<p><br>Como todos los a\u00f1os, la plantilla de la cooperativa organiza una recogida de juguetes especial por Navidad entre los trabajadores. Este a\u00f1o la convocatoria se extiende, adem\u00e1s de juguetes, a material escolar que ir\u00e1 destinado a los ni\u00f1os de las zonas afectadas por la dana. En ediciones anteriores se recogieron cerca de 6.000 juguetes.<\/p>\n","protected":false},"excerpt":{"rendered":"<p>La cooperativa se centra en canalizar ayuda directa y atender las solicitudes de los ayuntamientos<\/p>\n","protected":false},"author":16,"featured_media":241,"comment_status":"closed","ping_status":"closed","sticky":false,"template":"","format":"standard","meta":{"footnotes":""},"categories":[17],"tags":[],"class_list":["post-240","post","type-post","status-publish","format-standard","has-post-thumbnail","hentry","category-impulsores"],"_links":{"self":[{"href":"https:\/\/especiales-hub.prensaiberica.es\/valencia-por-la-reconstruccion\/wp-json\/wp\/v2\/posts\/240","targetHints":{"allow":["GET"]}}],"collection":[{"href":"https:\/\/especiales-hub.prensaiberica.es\/valencia-por-la-reconstruccion\/wp-json\/wp\/v2\/posts"}],"about":[{"href":"https:\/\/especiales-hub.prensaiberica.es\/valencia-por-la-reconstruccion\/wp-json\/wp\/v2\/types\/post"}],"author":[{"embeddable":true,"href":"https:\/\/especiales-hub.prensaiberica.es\/valencia-por-la-reconstruccion\/wp-json\/wp\/v2\/users\/16"}],"replies":[{"embeddable":true,"href":"https:\/\/especiales-hub.prensaiberica.es\/valencia-por-la-reconstruccion\/wp-json\/wp\/v2\/comments?post=240"}],"version-history":[{"count":0,"href":"https:\/\/especiales-hub.prensaiberica.es\/valencia-por-la-reconstruccion\/wp-json\/wp\/v2\/posts\/240\/revisions"}],"wp:featuredmedia":[{"embeddable":true,"href":"https:\/\/especiales-hub.prensaiberica.es\/valencia-por-la-reconstruccion\/wp-json\/wp\/v2\/media\/241"}],"wp:attachment":[{"href":"https:\/\/especiales-hub.prensaiberica.es\/valencia-por-la-reconstruccion\/wp-json\/wp\/v2\/media?parent=240"}],"wp:term":[{"taxonomy":"category","embeddable":true,"href":"https:\/\/especiales-hub.prensaiberica.es\/valencia-por-la-reconstruccion\/wp-json\/wp\/v2\/categories?post=240"},{"taxonomy":"post_tag","embeddable":true,"href":"https:\/\/especiales-hub.prensaiberica.es\/valencia-por-la-reconstruccion\/wp-json\/wp\/v2\/tags?post=240"}],"curies":[{"name":"wp","href":"https:\/\/api.w.org\/{rel}","templated":true}]}}