{"id":247,"date":"2024-12-11T12:46:29","date_gmt":"2024-12-11T11:46:29","guid":{"rendered":"https:\/\/especiales-hub.prensaiberica.es\/valencia-por-la-reconstruccion\/?p=247"},"modified":"2024-12-11T12:46:29","modified_gmt":"2024-12-11T11:46:29","slug":"la-universitat-de-valencia-frente-a-la-dana-afectacion-y-respuesta","status":"publish","type":"post","link":"https:\/\/especiales-hub.prensaiberica.es\/valencia-por-la-reconstruccion\/afectados-por-la-dana\/la-universitat-de-valencia-frente-a-la-dana-afectacion-y-respuesta\/","title":{"rendered":"La Universitat de Val\u00e8ncia frente a la dana: afectaci\u00f3n y respuesta"},"content":{"rendered":"\n<p>La reciente dana que azot\u00f3 la comarca de l\u2019Horta Sud ha dejado una estela de destrucci\u00f3n y afectaci\u00f3n en una de las \u00e1reas metropolitanas de la ciudad de Val\u00e8ncia en la que tambi\u00e9n se ha visto altamente afectada la comunidad universitaria de la Universitat de Val\u00e8ncia (UV). La magnitud de la cat\u00e1strofe se refleja en las cifras: aproximadamente el 20 % de la comunidad universitaria de la UV se vio afectada en mayor o menor medida. Esto incluye a 9.300 estudiantes y 1.800 trabajadores, cuyas afectaciones var\u00edan desde la p\u00e9rdida total de bienes hasta complicaciones de movilidad. La devastaci\u00f3n ha dejado a muchos sin hogar, sin acceso a recursos b\u00e1sicos y con la necesidad urgente de apoyo.<\/p>\n\n\n\n<p><br>En respuesta a esta emergencia, la Universitat de Val\u00e8ncia ha implementado una serie de medidas para apoyar a su comunidad y a la sociedad en general para mitigar los efectos de la cat\u00e1strofe.<\/p>\n\n\n\n<p><\/p>\n\n\n\n<h2 class=\"wp-block-heading\">Docencia a distancia y teletrabajo<\/h2>\n\n\n\n<p>Una de las primeras medidas adoptadas fue la implementaci\u00f3n de la docencia a distancia. Esta decisi\u00f3n, consensuada con la Generalitat Valenciana y la Universitat Polit\u00e8cnica de Val\u00e8ncia se tom\u00f3 para evitar los desplazamientos y as\u00ed descongestionar las carreteras, facilitando los trabajos de emergencia y garantizando la seguridad de los estudiantes y el personal. Una docencia que desde la puesta en marcha del servicio de Metrovalencia ha empezado, poco a poco, a recuperar paulatinamente la normalidad.<br>Para los trabajadores afectados, la UV ha facilitado el teletrabajo, permitiendo que el personal pueda continuar con sus labores desde casa. Esta medida no solo ayuda a mantener la operatividad de la universidad, sino que tambi\u00e9n ofrece flexibilidad y apoyo a aquellos que enfrentan dificultades para desplazarse o que necesitan atender situaciones personales urgentes.<\/p>\n\n\n\n<p><br>Reconociendo la importancia de la tecnolog\u00eda en la educaci\u00f3n a distancia, la UV ha distribuido equipos inform\u00e1ticos y dispositivos de conectividad a los estudiantes y trabajadores afectados. Esta iniciativa garantiza que todos los miembros de la comunidad universitaria tengan acceso a las herramientas necesarias para continuar con sus estudios y trabajos sin interrupciones.<\/p>\n\n\n\n<p><\/p>\n\n\n\n<h2 class=\"wp-block-heading\">Atenci\u00f3n psicol\u00f3gica y jur\u00eddica gratuita<\/h2>\n\n\n\n<p>La UV ha puesto a disposici\u00f3n de su comunidad servicios gratuitos de atenci\u00f3n psicol\u00f3gica y jur\u00eddica a trav\u00e9s de la Cl\u00ednica Psicol\u00f3gica y de la Cl\u00ednica Jur\u00eddica para la Justicia Social. Estos servicios son esenciales para apoyar a aquellos que han sufrido p\u00e9rdidas significativas o que enfrentan problemas legales derivados de la cat\u00e1strofe. La atenci\u00f3n psicol\u00f3gica ayuda a manejar el estr\u00e9s y el trauma, mientras que la asistencia jur\u00eddica ofrece orientaci\u00f3n en la reclamaci\u00f3n de da\u00f1os y otros asuntos legales<\/p>\n\n\n\n<p><\/p>\n\n\n\n<h2 class=\"wp-block-heading\">Aplazamiento de matr\u00edcula y becas<\/h2>\n\n\n\n<p>Para aliviar la carga financiera de los estudiantes afectados, la UV ha implementado el aplazamiento de matr\u00edcula y ha establecido becas espec\u00edficas por valor de 1.600.000\u20ac destinadas a atender situaciones sobrevenidas por la dana. Estas medidas aseguran que los estudiantes puedan continuar con su educaci\u00f3n sin preocuparse por los costos inmediatos, ofreciendo un respiro econ\u00f3mico en tiempos de crisis.<\/p>\n\n\n<div class=\"wp-block-image\">\n<figure class=\"aligncenter size-large\"><img loading=\"lazy\" decoding=\"async\" width=\"1024\" height=\"680\" src=\"https:\/\/especiales-hub.prensaiberica.es\/valencia-por-la-reconstruccion\/wp-content\/uploads\/2024\/12\/pag57-2-1024x680.jpg\" alt=\"\" class=\"wp-image-257\" srcset=\"https:\/\/especiales-hub.prensaiberica.es\/valencia-por-la-reconstruccion\/wp-content\/uploads\/2024\/12\/pag57-2-1024x680.jpg 1024w, https:\/\/especiales-hub.prensaiberica.es\/valencia-por-la-reconstruccion\/wp-content\/uploads\/2024\/12\/pag57-2-300x199.jpg 300w, https:\/\/especiales-hub.prensaiberica.es\/valencia-por-la-reconstruccion\/wp-content\/uploads\/2024\/12\/pag57-2-768x510.jpg 768w, https:\/\/especiales-hub.prensaiberica.es\/valencia-por-la-reconstruccion\/wp-content\/uploads\/2024\/12\/pag57-2.jpg 1173w\" sizes=\"auto, (max-width: 1024px) 100vw, 1024px\" \/><\/figure>\n<\/div>\n\n\n<h2 class=\"wp-block-heading\">Voluntariado en las Zonas Afectadas<\/h2>\n\n\n\n<p>M\u00e1s all\u00e1 de las acciones dirigidas directa mente a su comunidad, la UV tambi\u00e9n ha puesto en marcha diferentes acciones directas para actuar en diferentes \u00e1mbitos en las zonas afectadas. As\u00ed, ha organizado programas de voluntariado en las zonas m\u00e1s afectadas, movilizando a estudiantes y personal para ayudar en las labores de limpieza, reparto de v\u00edveres como la participaci\u00f3n del estudiantado del Grado de Ciencias Gastron\u00f3micas con la ONG de World Central Kitchen<\/p>\n\n\n\n<p><\/p>\n\n\n\n<h2 class=\"wp-block-heading\">Programa \u2018Salvem Les Fotos\u2019<\/h2>\n\n\n\n<p>El programa \u00abSalvem Les Fotos\u00bb es una iniciativa \u00fanica de la UV para recuperar y restaurar \u00e1lbumes y fotograf\u00edas da\u00f1adas por la dana, contribuyendo as\u00ed a la salvaguarda de esta memoria familiar y colectiva. Para ello se trabaja en colaboraci\u00f3n y con equipos interdisciplinares que integran, entre otros, a conservadores, restauradores, historiadores del arte, fot\u00f3grafos o expertos en documentaci\u00f3n y digitalizaci\u00f3n del patrimonio.<\/p>\n\n\n\n<p><\/p>\n\n\n\n<h2 class=\"wp-block-heading\">Recuperaci\u00f3n de la cultura<\/h2>\n\n\n\n<p>La UV tambi\u00e9n ha puesto en marcha esfuerzos para la recuperaci\u00f3n de obras de arte para rescatar fondos de arte contempor\u00e1neo afectados por la dana. En este sentido, tambi\u00e9n ha puesto en marcha proyectos de reconstrucci\u00f3n de bibliotecas p\u00fablicas afectadas por la dana y la recogida y env\u00edo de material escolar para que los centros escolares afectados puedan retomar su actividad lo antes posible. Paralelamente, otra de las acciones ha sido la creaci\u00f3n de un fondo de ayuda espec\u00edfico para apoyar a aquellos m\u00fasicos o entidades musicales que han perdido sus instrumentos. Este fondo ayudar\u00e1 al alumnado y entidades del tejido social valenciano que han sufrido p\u00e9rdidas materiales, con acciones como la restauraci\u00f3n de instrumentos y archivos da\u00f1ados, ayudas para la continuaci\u00f3n de actividades musicales y la preservaci\u00f3n del patrimonio musical valenciano en las zonas afectadas.<\/p>\n\n\n\n<p><\/p>\n\n\n\n<h2 class=\"wp-block-heading\">Cesi\u00f3n de la Escuela de Magisterio<\/h2>\n\n\n\n<p>M\u00e1s recientemente, la UV ha cedido la antigua Escuela de Magisterio a la Conselleria de Educaci\u00f3n para albergar temporalmente al alumnado del colegio Llu\u00eds Vives de Massanassa, que qued\u00f3 en estado de ruina tras la dana. Una cesi\u00f3n para la que la UV tuvo que adaptar, en tiempo r\u00e9cord, unas instalaciones que no fueron dise\u00f1adas en un principio para albergar a unos usuarios tan peque\u00f1os. Unos trabajos que permitieron en poco m\u00e1s de dos semanas que el alumnado de infantil retomase su docencia el pasado 25 de noviembre.<\/p>\n","protected":false},"excerpt":{"rendered":"<p>La UV implementa una serie de medidas para apoyar a su comunidad afectada y a la sociedad en general <\/p>\n","protected":false},"author":29,"featured_media":256,"comment_status":"closed","ping_status":"closed","sticky":false,"template":"","format":"standard","meta":{"footnotes":""},"categories":[14],"tags":[],"class_list":["post-247","post","type-post","status-publish","format-standard","has-post-thumbnail","hentry","category-afectados-por-la-dana"],"_links":{"self":[{"href":"https:\/\/especiales-hub.prensaiberica.es\/valencia-por-la-reconstruccion\/wp-json\/wp\/v2\/posts\/247","targetHints":{"allow":["GET"]}}],"collection":[{"href":"https:\/\/especiales-hub.prensaiberica.es\/valencia-por-la-reconstruccion\/wp-json\/wp\/v2\/posts"}],"about":[{"href":"https:\/\/especiales-hub.prensaiberica.es\/valencia-por-la-reconstruccion\/wp-json\/wp\/v2\/types\/post"}],"author":[{"embeddable":true,"href":"https:\/\/especiales-hub.prensaiberica.es\/valencia-por-la-reconstruccion\/wp-json\/wp\/v2\/users\/29"}],"replies":[{"embeddable":true,"href":"https:\/\/especiales-hub.prensaiberica.es\/valencia-por-la-reconstruccion\/wp-json\/wp\/v2\/comments?post=247"}],"version-history":[{"count":0,"href":"https:\/\/especiales-hub.prensaiberica.es\/valencia-por-la-reconstruccion\/wp-json\/wp\/v2\/posts\/247\/revisions"}],"wp:featuredmedia":[{"embeddable":true,"href":"https:\/\/especiales-hub.prensaiberica.es\/valencia-por-la-reconstruccion\/wp-json\/wp\/v2\/media\/256"}],"wp:attachment":[{"href":"https:\/\/especiales-hub.prensaiberica.es\/valencia-por-la-reconstruccion\/wp-json\/wp\/v2\/media?parent=247"}],"wp:term":[{"taxonomy":"category","embeddable":true,"href":"https:\/\/especiales-hub.prensaiberica.es\/valencia-por-la-reconstruccion\/wp-json\/wp\/v2\/categories?post=247"},{"taxonomy":"post_tag","embeddable":true,"href":"https:\/\/especiales-hub.prensaiberica.es\/valencia-por-la-reconstruccion\/wp-json\/wp\/v2\/tags?post=247"}],"curies":[{"name":"wp","href":"https:\/\/api.w.org\/{rel}","templated":true}]}}