{"id":249,"date":"2024-12-11T12:20:23","date_gmt":"2024-12-11T11:20:23","guid":{"rendered":"https:\/\/especiales-hub.prensaiberica.es\/valencia-por-la-reconstruccion\/?p=249"},"modified":"2024-12-11T12:20:23","modified_gmt":"2024-12-11T11:20:23","slug":"tavernes-centre-logistic-de-distribucio-de-material","status":"publish","type":"post","link":"https:\/\/especiales-hub.prensaiberica.es\/valencia-por-la-reconstruccion\/impulsores\/tavernes-centre-logistic-de-distribucio-de-material\/","title":{"rendered":"Tavernes, centre log\u00edstic de distribuci\u00f3 de material"},"content":{"rendered":"\n<h2 class=\"wp-block-heading\">L\u2019Ajuntament ha habilitat una nau industrial que recull l\u2019ajuda enviada de Madrid o els excedents d\u2019altres localitats<\/h2>\n\n\n\n<div style=\"height:30px\" aria-hidden=\"true\" class=\"wp-block-spacer\"><\/div>\n\n\n\n<p>La localitat de Tavernes de la Valldigna s\u2019ha convertit en centre log\u00edstic d&#8217;emmagatzematge i distribuci\u00f3 de productes per als municipis afectats per la dana. L&#8217;Ajuntament ha habilitat una nau industrial que recull tant l\u2019ajuda enviada des de la Delegaci\u00f3 de Govern de Madrid, a trav\u00e9s d\u2019un dispositiu coordinat per la Delegaci\u00f3 de Govern de la Comunitat Valenciana, com l\u2019excedent d\u2019altres localitats que ja no tenen prou espai per a emmagatzemar el material.<\/p>\n\n\n\n<p>En este punt receptor de Tavernes de la Valldigna hi ha productes de primera necessitat, xicotets electrodom\u00e8stics, material de neteja i roba. Un equipament que est\u00e0 classificat i preparat amb palets per a la seua distribuci\u00f3 entre aquelles localitats que ho necessiten.<br>Es tracta de productes que estan a l\u2019abast dels ajuntaments afectats de la prov\u00edncia de Val\u00e8ncia, i que una vegada ho sol\u00b7liciten, es posa en marxa el dispositiu per a fer-los arribar tot all\u00f2 que necessiten.<\/p>\n\n\n\n<figure class=\"wp-block-image size-full\"><img loading=\"lazy\" decoding=\"async\" width=\"800\" height=\"490\" src=\"https:\/\/especiales-hub.prensaiberica.es\/valencia-por-la-reconstruccion\/wp-content\/uploads\/2024\/12\/pag87-2.jpg\" alt=\"\" class=\"wp-image-253\" srcset=\"https:\/\/especiales-hub.prensaiberica.es\/valencia-por-la-reconstruccion\/wp-content\/uploads\/2024\/12\/pag87-2.jpg 800w, https:\/\/especiales-hub.prensaiberica.es\/valencia-por-la-reconstruccion\/wp-content\/uploads\/2024\/12\/pag87-2-300x184.jpg 300w, https:\/\/especiales-hub.prensaiberica.es\/valencia-por-la-reconstruccion\/wp-content\/uploads\/2024\/12\/pag87-2-768x470.jpg 768w\" sizes=\"auto, (max-width: 800px) 100vw, 800px\" \/><figcaption class=\"wp-element-caption\">Voluntaris de Tavernes carregant el cami\u00f3 de la brigada municipal en la porta del centre parroquial. A la dreta, magatzem en una nau industrial de Tavernes. | A. T.<\/figcaption><\/figure>\n\n\n\n<h3 class=\"wp-block-heading\">Ajuda continua<\/h3>\n\n\n\n<p>D\u2019esta manera, Tavernes de la Valldigna continua recolzant als municipis afectats per la dana, ara com a centre log\u00edstic, per\u00f2 en el moment de l\u2019emerg\u00e8ncia aportant productes b\u00e0sics els primers dies de la re- construcci\u00f3 de moltes localitats. Recollida, transport i distribuci\u00f3 de productes que la ciutat va aportar gr\u00e0cies als voluntaris, associacions, operaris de la brigada municipal, Policia Local, Protecci\u00f3 Civil, i tots els departaments municipals implicats coordinats per la Regidoria de Serveis Socials.<\/p>\n","protected":false},"excerpt":{"rendered":"<p>L\u2019Ajuntament ha habilitat una nau industrial que recull l\u2019ajuda enviada de Madrid o els excedents d\u2019altres localitats La localitat de Tavernes de la Valldigna s\u2019ha convertit en centre log\u00edstic d&#8217;emmagatzematge i distribuci\u00f3 de productes per als municipis afectats per la dana. L&#8217;Ajuntament ha habilitat una nau industrial que recull tant l\u2019ajuda enviada des de la [&hellip;]<\/p>\n","protected":false},"author":40,"featured_media":251,"comment_status":"closed","ping_status":"closed","sticky":false,"template":"","format":"standard","meta":{"footnotes":""},"categories":[17],"tags":[],"class_list":["post-249","post","type-post","status-publish","format-standard","has-post-thumbnail","hentry","category-impulsores"],"_links":{"self":[{"href":"https:\/\/especiales-hub.prensaiberica.es\/valencia-por-la-reconstruccion\/wp-json\/wp\/v2\/posts\/249","targetHints":{"allow":["GET"]}}],"collection":[{"href":"https:\/\/especiales-hub.prensaiberica.es\/valencia-por-la-reconstruccion\/wp-json\/wp\/v2\/posts"}],"about":[{"href":"https:\/\/especiales-hub.prensaiberica.es\/valencia-por-la-reconstruccion\/wp-json\/wp\/v2\/types\/post"}],"author":[{"embeddable":true,"href":"https:\/\/especiales-hub.prensaiberica.es\/valencia-por-la-reconstruccion\/wp-json\/wp\/v2\/users\/40"}],"replies":[{"embeddable":true,"href":"https:\/\/especiales-hub.prensaiberica.es\/valencia-por-la-reconstruccion\/wp-json\/wp\/v2\/comments?post=249"}],"version-history":[{"count":0,"href":"https:\/\/especiales-hub.prensaiberica.es\/valencia-por-la-reconstruccion\/wp-json\/wp\/v2\/posts\/249\/revisions"}],"wp:featuredmedia":[{"embeddable":true,"href":"https:\/\/especiales-hub.prensaiberica.es\/valencia-por-la-reconstruccion\/wp-json\/wp\/v2\/media\/251"}],"wp:attachment":[{"href":"https:\/\/especiales-hub.prensaiberica.es\/valencia-por-la-reconstruccion\/wp-json\/wp\/v2\/media?parent=249"}],"wp:term":[{"taxonomy":"category","embeddable":true,"href":"https:\/\/especiales-hub.prensaiberica.es\/valencia-por-la-reconstruccion\/wp-json\/wp\/v2\/categories?post=249"},{"taxonomy":"post_tag","embeddable":true,"href":"https:\/\/especiales-hub.prensaiberica.es\/valencia-por-la-reconstruccion\/wp-json\/wp\/v2\/tags?post=249"}],"curies":[{"name":"wp","href":"https:\/\/api.w.org\/{rel}","templated":true}]}}