{"id":263,"date":"2024-12-11T10:24:11","date_gmt":"2024-12-11T09:24:11","guid":{"rendered":"https:\/\/especiales-hub.prensaiberica.es\/valencia-por-la-reconstruccion\/?p=263"},"modified":"2024-12-11T10:24:11","modified_gmt":"2024-12-11T09:24:11","slug":"el-circuit-ricardo-tormo-acelera-en-su-recuperacion-y-regresa-la-actividad-a-la-pista","status":"publish","type":"post","link":"https:\/\/especiales-hub.prensaiberica.es\/valencia-por-la-reconstruccion\/afectados-por-la-dana\/el-circuit-ricardo-tormo-acelera-en-su-recuperacion-y-regresa-la-actividad-a-la-pista\/","title":{"rendered":"El Circuit Ricardo Tormo acelera en su recuperaci\u00f3n y regresa la actividad a la pista"},"content":{"rendered":"\n<p>El Circuit Ricardo Tormo ha vuelto a abrir sus puertas este fin de semana tras la tr\u00e1gica dana que asol\u00f3 parte de la provincia de Valencia el pasado 29 de octubre.<\/p>\n\n\n\n<p><br>De esta manera, la acci\u00f3n regresa a la pista de Gran Premio con la organizaci\u00f3n alemana Bike Promotion y sus clientes, que se han visto obligados a acceder a las instalaciones de Cheste a trav\u00e9s de un recorrido alternativo que evita el acceso principal, todav\u00eda pendiente de reconstrucci\u00f3n.<\/p>\n\n\n\n<p><br>Los graves desperfectos sufridos se centran en los accesos y \u00e1reas de aparcamiento y contin\u00faan en proceso de evaluaci\u00f3n para acometer su reconstrucci\u00f3n cuando sea posible.<\/p>\n\n\n\n<p><br>La pista de Gran Premio no ha sufrido desperfectos y tras la comprobaci\u00f3n por parte de los t\u00e9cnicos de la seguridad de las instalaciones se volver\u00e1 a poner en servicio para los clientes del Circuit.<\/p>\n\n\n\n<p><\/p>\n\n\n\n<h2 class=\"wp-block-heading\">Tres eventos cancelados<\/h2>\n\n\n\n<p>Desde las inundaciones, el trazado de Cheste se ha visto obligado a cancelar la parte m\u00e1s importante de su calendario anual. Adem\u00e1s del Gran Premio de la Comunitat Valenciana del 15 al 17 de noviembre, el Circuit Ricardo Tormo ha suspendido los entrenamientos de la F\u00f3rmula E del 4 al 7 de noviembre, y de la \u00faltima cita del FIM JuniorGP del 22 al 24 de noviembre, as\u00ed como el rodaje de una pel\u00edcula y los entrenamientos de automovilismo programados para la \u00faltima semana de noviembre y la primera de diciembre, adem\u00e1s distintas actividades a lo largo del mes diciembre ser\u00e1n canceladas para labores de mantenimiento.<\/p>\n\n\n\n<p><br>Asimismo, la actividad del Centro Especializado de Tecnificaci\u00f3n Deportiva del Circuit que forma a j\u00f3venes pilotos entre el Centro Educativo de Cheste y las instalaciones del Circuit volver\u00e1 al trabajo cuando comiencen las clases, mientras los t\u00e9cnicos est\u00e1n en permanente contacto con los pilotos para programar sus entrenamientos a distancia.<\/p>\n\n\n\n<p><\/p>\n\n\n\n<h2 class=\"wp-block-heading\">Un mensaje de agradecimiento<\/h2>\n\n\n\n<p>El Circuit Ricardo Tormo ha lanzado un mensaje de agradecimiento al mundo del motor en general y a los aficionados en particular por las muestras de solidaridad recibidas en las \u00faltimas semanas. Sin duda alguna, la suspensi\u00f3n del GP de la Comunitat Valenciana de motociclismo, que este a\u00f1o celebraba su 25\u00aa edici\u00f3n, ha sido un duro golpe para los responsables del trazado de Cheste porque es una carrera muy esperada tanto por los aficionados como la propia organizaci\u00f3n.<\/p>\n\n\n\n<p><br>En este contexto hay que destacar la iniciativa que ha tenido el circuito de Assen, sede del Gran Premio de los Pa\u00edses Bajos, que ha anunciado una donaci\u00f3n para ayudar al trazado valenciano. As\u00ed, el Circuito de Assen ha decidido hacer una donaci\u00f3n de 50.000 euros para renovar la maquinaria del Circuit afectada por las inundaciones, concretamente una excavadora y una gr\u00faa elevadora quedaron inservibles. n<\/p>\n","protected":false},"excerpt":{"rendered":"<p>El trazado valenciano habilita accesos alternativos a la espera de reconstruir los que han quedado da\u00f1ados<\/p>\n","protected":false},"author":3,"featured_media":268,"comment_status":"closed","ping_status":"closed","sticky":false,"template":"","format":"standard","meta":{"footnotes":""},"categories":[14],"tags":[],"class_list":["post-263","post","type-post","status-publish","format-standard","has-post-thumbnail","hentry","category-afectados-por-la-dana"],"_links":{"self":[{"href":"https:\/\/especiales-hub.prensaiberica.es\/valencia-por-la-reconstruccion\/wp-json\/wp\/v2\/posts\/263","targetHints":{"allow":["GET"]}}],"collection":[{"href":"https:\/\/especiales-hub.prensaiberica.es\/valencia-por-la-reconstruccion\/wp-json\/wp\/v2\/posts"}],"about":[{"href":"https:\/\/especiales-hub.prensaiberica.es\/valencia-por-la-reconstruccion\/wp-json\/wp\/v2\/types\/post"}],"author":[{"embeddable":true,"href":"https:\/\/especiales-hub.prensaiberica.es\/valencia-por-la-reconstruccion\/wp-json\/wp\/v2\/users\/3"}],"replies":[{"embeddable":true,"href":"https:\/\/especiales-hub.prensaiberica.es\/valencia-por-la-reconstruccion\/wp-json\/wp\/v2\/comments?post=263"}],"version-history":[{"count":0,"href":"https:\/\/especiales-hub.prensaiberica.es\/valencia-por-la-reconstruccion\/wp-json\/wp\/v2\/posts\/263\/revisions"}],"wp:featuredmedia":[{"embeddable":true,"href":"https:\/\/especiales-hub.prensaiberica.es\/valencia-por-la-reconstruccion\/wp-json\/wp\/v2\/media\/268"}],"wp:attachment":[{"href":"https:\/\/especiales-hub.prensaiberica.es\/valencia-por-la-reconstruccion\/wp-json\/wp\/v2\/media?parent=263"}],"wp:term":[{"taxonomy":"category","embeddable":true,"href":"https:\/\/especiales-hub.prensaiberica.es\/valencia-por-la-reconstruccion\/wp-json\/wp\/v2\/categories?post=263"},{"taxonomy":"post_tag","embeddable":true,"href":"https:\/\/especiales-hub.prensaiberica.es\/valencia-por-la-reconstruccion\/wp-json\/wp\/v2\/tags?post=263"}],"curies":[{"name":"wp","href":"https:\/\/api.w.org\/{rel}","templated":true}]}}