{"id":273,"date":"2024-12-11T10:24:12","date_gmt":"2024-12-11T09:24:12","guid":{"rendered":"https:\/\/especiales-hub.prensaiberica.es\/valencia-por-la-reconstruccion\/?p=273"},"modified":"2024-12-11T10:24:12","modified_gmt":"2024-12-11T09:24:12","slug":"valdisa-se-recupera-y-refuerza-su-compromiso-con-los-clientes","status":"publish","type":"post","link":"https:\/\/especiales-hub.prensaiberica.es\/valencia-por-la-reconstruccion\/afectados-por-la-dana\/valdisa-se-recupera-y-refuerza-su-compromiso-con-los-clientes\/","title":{"rendered":"Valdisa se recupera y refuerza su compromiso con los clientes"},"content":{"rendered":"\n<p>Tras los graves da\u00f1os sufridos en sus instalaciones de Massanassa por la dana, Valdisa, concesionario Mercedes-Benz en Valencia, anuncia con orgullo que las instalaciones afectadas est\u00e1n en plena recuperaci\u00f3n y listas para seguir ofreciendo el servicio de excelencia que caracteriza a la marca.<br>A pesar de los desaf\u00edos enfrentados, Valdisa ha trabajado incansablemente para garantizar que sus clientes encuentren un entorno seguro y completamente operativo. Gracias al compromiso de sus equipos y al apoyo de clientes y proveedores, han restaurado las \u00e1reas m\u00e1s afectadas y contin\u00faan trabajando para mejorar la experiencia en todas las \u00e1reas de atenci\u00f3n al cliente.<\/p>\n\n\n\n<p><br>Como respuesta a las necesidades surgidas tras la dana, Valdisa ha incrementado su superficie de campas para acoger veh\u00edculos siniestrados en m\u00e1s de 12.000 m\u00b2. Este esfuerzo adicional permite dar servicio a todos los clientes afectados por este fen\u00f3meno, reafirmando el compromiso de la empresa con la comunidad y la movilidad.<\/p>\n\n\n\n<p><br>En cuanto a las \u00e1reas de ventas, adem\u00e1s de los concesionarios de Valencia (en Micer Masc\u00f3) y Quart de Poblet (en la Carretera de Madrid), en las instalaciones de Massanassa ya se han abierto las exposiciones.<\/p>\n\n\n\n<p><\/p>\n\n\n\n<h2 class=\"wp-block-heading\">Postventa, en marcha<\/h2>\n\n\n\n<p>Por otro lado, los servicios de postventa ir\u00e1n retomando su normalidad a lo largo del mes de diciembre. \u00abComo parte de nuestra responsabilidad con las personas afectadas por la dana, hemos renovado nuestra flota de veh\u00edculos y puesto a disposici\u00f3n una amplia oferta de veh\u00edculos de entrega inmediata, con objeto de ofrecer una soluci\u00f3n r\u00e1pida y fiable a quienes han perdido sus coches en este suceso\u00bb, explica David Sanchis, gerente de Valdisa. \u00abSabemos lo importante que es recuperar la movilidad en momentos de adversidad, y estamos dedicados a brindar opciones que se adapten a cada necesidad y presupuesto. Adicionalmente, nuestras instalaciones est\u00e1n equipadas para ofrecer el mejor servicio de reparaci\u00f3n y mantenimiento\u00bb, a\u00f1ade, antes de expresar su agradecimiento: \u00abQueremos expresar nuestra m\u00e1s profunda gratitud a los clientes, proveedores y amigos que nos han apoyado en estos momentos dif\u00edciles. Su confianza es el motor que nos impulsa a superar cualquier desaf\u00edo\u00bb.<\/p>\n\n\n\n<p><\/p>\n\n\n\n<h2 class=\"wp-block-heading\">Resiliencia y transformaci\u00f3n<\/h2>\n\n\n\n<p>Este desaf\u00edo no solo ha puesto a prueba la capacidad operativa de Valdisa, sino que tambi\u00e9n ha reforzado su compromiso de seguir evolucionando para ofrecer lo mejor. La adversidad ha impulsado a la empresa a ser m\u00e1s fuerte y resiliente, priorizando siempre las necesidades de los clientes y el bienestar de sus empleados. En este sentido, Valdisa ha implementado medidas innovadoras y sostenibles que garantizan no solo la recuperaci\u00f3n, sino tambi\u00e9n un futuro m\u00e1s s\u00f3lido y preparado ante cualquier eventualidad.<\/p>\n\n\n\n<p><\/p>\n\n\n\n<h2 class=\"wp-block-heading\">Un futuro de movilidad y confianza<\/h2>\n\n\n\n<p>Desde Valdisa, invitan a todos los amantes de Mercedes-Benz, as\u00ed como a quienes necesiten soluciones de movilidad inmediata, a visitar sus instalaciones en Valencia, Quart de Poblet y Massanassa.<br>Comprometidos con superar las expectativas de los clientes, Valdisa contin\u00faa asegurando que cada kil\u00f3metro recorrido al volante de un Mercedes-Benz sea una experiencia \u00fanica y memorable. \u00abLa movilidad no puede esperar. En Valdisa estamos aqu\u00ed para ayudarte a seguir adelante con la calidad y confianza de Mercedes-Benz\u00bb.<\/p>\n","protected":false},"excerpt":{"rendered":"<p>El concesionario Mercedes-Benz de Massanassa  est\u00e1 en plena recuperaci\u00f3n y ya ha restaurado las \u00e1reas m\u00e1s afectadas<\/p>\n","protected":false},"author":3,"featured_media":269,"comment_status":"closed","ping_status":"closed","sticky":false,"template":"","format":"standard","meta":{"footnotes":""},"categories":[14],"tags":[],"class_list":["post-273","post","type-post","status-publish","format-standard","has-post-thumbnail","hentry","category-afectados-por-la-dana"],"_links":{"self":[{"href":"https:\/\/especiales-hub.prensaiberica.es\/valencia-por-la-reconstruccion\/wp-json\/wp\/v2\/posts\/273","targetHints":{"allow":["GET"]}}],"collection":[{"href":"https:\/\/especiales-hub.prensaiberica.es\/valencia-por-la-reconstruccion\/wp-json\/wp\/v2\/posts"}],"about":[{"href":"https:\/\/especiales-hub.prensaiberica.es\/valencia-por-la-reconstruccion\/wp-json\/wp\/v2\/types\/post"}],"author":[{"embeddable":true,"href":"https:\/\/especiales-hub.prensaiberica.es\/valencia-por-la-reconstruccion\/wp-json\/wp\/v2\/users\/3"}],"replies":[{"embeddable":true,"href":"https:\/\/especiales-hub.prensaiberica.es\/valencia-por-la-reconstruccion\/wp-json\/wp\/v2\/comments?post=273"}],"version-history":[{"count":0,"href":"https:\/\/especiales-hub.prensaiberica.es\/valencia-por-la-reconstruccion\/wp-json\/wp\/v2\/posts\/273\/revisions"}],"wp:featuredmedia":[{"embeddable":true,"href":"https:\/\/especiales-hub.prensaiberica.es\/valencia-por-la-reconstruccion\/wp-json\/wp\/v2\/media\/269"}],"wp:attachment":[{"href":"https:\/\/especiales-hub.prensaiberica.es\/valencia-por-la-reconstruccion\/wp-json\/wp\/v2\/media?parent=273"}],"wp:term":[{"taxonomy":"category","embeddable":true,"href":"https:\/\/especiales-hub.prensaiberica.es\/valencia-por-la-reconstruccion\/wp-json\/wp\/v2\/categories?post=273"},{"taxonomy":"post_tag","embeddable":true,"href":"https:\/\/especiales-hub.prensaiberica.es\/valencia-por-la-reconstruccion\/wp-json\/wp\/v2\/tags?post=273"}],"curies":[{"name":"wp","href":"https:\/\/api.w.org\/{rel}","templated":true}]}}