{"id":283,"date":"2024-12-11T10:24:12","date_gmt":"2024-12-11T09:24:12","guid":{"rendered":"https:\/\/especiales-hub.prensaiberica.es\/valencia-por-la-reconstruccion\/?p=283"},"modified":"2024-12-11T10:24:12","modified_gmt":"2024-12-11T09:24:12","slug":"affidea-mantiene-la-cobertura-a-sus-pacientes-tras-superar-la-dana","status":"publish","type":"post","link":"https:\/\/especiales-hub.prensaiberica.es\/valencia-por-la-reconstruccion\/afectados-por-la-dana\/affidea-mantiene-la-cobertura-a-sus-pacientes-tras-superar-la-dana\/","title":{"rendered":"Affidea mantiene la cobertura a sus pacientes tras superar la dana"},"content":{"rendered":"\n<p>Affidea Valencia ha reafirmado su compromiso con la salud de cada uno de sus pacientes \u00aben estos momentos complicados\u00bb. Las cl\u00ednicas de Atenea Alfafar y Atenea Aldaia no han sido ajenas a los da\u00f1os devastadores que ha provocado la dana en las \u00faltimas semanas, pero a pesar de todo, su actividad no se ha detenido. El equipo de Affidea se moviliz\u00f3 desde el primer momento para garantizar la \u00f3ptima continuidad de la atenci\u00f3n m\u00e9dica de los pacientes.<\/p>\n\n\n\n<p><br>Gracias a la cobertura que ofrece Affidea en sus siete cl\u00ednicas de la provincia de Valencia, se ha conseguido redistribuir la actividad asistencial, adem\u00e1s de compaginar los servicios a trav\u00e9s de consultas de telemedicina con los m\u00e9dicos operativos. Affidea ha conseguido habilitar dos tel\u00e9fonos exclusivos para realizar consultas m\u00e9dicas a distancia con la finalidad de priorizar a\u00fan m\u00e1s la experiencia de los pacientes. Esto permite que, ante las dificultades para desplazarse, los pacientes han podido seguir recibiendo atenci\u00f3n m\u00e9dica de calidad y personalizada. De esta forma, se ha intentado en todo momento ser resolutivos en una materia tan importante como es la salud.<\/p>\n\n\n\n<p><br>Por otro lado, en la cl\u00ednica de Aldaia se puso en marcha desde la primera semana un banco de alimentos solidario para apoyar as\u00ed a las familias que estaban pasando por estos dif\u00edciles momentos. Es imprescindible recalcar el esfuerzo conjunto a la hora de realizar las tareas de limpieza y reparaci\u00f3n de las cl\u00ednicas. Esta colaboraci\u00f3n inmediata ha permitido que los centros de Alfafar y Aldaia puedan reanudar su actividad, progresivamente durante diciembre. As\u00ed, la r\u00e1pida respuesta del equipo ha sido esencial para que los pacientes puedan volver a recibir lo antes posible atenci\u00f3n m\u00e9dica de calidad de forma presencial en las instalaciones.<\/p>\n\n\n\n<p><br>A pesar de estas adversidades y siendo conscientes de la limitaci\u00f3n de los recursos sanitarios en la zona, la cl\u00ednica de Aldaia ya trabaja paralelamente en una ampliaci\u00f3n de las instalaciones con el fin de ofrecer m\u00e1s servicios en especialidades m\u00e9dicas, como son la odontolog\u00eda y la fisioterapia.<\/p>\n\n\n\n<p><br>Affidea Valencia sigue cuidando de la salud y el bienestar de las personas, con la empat\u00eda, cercan\u00eda y profesionalidad que identifica sus valores, y ahora a\u00fan m\u00e1s ante este escenario complicado. En este momento crucial, acompa\u00f1a a todas las personas y familias que est\u00e1n atravesando dificultades, ofreciendo el apoyo que necesitan ahora mismo. Desde grupo Affidea env\u00edan un mensaje de apoyo, solidaridad y mucho \u00e1nimo a todas las personas afectadas.<\/p>\n","protected":false},"excerpt":{"rendered":"<p>La compa\u00f1\u00eda logra mantener la asistencia y las consultas m\u00e9dicas a pesar de la grave afecci\u00f3n por la riada que sufrieron las cl\u00ednicas Atenea Alfafar y Atenea Aldaia<\/p>\n","protected":false},"author":3,"featured_media":287,"comment_status":"closed","ping_status":"closed","sticky":false,"template":"","format":"standard","meta":{"footnotes":""},"categories":[14],"tags":[],"class_list":["post-283","post","type-post","status-publish","format-standard","has-post-thumbnail","hentry","category-afectados-por-la-dana"],"_links":{"self":[{"href":"https:\/\/especiales-hub.prensaiberica.es\/valencia-por-la-reconstruccion\/wp-json\/wp\/v2\/posts\/283","targetHints":{"allow":["GET"]}}],"collection":[{"href":"https:\/\/especiales-hub.prensaiberica.es\/valencia-por-la-reconstruccion\/wp-json\/wp\/v2\/posts"}],"about":[{"href":"https:\/\/especiales-hub.prensaiberica.es\/valencia-por-la-reconstruccion\/wp-json\/wp\/v2\/types\/post"}],"author":[{"embeddable":true,"href":"https:\/\/especiales-hub.prensaiberica.es\/valencia-por-la-reconstruccion\/wp-json\/wp\/v2\/users\/3"}],"replies":[{"embeddable":true,"href":"https:\/\/especiales-hub.prensaiberica.es\/valencia-por-la-reconstruccion\/wp-json\/wp\/v2\/comments?post=283"}],"version-history":[{"count":0,"href":"https:\/\/especiales-hub.prensaiberica.es\/valencia-por-la-reconstruccion\/wp-json\/wp\/v2\/posts\/283\/revisions"}],"wp:featuredmedia":[{"embeddable":true,"href":"https:\/\/especiales-hub.prensaiberica.es\/valencia-por-la-reconstruccion\/wp-json\/wp\/v2\/media\/287"}],"wp:attachment":[{"href":"https:\/\/especiales-hub.prensaiberica.es\/valencia-por-la-reconstruccion\/wp-json\/wp\/v2\/media?parent=283"}],"wp:term":[{"taxonomy":"category","embeddable":true,"href":"https:\/\/especiales-hub.prensaiberica.es\/valencia-por-la-reconstruccion\/wp-json\/wp\/v2\/categories?post=283"},{"taxonomy":"post_tag","embeddable":true,"href":"https:\/\/especiales-hub.prensaiberica.es\/valencia-por-la-reconstruccion\/wp-json\/wp\/v2\/tags?post=283"}],"curies":[{"name":"wp","href":"https:\/\/api.w.org\/{rel}","templated":true}]}}