{"id":290,"date":"2024-12-11T10:24:13","date_gmt":"2024-12-11T09:24:13","guid":{"rendered":"https:\/\/especiales-hub.prensaiberica.es\/valencia-por-la-reconstruccion\/?p=290"},"modified":"2024-12-11T12:07:01","modified_gmt":"2024-12-11T11:07:01","slug":"olympia-urge-a-preservar-el-patrimonio-cultural","status":"publish","type":"post","link":"https:\/\/especiales-hub.prensaiberica.es\/valencia-por-la-reconstruccion\/afectados-por-la-dana\/olympia-urge-a-preservar-el-patrimonio-cultural\/","title":{"rendered":"Olympia urge a preservar el patrimonio cultural"},"content":{"rendered":"\n<p>La cultura tambi\u00e9n ha sido una de las grandes castigadas por el paso de la dana ese fat\u00eddico 29 de octubre. Para la reanudaci\u00f3n de la actividad cultural, se necesita una importante inversi\u00f3n y, sobre todo, mucho tiempo. El Teatre Auditori Catarroja Francisco Chirvella est\u00e1 \u00absiniestro total\u00bb, comparte Enrique Fayos, director de Olympia Metropolitana y gestor del TAC, de propiedad municipal, y del Auditori de Torrent.<\/p>\n\n\n\n<p><br>El edificio de Catarroja se inund\u00f3 completamente, el agua alcanz\u00f3 una altura de dos metros. As\u00ed, los da\u00f1os est\u00e1n estimados en una cifra superior a los tres millones de euros. El escenario y el patio de butacas con un aforo de 706 localidades han quedado devastados, adem\u00e1s de los revestimientos, focos, piano, cuadros de seguridad, transformadores\u2026 \u00abHemos perdido material t\u00e9cnico y dos escenograf\u00edas completas\u00bb, comparten desde Olympia. Todav\u00eda quedan dos s\u00f3tanos anegados y llenos de lodo. \u00abNo hemos podido entrar, estamos pendientes de que la UME nos lo autorice. Es una situaci\u00f3n muy complicada, porque ha habido otras prioridades. Pero esperamos que en breve se puedan vaciar. De momento, con el personal del TAC, continuamos limpiando y haciendo algunas actuaciones\u00bb, detalla Fayos.<\/p>\n\n\n\n<p><br>En total, han sido 58 las funciones que han tenido que cancelar o aplazar, y se han devuelto m\u00e1s de 30.000 entradas. No esperan poder volver a la normalidad en al menos siete u ocho meses. \u00abLa magnitud del desastre muestra una vez m\u00e1s la vulnerabilidad de nuestro patrimonio ante fen\u00f3menos naturales cada vez m\u00e1s extremos. La recuperaci\u00f3n del TAC ser\u00e1 fundamental, pero, por encima de todo, nos recuerda la importancia de preservar y valorar nuestros espacios culturales para el futuro\u00bb, concluyen desde Olympia.<\/p>\n","protected":false},"excerpt":{"rendered":"<p>El TAC de Catarroja, gestionado por la familia Fayos, ha sufrido da\u00f1os por un valor de m\u00e1s de 3 millones de euros<\/p>\n","protected":false},"author":3,"featured_media":288,"comment_status":"closed","ping_status":"closed","sticky":false,"template":"","format":"standard","meta":{"footnotes":""},"categories":[14],"tags":[],"class_list":["post-290","post","type-post","status-publish","format-standard","has-post-thumbnail","hentry","category-afectados-por-la-dana"],"_links":{"self":[{"href":"https:\/\/especiales-hub.prensaiberica.es\/valencia-por-la-reconstruccion\/wp-json\/wp\/v2\/posts\/290","targetHints":{"allow":["GET"]}}],"collection":[{"href":"https:\/\/especiales-hub.prensaiberica.es\/valencia-por-la-reconstruccion\/wp-json\/wp\/v2\/posts"}],"about":[{"href":"https:\/\/especiales-hub.prensaiberica.es\/valencia-por-la-reconstruccion\/wp-json\/wp\/v2\/types\/post"}],"author":[{"embeddable":true,"href":"https:\/\/especiales-hub.prensaiberica.es\/valencia-por-la-reconstruccion\/wp-json\/wp\/v2\/users\/3"}],"replies":[{"embeddable":true,"href":"https:\/\/especiales-hub.prensaiberica.es\/valencia-por-la-reconstruccion\/wp-json\/wp\/v2\/comments?post=290"}],"version-history":[{"count":0,"href":"https:\/\/especiales-hub.prensaiberica.es\/valencia-por-la-reconstruccion\/wp-json\/wp\/v2\/posts\/290\/revisions"}],"wp:featuredmedia":[{"embeddable":true,"href":"https:\/\/especiales-hub.prensaiberica.es\/valencia-por-la-reconstruccion\/wp-json\/wp\/v2\/media\/288"}],"wp:attachment":[{"href":"https:\/\/especiales-hub.prensaiberica.es\/valencia-por-la-reconstruccion\/wp-json\/wp\/v2\/media?parent=290"}],"wp:term":[{"taxonomy":"category","embeddable":true,"href":"https:\/\/especiales-hub.prensaiberica.es\/valencia-por-la-reconstruccion\/wp-json\/wp\/v2\/categories?post=290"},{"taxonomy":"post_tag","embeddable":true,"href":"https:\/\/especiales-hub.prensaiberica.es\/valencia-por-la-reconstruccion\/wp-json\/wp\/v2\/tags?post=290"}],"curies":[{"name":"wp","href":"https:\/\/api.w.org\/{rel}","templated":true}]}}