{"id":30,"date":"2024-12-11T12:19:54","date_gmt":"2024-12-11T11:19:54","guid":{"rendered":"https:\/\/especiales-hub.prensaiberica.es\/valencia-por-la-reconstruccion\/?p=30"},"modified":"2024-12-11T12:19:54","modified_gmt":"2024-12-11T11:19:54","slug":"la-fundacion-la-caixa-destina-mas-de-5-millones-a-las-victimas","status":"publish","type":"post","link":"https:\/\/especiales-hub.prensaiberica.es\/valencia-por-la-reconstruccion\/impulsores\/la-fundacion-la-caixa-destina-mas-de-5-millones-a-las-victimas\/","title":{"rendered":"La Fundaci\u00f3n \u2018la Caixa\u2019 destina m\u00e1s de 5 millones a las v\u00edctimas"},"content":{"rendered":"\n<h2 class=\"wp-block-heading\">La entidad impulsa un plan de ayuda a los damnificados que se divide&nbsp; en dos fases: una de emergencia y otra de recuperaci\u00f3n<\/h2>\n\n\n\n<div style=\"height:30px\" aria-hidden=\"true\" class=\"wp-block-spacer\"><\/div>\n\n\n\n<p>La respuesta de la Fundaci\u00f3n \u2018la Caixa\u2019 al desastre fue r\u00e1pida y efectiva. La entidad decidi\u00f3 al d\u00eda siguiente de la riada actuar en dos fases: la primera, de emergencia, para dar respuesta a las necesidades m\u00e1s urgentes de los damnificados. La segunda, de recuperaci\u00f3n, que tiene como objetivo trabajar a largo plazo para contribuir a garantizar la calidad de vida de estas personas.&nbsp;<\/p>\n\n\n\n<p>El plan de la Fundaci\u00f3n \u2018la Caixa\u2019 cuenta con una dotaci\u00f3n inicial de m\u00e1s de 5 millones de euros. Entre las medidas impulsadas destaca la creaci\u00f3n de una convocatoria extraordinaria de un mill\u00f3n de euros dirigida a entidades sociales de la provincia de Valencia que trabajan en las zonas afectadas, con el objetivo de actuar de manera inmediata.&nbsp; Las solicitudes pueden presentarse a trav\u00e9s de la aplicaci\u00f3n de convocatorias de Proyectos Sociales de la Fundaci\u00f3n \u2018la Caixa\u2019. El periodo de presentaci\u00f3n de las iniciativas se abri\u00f3 el pasado 15 de noviembre, y las entidades pueden solicitar hasta 20.000 euros. Para agilizar la gesti\u00f3n de estas ayudas, la valoraci\u00f3n de las actuaciones se realiza por orden de presentaci\u00f3n hasta agotar la dotaci\u00f3n prevista. Deben ser iniciativas dirigidas espec\u00edficamente a dar respuesta a la situaci\u00f3n de emergencia y las necesidades inmediatas derivadas de los efectos de la dana.&nbsp;<\/p>\n\n\n\n<h3 class=\"wp-block-heading\"><strong>L\u00edneas de actuaci\u00f3n<\/strong><\/h3>\n\n\n\n<p>Las intervenciones pueden enmarcarse en diferentes l\u00edneas de intervenci\u00f3n para responder a las m\u00faltiples necesidades de la situaci\u00f3n actual. Las l\u00edneas de actuaci\u00f3n definidas son las siguientes: cobertura de las necesidades b\u00e1sicas y de emergencia de las personas afectadas; acondicionamiento o reparaci\u00f3n de las infraestructuras y\/o equipamiento de la sede de la entidad social, y acondicionamiento o reparaci\u00f3n de las infraestructuras y\/o equipamiento de otros espacios destinados a la atenci\u00f3n de usuarios de la entidad social.&nbsp;<\/p>\n\n\n\n<figure class=\"wp-block-image size-large\"><img loading=\"lazy\" decoding=\"async\" width=\"1024\" height=\"683\" src=\"https:\/\/especiales-hub.prensaiberica.es\/valencia-por-la-reconstruccion\/wp-content\/uploads\/2024\/12\/foto-2-1024x683.jpg\" alt=\"Voluntarios y vecinos despejan una de las calles de Alfafar\" class=\"wp-image-33\" srcset=\"https:\/\/especiales-hub.prensaiberica.es\/valencia-por-la-reconstruccion\/wp-content\/uploads\/2024\/12\/foto-2-1024x683.jpg 1024w, https:\/\/especiales-hub.prensaiberica.es\/valencia-por-la-reconstruccion\/wp-content\/uploads\/2024\/12\/foto-2-300x200.jpg 300w, https:\/\/especiales-hub.prensaiberica.es\/valencia-por-la-reconstruccion\/wp-content\/uploads\/2024\/12\/foto-2-768x512.jpg 768w, https:\/\/especiales-hub.prensaiberica.es\/valencia-por-la-reconstruccion\/wp-content\/uploads\/2024\/12\/foto-2-1536x1024.jpg 1536w, https:\/\/especiales-hub.prensaiberica.es\/valencia-por-la-reconstruccion\/wp-content\/uploads\/2024\/12\/foto-2-2048x1366.jpg 2048w\" sizes=\"auto, (max-width: 1024px) 100vw, 1024px\" \/><figcaption class=\"wp-element-caption\">Voluntarios y vecinos despejan una de las calles de Alfafar. | Miguel \u00c1ngel Polo\/EFE<\/figcaption><\/figure>\n\n\n\n<p>Respecto al conjunto del plan de ayuda de la Fundaci\u00f3n \u00abla Caixa\u00bb, se trabaja estrechamente con Cruz Roja Espa\u00f1ola, C\u00e1ritas, Save the Children y los Bancos de Alimentos para coordinar una acci\u00f3n r\u00e1pida y eficaz ante los efectos de la gota fr\u00eda, priorizando a las personas m\u00e1s vulnerables mediante iniciativas como la distribuci\u00f3n de alimentos, primera acogida, reparto de kits de emergencia, ropa de abrigo y&nbsp; espacios de atenci\u00f3n a la infancia. Paralelamente, se ha estado ofreciendo apoyo psicol\u00f3gico y para la gesti\u00f3n del duelo, a trav\u00e9s de los profesionales del Programa para la Atenci\u00f3n Integral a Personas con Enfermedades Avanzadas de la Fundaci\u00f3n&nbsp; \u2018la Caixa\u2019, en concreto con 115 psic\u00f3logos.En este \u00e1mbito, la Fundaci\u00f3n ha puesto a disposici\u00f3n de las personas damnificadas a 115 psic\u00f3logos .&nbsp;<\/p>\n\n\n\n<p>Por otro lado, a trav\u00e9s de CaixaProinfancia, programa dirigido a familias con menores en situaci\u00f3n de vulnerabilidad, se ha reforzado la red de entidades colaboradoras en las zonas m\u00e1s castigadas por la gota fr\u00eda y se crear\u00e1n espacios de acogida, de car\u00e1cter l\u00fadico y que fomenten la conciliaci\u00f3n. En el caso del programa Incorpora, cuyo objetivo es la integraci\u00f3n laboral de personas en riesgo de exclusi\u00f3n, se ampliar\u00e1 la red de entidades vinculadas al proyecto y se reforzar\u00e1 la l\u00ednea de autoempleo para acompa\u00f1ar y asesorar a las personas con peque\u00f1os negocios locales.&nbsp;<\/p>\n\n\n\n<p>CaixaForum Valencia tambi\u00e9n se pone al servicio de los afectados y facilita, con una aula habilitada con equipos inform\u00e1ticos, las gestiones administrativas de las entidades sociales para presentarse a la convocatoria extraordinaria de <a href=\"https:\/\/fundacionlacaixa.org\/\" target=\"_blank\" data-type=\"link\" data-id=\"https:\/\/fundacionlacaixa.org\/\" rel=\"noreferrer noopener nofollow\">Fundaci\u00f3n \u2018la Caixa\u2019<\/a> o solicitar otras ayudas y servicios.\u00a0<\/p>\n\n\n\n<p><\/p>\n","protected":false},"excerpt":{"rendered":"<p>La entidad impulsa un plan de ayuda a los damnificados que se divide&nbsp; en dos fases: una de emergencia y otra de recuperaci\u00f3n La respuesta de la Fundaci\u00f3n \u2018la Caixa\u2019 al desastre fue r\u00e1pida y efectiva. La entidad decidi\u00f3 al d\u00eda siguiente de la riada actuar en dos fases: la primera, de emergencia, para dar [&hellip;]<\/p>\n","protected":false},"author":31,"featured_media":31,"comment_status":"closed","ping_status":"closed","sticky":false,"template":"","format":"standard","meta":{"footnotes":""},"categories":[17],"tags":[],"class_list":["post-30","post","type-post","status-publish","format-standard","has-post-thumbnail","hentry","category-impulsores"],"_links":{"self":[{"href":"https:\/\/especiales-hub.prensaiberica.es\/valencia-por-la-reconstruccion\/wp-json\/wp\/v2\/posts\/30","targetHints":{"allow":["GET"]}}],"collection":[{"href":"https:\/\/especiales-hub.prensaiberica.es\/valencia-por-la-reconstruccion\/wp-json\/wp\/v2\/posts"}],"about":[{"href":"https:\/\/especiales-hub.prensaiberica.es\/valencia-por-la-reconstruccion\/wp-json\/wp\/v2\/types\/post"}],"author":[{"embeddable":true,"href":"https:\/\/especiales-hub.prensaiberica.es\/valencia-por-la-reconstruccion\/wp-json\/wp\/v2\/users\/31"}],"replies":[{"embeddable":true,"href":"https:\/\/especiales-hub.prensaiberica.es\/valencia-por-la-reconstruccion\/wp-json\/wp\/v2\/comments?post=30"}],"version-history":[{"count":0,"href":"https:\/\/especiales-hub.prensaiberica.es\/valencia-por-la-reconstruccion\/wp-json\/wp\/v2\/posts\/30\/revisions"}],"wp:featuredmedia":[{"embeddable":true,"href":"https:\/\/especiales-hub.prensaiberica.es\/valencia-por-la-reconstruccion\/wp-json\/wp\/v2\/media\/31"}],"wp:attachment":[{"href":"https:\/\/especiales-hub.prensaiberica.es\/valencia-por-la-reconstruccion\/wp-json\/wp\/v2\/media?parent=30"}],"wp:term":[{"taxonomy":"category","embeddable":true,"href":"https:\/\/especiales-hub.prensaiberica.es\/valencia-por-la-reconstruccion\/wp-json\/wp\/v2\/categories?post=30"},{"taxonomy":"post_tag","embeddable":true,"href":"https:\/\/especiales-hub.prensaiberica.es\/valencia-por-la-reconstruccion\/wp-json\/wp\/v2\/tags?post=30"}],"curies":[{"name":"wp","href":"https:\/\/api.w.org\/{rel}","templated":true}]}}