{"id":325,"date":"2024-12-11T10:29:43","date_gmt":"2024-12-11T09:29:43","guid":{"rendered":"https:\/\/especiales-hub.prensaiberica.es\/valencia-por-la-reconstruccion\/?p=325"},"modified":"2024-12-11T10:29:45","modified_gmt":"2024-12-11T09:29:45","slug":"coordinacion-y-solidaridad-para-garantizar-el-suministro-de-agua-potable","status":"publish","type":"post","link":"https:\/\/especiales-hub.prensaiberica.es\/valencia-por-la-reconstruccion\/aguas\/coordinacion-y-solidaridad-para-garantizar-el-suministro-de-agua-potable\/","title":{"rendered":"Coordinaci\u00f3n y solidaridad para garantizar el suministro de agua potable"},"content":{"rendered":"\n<p>La devastadora dana del 29 de octubre tension\u00f3 todas las infraestructuras de la provincia de Val\u00e8ncia, tambi\u00e9n las hidr\u00e1ulicas. La afecci\u00f3n de los sistemas empleados para el tratamiento y la distribuci\u00f3n de agua potable sufrieron graves afecciones, de forma que las administraciones competentes en el \u00e1rea metropolitana se vieron obligadas a improvisar soluciones y reparaciones en tiempo r\u00e9cord con tal de no dejar sin agua potable durante semanas a dos millones de personas.<\/p>\n\n\n\n<p><br>Las roturas m\u00e1s importantes se registraron en el canal que conecta el r\u00edo J\u00facar con el Turia, un elemento clave en el funcionamiento del ciclo integral del agua. De este canal se alimenta una planta potabilizadora en Picassent y otra en Manises, desde donde se env\u00eda el agua a m\u00e1s de medio centenar de municipios del \u00e1rea metropolitana y Camp de Morvedre. El conducto J\u00facar-Turia transcurre en perpendicular a obst\u00e1culos hidrogr\u00e1ficos desbordados el pasado 29 de octubre, como el barranco del Poyo o el r\u00edo Magro.<\/p>\n\n\n\n<p><br>La infraestructura colaps\u00f3 en varios puntos: el barranco de la Horteta y el barranco del Poyo. Y mientras la potabilizadora de Picassent sigui\u00f3 recogiendo agua del J\u00facar con normalidad, no ocurri\u00f3 lo mismo con la de Manises, muy perjudicada. Ni entraba agua del canal ni pod\u00eda alimentarse del Turia, que bajaba con mucho barro y turbidez. Dicha planta ha estado con un rendimiento muy bajo durante d\u00edas y las entidades coordinadas en la gesti\u00f3n del suministro \u2014CHJ, Emshi, Global Omnium\u2014 han contado con menor capacidad de producci\u00f3n para enviar agua.<\/p>\n\n\n\n<p><br>No ha sido el \u00fanico inconveniente. Los municipios m\u00e1s golpeados por la cat\u00e1strofe han doblado su consumo debido a una conjunci\u00f3n de factores: las m\u00faltiples fugas en las redes de domicilios como Paiporta, Catarroja o Massanassa (se ha perdido mucha agua por el camino del abastecimiento) y la limpieza a destajo desde el mismo mi\u00e9rcoles 30 de octubre.<\/p>\n\n\n\n<p><br>Esta crisis en el suministro se entiende mejor con una analog\u00eda. El agua potable funciona como una cuenta corriente: los ahorros en el banco ser\u00edan los dep\u00f3sitos de agua, los ingresos equivaldr\u00edan a la producci\u00f3n de agua (potabilizaci\u00f3n) y el gasto ser\u00eda el consumo. El ingreso se ha visto mermado y el consumo se ha disparado, desequilibrando la provisi\u00f3n habitual y exigiendo f\u00f3rmulas de emergencia.<br>Para compensar el d\u00e9ficit, las entidades coordinadas en la gesti\u00f3n de este cap\u00edtulo espec\u00edfico de la tragedia han aplicado varias medidas de solidaridad h\u00eddrica. Por un lado, han reducido la presi\u00f3n del suministro nocturno en los puntos no afectados, por ejemplo Val\u00e8ncia capital. Esta medida comporta peque\u00f1as incomodidades como la disminuci\u00f3n de agua en las viviendas de plantas altas sin bomba de presi\u00f3n.<\/p>\n\n\n\n<p><br>Adem\u00e1s, dentro de esta pol\u00edtica solidaria, muchas localidades han recurrido a sus propios pozos para liberar la red principal. Sagunt, por ejemplo, ha puesto en marcha su desaladora para abastecerse y no demandar agua desde el canal J\u00facar-Turia. Y de manera complementaria los ayuntamientos han llamado a sus vecinos a hacer un uso responsable de este bien tan preciado en plena estrechez h\u00eddrica.<\/p>\n\n\n\n<p><br>Por otro lado, se han acometido tres obras de emergencia para reparar provisionalmente el conducto da\u00f1ado y de este modo poder enviar agua a los municipios conectados con la potabilizadora de Manises. La infraestructura necesita una puesta a punto de mayor envergadura, pero los trabajos realizados tras la dana han logrado que funcione al 50 % de su capacidad. Un aut\u00e9ntico milagro dadas las circunstancias.<br>Finalmente, las distintas entidades implicadas en hacer llegar agua potable a los domicilios del \u00e1rea metropolitana de Val\u00e8ncia formaron un regimiento de 140 fontaneros, muchos de ellos procedentes de Bilbao, Madrid, Sevilla o M\u00e1laga. Estos profesionales visitan los pueblos de la zona cero para reparar las fugas all\u00ed donde se van detectando. De ese modo, se consigui\u00f3 reducir el consumo de los municipios m\u00e1s afectados. En suma, la colaboraci\u00f3n funciona en varios frentes: los ciudadanos soportan bajadas de presi\u00f3n, los municipios aportan agua de sus pozos para reducir la demanda y las entidades, con ayuda de fontaneros de toda Espa\u00f1a, reparan las fugas de las redes de agua en alta y en baja para restablecer el equilibrio. El resultado es que los dos millones de usuarios del \u00e1rea metropolitana ya han visto restablecido el servicio en las acometidas de sus casas, m\u00e1s all\u00e1 de roturas puntuales en bombas de presi\u00f3n que se ir\u00e1n solventando con cirug\u00eda fina.<\/p>\n\n\n\n<p><\/p>\n\n\n\n<h2 class=\"wp-block-heading\">La CHJ ejecuta 57 millones en obras<\/h2>\n\n\n\n<p>La Confederaci\u00f3n Hidrogr\u00e1fica del J\u00facar (CHJ) ya ha adjudicado unos 57 millones de euros en obras de emergencia para reparar los da\u00f1os ocasionados por la dana del 29 de octubre en sus infraestructuras hidr\u00e1ulicas. Los trabajos se centran en restaurar el Sistema Autom\u00e1tico de Informaci\u00f3n Hidrol\u00f3gica (SAIH), que monitorea en tiempo real cada cinco minutos los caudales circulantes por r\u00edos y ramblas as\u00ed como las precipitaciones, y tambi\u00e9n dos de los grandes canales de la demarcaci\u00f3n: el del trasvase J\u00facar-T\u00faria, que abastece de agua potable a Val\u00e8ncia y su \u00e1rea metropolitana, y el del Camp de T\u00faria, que riega 24.500 hect\u00e1reas de esta comarca y de la Serran\u00eda.<\/p>\n\n\n\n<p><br>Unos 18,6 millones se han destinado a revertir los destrozos causados por la dana en el SAIH, unos trabajos que han empezado ya con la instalaci\u00f3n de varios caudal\u00edmetros provisionales, entre ellos el que recog\u00eda los datos de aforos de la rambla del Poyo a su paso por Riba-Roja que se llev\u00f3 la riada por delante poco antes de las 19 horas del martes 29 de octubre, cuando registraba m\u00e1s de 2.228 m\u00b3\/s, m\u00e1s de seis veces el caudal del Ebro.<\/p>\n\n\n\n<p><br>Sin embargo, la inversi\u00f3n m\u00e1s grande en obras de emergencia son los m\u00e1s de 25,7 millones de euros destinados a la reparaci\u00f3n de da\u00f1os en el canal J\u00facar-T\u00faria, una obra que fue adjudicada el pasado 13 de noviembre. \u00abLos trabajos se est\u00e1n llevando a cabo con urgencia dada la importancia estrat\u00e9gica de esta infraestructura en el suministro de la ciudad de Val\u00e8ncia y su \u00e1rea metropolitana\u00bb, recalcan desde la CHJ.<\/p>\n\n\n\n<p><\/p>\n\n\n\n<h2 class=\"wp-block-heading\">La r\u00e1pida reacci\u00f3n de la Diputaci\u00f3n<\/h2>\n\n\n\n<p>La Diputaci\u00f3n de Val\u00e8ncia se puso r\u00e1pidamente en marcha para paliar las consecuencias de la dana. A trav\u00e9s de la empresa de aguas que gestiona, Egevasa, decidi\u00f3 suspender el cobro del recibo del agua a los usuarios de los municipios afectados. Es una de las medidas que se acordaron junto a otras iniciativas encaminadas a los ayuntamientos, con la intenci\u00f3n de facilitar la gesti\u00f3n de la cat\u00e1strofe en las zonas m\u00e1s da\u00f1adas, explic\u00f3 la vicepresidenta primera y responsable de Egevasa, Nat\u00e0lia Enguix.<\/p>\n\n\n\n<p><br>La Diputaci\u00f3n de Val\u00e8ncia que preside Vicent Momp\u00f3 trabaja desde el primer minuto de la cat\u00e1strofe en el restablecimiento de servicios b\u00e1sicos como el de agua potable y en la reconstrucci\u00f3n de infraestructuras imprescindibles para las comunicaciones y el acceso a los municipios afectados, como son carreteras y puentes. La corporaci\u00f3n provincial ha destinado una partida de nueve millones para actuaciones de urgencia en los municipios con infraestructuras h\u00eddricas da\u00f1adas. En carreteras, el \u00e1rea que dirige Reme Mazzolari ha destinado alrededor de 30 millones de euros para poner en servicio las v\u00edas afectadas de la red provincial y reconstruir 26 puentes que constituyen accesos directos a n\u00facleos de poblaci\u00f3n. En materia de agua, Egevasa trabaja igualmente en la reparaci\u00f3n de 75 depuradoras da\u00f1adas, en este caso junto a la Epsar, y se encarga de realizar las anal\u00edticas para comprobar la calidad del agua, que debe certificar en \u00faltima instancia Salud P\u00fablica.<\/p>\n","protected":false},"excerpt":{"rendered":"<p>La colaboraci\u00f3n entre los diferentes municipios ha permitido salir r\u00e1pido de una emergencia provocada por la rotura del canal J\u00facar-Turia que conecta las potabilizadoras de Picassent y Manises<\/p>\n","protected":false},"author":22,"featured_media":331,"comment_status":"closed","ping_status":"closed","sticky":false,"template":"","format":"standard","meta":{"footnotes":""},"categories":[15],"tags":[],"class_list":["post-325","post","type-post","status-publish","format-standard","has-post-thumbnail","hentry","category-aguas"],"_links":{"self":[{"href":"https:\/\/especiales-hub.prensaiberica.es\/valencia-por-la-reconstruccion\/wp-json\/wp\/v2\/posts\/325","targetHints":{"allow":["GET"]}}],"collection":[{"href":"https:\/\/especiales-hub.prensaiberica.es\/valencia-por-la-reconstruccion\/wp-json\/wp\/v2\/posts"}],"about":[{"href":"https:\/\/especiales-hub.prensaiberica.es\/valencia-por-la-reconstruccion\/wp-json\/wp\/v2\/types\/post"}],"author":[{"embeddable":true,"href":"https:\/\/especiales-hub.prensaiberica.es\/valencia-por-la-reconstruccion\/wp-json\/wp\/v2\/users\/22"}],"replies":[{"embeddable":true,"href":"https:\/\/especiales-hub.prensaiberica.es\/valencia-por-la-reconstruccion\/wp-json\/wp\/v2\/comments?post=325"}],"version-history":[{"count":0,"href":"https:\/\/especiales-hub.prensaiberica.es\/valencia-por-la-reconstruccion\/wp-json\/wp\/v2\/posts\/325\/revisions"}],"wp:featuredmedia":[{"embeddable":true,"href":"https:\/\/especiales-hub.prensaiberica.es\/valencia-por-la-reconstruccion\/wp-json\/wp\/v2\/media\/331"}],"wp:attachment":[{"href":"https:\/\/especiales-hub.prensaiberica.es\/valencia-por-la-reconstruccion\/wp-json\/wp\/v2\/media?parent=325"}],"wp:term":[{"taxonomy":"category","embeddable":true,"href":"https:\/\/especiales-hub.prensaiberica.es\/valencia-por-la-reconstruccion\/wp-json\/wp\/v2\/categories?post=325"},{"taxonomy":"post_tag","embeddable":true,"href":"https:\/\/especiales-hub.prensaiberica.es\/valencia-por-la-reconstruccion\/wp-json\/wp\/v2\/tags?post=325"}],"curies":[{"name":"wp","href":"https:\/\/api.w.org\/{rel}","templated":true}]}}