{"id":336,"date":"2024-12-11T10:31:24","date_gmt":"2024-12-11T09:31:24","guid":{"rendered":"https:\/\/especiales-hub.prensaiberica.es\/valencia-por-la-reconstruccion\/?p=336"},"modified":"2024-12-11T10:31:25","modified_gmt":"2024-12-11T09:31:25","slug":"las-obras-del-alcantarillado-resuelven-los-vertidos-en-la-red-de-saneamiento","status":"publish","type":"post","link":"https:\/\/especiales-hub.prensaiberica.es\/valencia-por-la-reconstruccion\/aguas\/las-obras-del-alcantarillado-resuelven-los-vertidos-en-la-red-de-saneamiento\/","title":{"rendered":"Las obras del alcantarillado resuelven los vertidos en la red de saneamiento"},"content":{"rendered":"\n<p>El alcantarillado p\u00fablico de la zona m\u00e1s afectada por la dana tardar\u00e1 cerca de un a\u00f1o en funcionar \u00abcon normalidad\u00bb. Ese es el tiempo estimado por los t\u00e9cnicos de la Diputaci\u00f3n de Val\u00e8ncia y la Generalitat Valenciana en su valoraci\u00f3n inicial, seg\u00fan pudo saber <strong>Levante-EMV<\/strong>. Tras la riada y la acumulaci\u00f3n del lodo en la red de saneamiento ser\u00e1 necesario realizar trabajos para desatascar las tuber\u00edas da\u00f1adas, limpiarlas y, en muchos casos, reemplazarlas por otras nuevas si no se puede realizar las labores anteriores. Para ello, se han movilizado m\u00e1s de 140 cubas que realizan trabajos de alcantarillado, principalmente en los municipios de Paiporta, Catarroja y Benet\u00fasser. En el peor de los casos, expertos de la UPV consultados por este peri\u00f3dico estiman que se \u00abdeber\u00eda reemplazar el 40 % de las tuber\u00edas\u00bb o, al menos, sacarlas para limpiarlas y reconectarlas a posteriori.<\/p>\n\n\n\n<p><br>Eso no significa que la red est\u00e9 inoperativa ni que vaya a estarlo en el futuro. Las obras impulsadas por la Conselleria de Medio Ambiente, Infraestructuras y Territorio han permitido solucionar el 97,1 % de los vertidos incontrolados generados por las deficiencias y p\u00e9rdidas en la red de saneamiento. En este punto, se han conseguido recuperar 117 de las 123 depuradoras afectadas por la riada y gestionadas por la Entidad P\u00fablica de Saneamiento de Aguas Residuales de la Comunitat Valenciana (Epsar). Sin embargo, las de Vilamarxant, Bu\u00f1ol-Alborache, Requena-casco, Requena-San Antonio y Aldeas de la Vega y Pinedo se encuentran \u00abm\u00e1s gravemente afectadas\u00bb.<\/p>\n\n\n\n<p><br>Precisamente, los trabajos de reconstrucci\u00f3n de la red de saneamiento se han centrado en los \u00faltimos d\u00edas en la recuperaci\u00f3n del colector de Torrent y Picanya, con tal de conectar de nuevo el alcantarillado de estos municipios con la depuradora de Pinedo y, as\u00ed, trasladar los residuos de m\u00e1s de 100.000 personas, entre ambas poblaciones.<\/p>\n\n\n\n<p><br>Cabe destacar que la de Pinedo es la planta m\u00e1s grande de la Comunitat Valenciana, con capacidad para tratar hasta 350.000 metros c\u00fabicos al d\u00eda. Actualmente presta servicio a la ciudad de Val\u00e8ncia y un total de 16 municipios de l\u2019Horta Sud, algunos de ellos muy afectados por la barrancada, como es el caso de Paiporta, Catarroja, Massanassa, Picanya o Sedav\u00ed.<\/p>\n\n\n\n<p><\/p>\n","protected":false},"excerpt":{"rendered":"<p>Un mes despu\u00e9s de la riada, se han conseguido recuperar 117 de las 123 depuradoras afectadas<\/p>\n","protected":false},"author":25,"featured_media":332,"comment_status":"closed","ping_status":"closed","sticky":false,"template":"","format":"standard","meta":{"footnotes":""},"categories":[15],"tags":[],"class_list":["post-336","post","type-post","status-publish","format-standard","has-post-thumbnail","hentry","category-aguas"],"_links":{"self":[{"href":"https:\/\/especiales-hub.prensaiberica.es\/valencia-por-la-reconstruccion\/wp-json\/wp\/v2\/posts\/336","targetHints":{"allow":["GET"]}}],"collection":[{"href":"https:\/\/especiales-hub.prensaiberica.es\/valencia-por-la-reconstruccion\/wp-json\/wp\/v2\/posts"}],"about":[{"href":"https:\/\/especiales-hub.prensaiberica.es\/valencia-por-la-reconstruccion\/wp-json\/wp\/v2\/types\/post"}],"author":[{"embeddable":true,"href":"https:\/\/especiales-hub.prensaiberica.es\/valencia-por-la-reconstruccion\/wp-json\/wp\/v2\/users\/25"}],"replies":[{"embeddable":true,"href":"https:\/\/especiales-hub.prensaiberica.es\/valencia-por-la-reconstruccion\/wp-json\/wp\/v2\/comments?post=336"}],"version-history":[{"count":0,"href":"https:\/\/especiales-hub.prensaiberica.es\/valencia-por-la-reconstruccion\/wp-json\/wp\/v2\/posts\/336\/revisions"}],"wp:featuredmedia":[{"embeddable":true,"href":"https:\/\/especiales-hub.prensaiberica.es\/valencia-por-la-reconstruccion\/wp-json\/wp\/v2\/media\/332"}],"wp:attachment":[{"href":"https:\/\/especiales-hub.prensaiberica.es\/valencia-por-la-reconstruccion\/wp-json\/wp\/v2\/media?parent=336"}],"wp:term":[{"taxonomy":"category","embeddable":true,"href":"https:\/\/especiales-hub.prensaiberica.es\/valencia-por-la-reconstruccion\/wp-json\/wp\/v2\/categories?post=336"},{"taxonomy":"post_tag","embeddable":true,"href":"https:\/\/especiales-hub.prensaiberica.es\/valencia-por-la-reconstruccion\/wp-json\/wp\/v2\/tags?post=336"}],"curies":[{"name":"wp","href":"https:\/\/api.w.org\/{rel}","templated":true}]}}