{"id":344,"date":"2024-12-11T10:43:35","date_gmt":"2024-12-11T09:43:35","guid":{"rendered":"https:\/\/especiales-hub.prensaiberica.es\/valencia-por-la-reconstruccion\/?p=344"},"modified":"2024-12-11T10:51:10","modified_gmt":"2024-12-11T09:51:10","slug":"una-ayuda-a-la-vivienda-sin-precedentes-desde-hace-ochenta-anos","status":"publish","type":"post","link":"https:\/\/especiales-hub.prensaiberica.es\/valencia-por-la-reconstruccion\/ayudas\/una-ayuda-a-la-vivienda-sin-precedentes-desde-hace-ochenta-anos\/","title":{"rendered":"Una ayuda a la vivienda sin precedentes desde hace ochenta a\u00f1os"},"content":{"rendered":"\n<p>El Consell calcula que las viviendas con da\u00f1os muy graves por la dana superan las 2.500, aunque la riada afect\u00f3 en mayor o menor medida a 60.900 tras golpear una superficie equivalente a 110.000 campos de f\u00fatbol, seg\u00fan datos recogidos por el Colegio de Registradores. De las viviendas m\u00e1s afectadas, 492 han tenido que ser desalojadas por problemas estructurales, 1.658 han sido declaradas no habitables por los da\u00f1os, 160 tienen que ser demolidas y otras 216 han sido apuntaladas. Ante esta situaci\u00f3n, la Administraci\u00f3n central y auton\u00f3mica han desplegado un plan de ayuda sin precedentes en los \u00faltimos ochenta a\u00f1os. El Gobierno concede ayudas directas de hasta 60.000 euros por hogar y el Consell ha movilizado 200 millones de manera urgente con entregas de 6.000 euros por casa como primeras soluciones de impacto.<\/p>\n\n\n\n<p><br>La plataforma Idealista ha calculado el coste que supondr\u00e1 la rehabilitaci\u00f3n de las viviendas situadas en planta baja en los municipios afectados con una media de 90 metros cuadrados por inmueble. Si los da\u00f1os no son cuantiosos y la vivienda puede volver a estar habitable con una reforma media (limpieza, pintura, suelos, puertas, mobiliario b\u00e1sico de las cocinas e instalaci\u00f3n el\u00e9ctrica) el coste aproximado ser\u00eda de 24.000 euros por vivienda.<\/p>\n\n\n\n<p><br>En el caso de da\u00f1os m\u00e1s graves (pero sin afectar a la estructura), las viviendas que necesiten una mayor intervenci\u00f3n (lo incluido en la reforma media m\u00e1s rehacer tabiques, ventanas, sistemas de fontaner\u00eda o de gas) los costes aumentan hasta los 47.800 euros de media. Estos costes aproximados no tienen en cuenta la adquisici\u00f3n de nuevos muebles y otros enseres, ci\u00f1\u00e9ndose \u00fanicamente a la rehabilitaci\u00f3n de la vivienda.<\/p>\n\n\n\n<p><br>Ante este panorama, desde principios de noviembre se pueden solicitar las ayudas directas del Gobierno para reparar las viviendas da\u00f1adas y reponer los enseres dom\u00e9sticos. En concreto, las ayudas del Gobierno por da\u00f1os en la vivienda habitual o arrendada son de hasta 60.480 euros por la destrucci\u00f3n total del inmueble; de hasta 41.280 euros por perjuicios que afecten a la estructura; de hasta 20.640 por roturas que no afecten a la estructura; y de hasta 36.896 euros por desperfectos en elemento comunes de una comunidad de vecinos. En el caso de los enseres (muebles y electrodom\u00e9sticos) y todo lo que hace habitable una casa el apoyo es de hasta 10.320 euros.<\/p>\n\n\n\n<p><br>Por otro lado, las ayudas anunciadas por la Generalitat de hasta 6.000 euros por vivienda afectada tambi\u00e9n se pueden solicitar. La Generalitat ha habilitado una p\u00e1gina web en su sede electr\u00f3nica que ya est\u00e1 disponible y desde la que se pueden reclamar estas subvenciones. Las personas cuya viviendas hayan sufrido da\u00f1os como consecuencia del temporal, y se encuentre dentro de los t\u00e9rminos municipales damnificados, pueden solicitar la subvenci\u00f3n hasta el 16 de diciembre de 2024.<\/p>\n\n\n\n<p><br>De forma paralela, Nedgia, la distribuidora de gas del Grupo Naturgy, reparar\u00e1 o sustituir\u00e1 a su cargo instalaciones y equipamientos de gas (calderas y calentadores) y ayudar\u00e1 econ\u00f3micamente al reemplazo de electrodom\u00e9sticos (lavadora y frigor\u00edfico) de los afectados. Esta medida tendr\u00e1 un impacto potencial sobre aproximadamente 25.000 viviendas y comercios. La estimaci\u00f3n del importe de esta ayuda es de 15 millones de euros.<\/p>\n\n\n\n<p><br>Endesa anunci\u00f3 la condonaci\u00f3n de la factura mensual de luz y gas a sus clientes ubicados en los municipios afectados por la dana en la Comunitat Valenciana, atendiendo al listado de localidades especificado por el Gobierno central. Adem\u00e1s, la compa\u00f1\u00eda energ\u00e9tica ha reforzado sus canales de atenci\u00f3n al cliente para poder solicitar el aplazamiento de sus facturas o cualquier otra cuesti\u00f3n derivada de la aplicaci\u00f3n de las medidas aprobadas por el Gobierno.<\/p>\n\n\n\n<p><br>Por su parte, Fen\u00ede Energ\u00eda ha creado un fondo de ayudas con una dotaci\u00f3n inicial de 300.000 euros para clientes y para sus empresas instaladoras que se han visto afectados por las graves lluvias torrenciales e inundaciones derivadas de la dana. La compa\u00f1\u00eda ya acord\u00f3 paralizar los cortes de suministro y ofrecer facilidades de pago a los clientes.<\/p>\n\n\n\n<p><\/p>\n\n\n\n<h2 class=\"wp-block-heading\">Situaci\u00f3n a medio plazo<\/h2>\n\n\n\n<p>El primer Real Decreto de \u00abmedidas urgentes de respuesta a los da\u00f1os causados por la Dana\u00bb ya anunci\u00f3 que m\u00e1s all\u00e1 de las ayudas directas, el Gobierno y la Generalitat trabajan en actuaciones para \u00abofertar soluciones definitivas\u00bb a las personas que han perdido su vivienda. \u00abTambi\u00e9n se est\u00e1 trabajando en medidas para disponer de suelo finalista destinado a la construcci\u00f3n de viviendas asequibles en las zonas afectadas\u00bb, as\u00ed como la movilizaci\u00f3n de los recursos de la Entidad Estatal del Suelo (Sepes) y de la Sociedad de Gesti\u00f3n de Activos Procedentes de la Reestructuraci\u00f3n Bancaria (Sareb).<\/p>\n\n\n\n<p><br>El nuevo vicepresidente segundo del Consell, el teniente general Francisco Jos\u00e9 Gan Pampols, explic\u00f3 este lunes que a pesar del impacto en la vivienda el n\u00famero de realojos es relativamente bajo \u00abpor la amplia red familiar de apoyo que hay en las poblaciones afectadas. En el antiguo hospital La Fe de Campanar hay 29 personas realojadas y otras 98 se encuentran en otros centros. Gan Pampols a\u00f1adi\u00f3 que la Generalitat trabaja para disponer de unas 300 viviendas p\u00fablicas para los afectados. De ellas, 184 est\u00e1n en la pedan\u00eda de La Torre (son inmuebles que est\u00e1n siendo rehabilitados), 30 se est\u00e1n acondicionando en otros municipios y otras 75 con una disponibilidad media que se encuentran en fase de rehabilitaci\u00f3n en la provincia.<\/p>\n\n\n\n<p><br>Adem\u00e1s, el Gobierno central y la Generalitat llegaron a un acuerdo para la cesi\u00f3n de m\u00e1s de un centenar de viviendas propiedad de Sareb (Sociedad de Activos procedentes de la Reestructuraci\u00f3n Bancaria), para destinarlas a las familias afectadas por la dana.<\/p>\n\n\n\n<p><br>Sareb tras un an\u00e1lisis inicial y visita de las viviendas de las que dispone en las zonas afectadas por la cat\u00e1strofe de la dana ha puesto a disposici\u00f3n de las administraciones p\u00fablicas 150 viviendas de forma gratuita e inmediata, que est\u00e1n siendo entregadas tras ser amuebladas y acondicionadas.<\/p>\n\n\n\n<p><br>La titular del Ministerio de Vivienda, Isabel Rodr\u00edguez, anunci\u00f3 tras reunirse de manera telem\u00e1tica desde la Delegaci\u00f3n de Gobierno de Valencia con los ayuntamientos de los municipios m\u00e1s afectados por la dana que est\u00e1n trabajando en un registro oficial de las personas que necesitan ser realojadas y que ahora est\u00e1n viviendo en casas de familiares o amigos. La Administraci\u00f3n todav\u00eda no tiene un n\u00famero cerrado de cu\u00e1ntas viviendas hacen falta. De momento, solo han salido estimaciones de las inmobiliarias que calculan que en los municipios de l\u2019Horta Sud golpeados por la riada faltan 6.000 viviendas.<\/p>\n\n\n\n<blockquote class=\"wp-block-quote is-layout-flow wp-block-quote-is-layout-flow\">\n<p><\/p>\n<\/blockquote>\n\n\n\n<blockquote class=\"wp-block-quote is-layout-flow wp-block-quote-is-layout-flow\"><div class=\"wp-block-image\">\n<figure class=\"aligncenter size-large\"><img loading=\"lazy\" decoding=\"async\" width=\"1024\" height=\"791\" src=\"https:\/\/especiales-hub.prensaiberica.es\/valencia-por-la-reconstruccion\/wp-content\/uploads\/2024\/12\/pag27-1-1024x791.jpg\" alt=\"\" class=\"wp-image-363\" srcset=\"https:\/\/especiales-hub.prensaiberica.es\/valencia-por-la-reconstruccion\/wp-content\/uploads\/2024\/12\/pag27-1-1024x791.jpg 1024w, https:\/\/especiales-hub.prensaiberica.es\/valencia-por-la-reconstruccion\/wp-content\/uploads\/2024\/12\/pag27-1-300x232.jpg 300w, https:\/\/especiales-hub.prensaiberica.es\/valencia-por-la-reconstruccion\/wp-content\/uploads\/2024\/12\/pag27-1-768x593.jpg 768w, https:\/\/especiales-hub.prensaiberica.es\/valencia-por-la-reconstruccion\/wp-content\/uploads\/2024\/12\/pag27-1.jpg 1150w\" sizes=\"auto, (max-width: 1024px) 100vw, 1024px\" \/><figcaption class=\"wp-element-caption\">Casas da\u00f1adas por la riada en Chiva. | MA Montesinos<\/figcaption><\/figure>\n<\/div><\/blockquote>\n\n\n\n<blockquote class=\"wp-block-quote is-layout-flow wp-block-quote-is-layout-flow\">\n<blockquote class=\"wp-block-quote is-layout-flow wp-block-quote-is-layout-flow\">\n<p>Los afectados podr\u00e1n aplazar el pago de la luz y el gas hasta finales de 2025<\/p>\n<\/blockquote>\n<\/blockquote>\n\n\n\n<p>Los afectados por la dana podr\u00e1n aplazar el pago de la luz y el gas hasta el 31 de diciembre de 2025, seg\u00fan recoge el Bolet\u00edn Oficial del Estado (BOE) que concreta las ayudas ur gentes aprobadas por el Gobierno. Los consumidores de los municipios devastados tendr\u00e1n la posibilidad de abonar las facturas del a\u00f1o que viene en varios plazos a partir de 2026. Adem\u00e1s, el Gobierno impide cortar el suministro de la electricidad, el agua o de derivados del petr\u00f3leo por impago a las familias vulnerables que viven en los municipios inundados.<\/p>\n\n\n\n<p><br>El Real Decreto con las medidas de apoyo energ\u00e9tico incide en que son para todos los puntos de suministro ubicados en las localidades afectadas por la dana y subraya en que la \u00abflexibilizaci\u00f3n\u00bb se mantendr\u00e1 hasta el 31 de diciembre de 2025. En el caso del gas natural \u00ablos consumidores podr\u00e1n solicitar a su comercializador el aplazamiento del pago de las facturas giradas a cobro\u00bb durante 2025. \u00abPara evitar incentivar el consumo con pago aplazo, se incluye como l\u00edmite\u00bb un importe \u00abigual o inferior a la energ\u00eda consumida en la misma factura emitida en el a\u00f1o anterior\u00bb.<\/p>\n\n\n\n<p><br>Los consumidores de gas tendr\u00e1n un a\u00f1o, que ser\u00e1 2026, para abonar las facturas aplazadas. \u00abA fin de no dificultar la gesti\u00f3n comercial de la empresa se establece que se regularizar\u00e1n en las facturas ordinarias\u00bb, aclara el Real Decreto.<\/p>\n\n\n\n<p><br>En el caso del suministro de electricidad, los consumidores tambi\u00e9n podr\u00e1n aplazar durante todo 2025 el pago del consumo, pero el plazo para regularizar el abono es de seis meses. El titular no podr\u00e1 cambiar de comercializador mientras tenga cantidades pendientes de abonar.<\/p>\n\n\n\n<p><br>Tambi\u00e9n hasta el 31 de diciembre de 2025 y con el fin de proteger a los consumidores m\u00e1s vulnerables, las empresas de distribuci\u00f3n no podr\u00e1n interrumpir en caso de impago el suministro de energ\u00eda el\u00e9ctrica, productos derivados del petr\u00f3leo (incluidos los gases manufacturados y licuados), gas natural y agua.<\/p>\n","protected":false},"excerpt":{"rendered":"<p>La Administraci\u00f3n ha activado un plan sin precedentes para apoyar a las m\u00e1s de 60.000 familias que han sufridos da\u00f1os en su hogares. El Gobierno concede ayudas directas de m\u00e1s de 60.000 euros a los que lo han perdido todo y el Consell entrega otros 6.000 euros.<\/p>\n","protected":false},"author":17,"featured_media":350,"comment_status":"closed","ping_status":"closed","sticky":false,"template":"","format":"standard","meta":{"footnotes":""},"categories":[16],"tags":[],"class_list":["post-344","post","type-post","status-publish","format-standard","has-post-thumbnail","hentry","category-ayudas"],"_links":{"self":[{"href":"https:\/\/especiales-hub.prensaiberica.es\/valencia-por-la-reconstruccion\/wp-json\/wp\/v2\/posts\/344","targetHints":{"allow":["GET"]}}],"collection":[{"href":"https:\/\/especiales-hub.prensaiberica.es\/valencia-por-la-reconstruccion\/wp-json\/wp\/v2\/posts"}],"about":[{"href":"https:\/\/especiales-hub.prensaiberica.es\/valencia-por-la-reconstruccion\/wp-json\/wp\/v2\/types\/post"}],"author":[{"embeddable":true,"href":"https:\/\/especiales-hub.prensaiberica.es\/valencia-por-la-reconstruccion\/wp-json\/wp\/v2\/users\/17"}],"replies":[{"embeddable":true,"href":"https:\/\/especiales-hub.prensaiberica.es\/valencia-por-la-reconstruccion\/wp-json\/wp\/v2\/comments?post=344"}],"version-history":[{"count":0,"href":"https:\/\/especiales-hub.prensaiberica.es\/valencia-por-la-reconstruccion\/wp-json\/wp\/v2\/posts\/344\/revisions"}],"wp:featuredmedia":[{"embeddable":true,"href":"https:\/\/especiales-hub.prensaiberica.es\/valencia-por-la-reconstruccion\/wp-json\/wp\/v2\/media\/350"}],"wp:attachment":[{"href":"https:\/\/especiales-hub.prensaiberica.es\/valencia-por-la-reconstruccion\/wp-json\/wp\/v2\/media?parent=344"}],"wp:term":[{"taxonomy":"category","embeddable":true,"href":"https:\/\/especiales-hub.prensaiberica.es\/valencia-por-la-reconstruccion\/wp-json\/wp\/v2\/categories?post=344"},{"taxonomy":"post_tag","embeddable":true,"href":"https:\/\/especiales-hub.prensaiberica.es\/valencia-por-la-reconstruccion\/wp-json\/wp\/v2\/tags?post=344"}],"curies":[{"name":"wp","href":"https:\/\/api.w.org\/{rel}","templated":true}]}}