{"id":378,"date":"2024-12-11T10:55:08","date_gmt":"2024-12-11T09:55:08","guid":{"rendered":"https:\/\/especiales-hub.prensaiberica.es\/valencia-por-la-reconstruccion\/?p=378"},"modified":"2024-12-11T11:04:30","modified_gmt":"2024-12-11T10:04:30","slug":"gobierno-y-consell-salen-al-rescate-de-pymes-y-autonomos","status":"publish","type":"post","link":"https:\/\/especiales-hub.prensaiberica.es\/valencia-por-la-reconstruccion\/ayudas\/gobierno-y-consell-salen-al-rescate-de-pymes-y-autonomos\/","title":{"rendered":"Gobierno y Consell salen al rescate de pymes y aut\u00f3nomos"},"content":{"rendered":"\n<p>Gobierno central y Generalitat abren el grifo para que la liquidez, clave para sostener cualquier negocio econ\u00f3mico, llegue a las empresas (sobre todo pymes y micropymes) y a los trabajadores aut\u00f3nomos. En este arranque del mes de diciembre ha comenzado el pago de ayudas directas que contribuir\u00e1n a reconstruir el tejido empresarial de la zona destrozada por la dana, que s\u00f3lo en los 32 municipios m\u00e1s afectados aglutinan a 32.000 empresas, 535.000 personas y algo m\u00e1s de 150.000 hogares. El objetivo es la reconstrucci\u00f3n.<\/p>\n\n\n\n<p><br>Este pasado lunes, seg\u00fan ha informado el Ministerio de Hacienda, comenzaron a pagarse las primeras ayudas directas a empresas y aut\u00f3nomos que ha puesto el Ejecutivo presidido por Pedro S\u00e1nchez. Un total de 6.388 empresas recibir\u00e1n 98,5 millones de estas ayudas, que oscilan entre los 10.000 y 150.000 euros, mientras que 9.075 aut\u00f3nomos recibir\u00e1n 45,4 millones en un pago directo. La Agencia Tributaria acord\u00f3 el pago en un solo d\u00eda de 144 millones de euros de ayudas directas a 15.463 aut\u00f3nomos y empresas de zonas afectadas por la dana. El plazo para reclamar estas ayudas comenz\u00f3 el 19 de noviembre y finaliza el 31 de diciembre y para agilizar al m\u00e1ximo el tr\u00e1mite, los afectados \u00fanicamente deben indicar el n\u00famero de cuenta bancaria en el que desean recibir el abono de la ayuda.<\/p>\n\n\n<div class=\"wp-block-image\">\n<figure class=\"aligncenter size-large\"><img loading=\"lazy\" decoding=\"async\" width=\"1024\" height=\"699\" src=\"https:\/\/especiales-hub.prensaiberica.es\/valencia-por-la-reconstruccion\/wp-content\/uploads\/2024\/12\/pag28-2-1024x699.jpg\" alt=\"\" class=\"wp-image-381\" srcset=\"https:\/\/especiales-hub.prensaiberica.es\/valencia-por-la-reconstruccion\/wp-content\/uploads\/2024\/12\/pag28-2-1024x699.jpg 1024w, https:\/\/especiales-hub.prensaiberica.es\/valencia-por-la-reconstruccion\/wp-content\/uploads\/2024\/12\/pag28-2-300x205.jpg 300w, https:\/\/especiales-hub.prensaiberica.es\/valencia-por-la-reconstruccion\/wp-content\/uploads\/2024\/12\/pag28-2-768x524.jpg 768w, https:\/\/especiales-hub.prensaiberica.es\/valencia-por-la-reconstruccion\/wp-content\/uploads\/2024\/12\/pag28-2.jpg 1162w\" sizes=\"auto, (max-width: 1024px) 100vw, 1024px\" \/><\/figure>\n<\/div>\n\n\n<p><br>Estas ayudas directas para empresas y aut\u00f3nomos est\u00e1n exentas de tributaci\u00f3n en el IRPF y en el Impuesto sobre Sociedades, tal y como se contempla en el primer Real Decreto-ley aprobado por el Gobierno de medidas para los afectados de esta cat\u00e1strofe. El importe de la ayuda depende del nivel de facturaci\u00f3n, de manera que para las pymes con una facturaci\u00f3n inferior al mill\u00f3n de euros la ayuda ser\u00e1 de 10.000 euros. Para aquellas empresas con un volumen de operaci\u00f3n de entre 1 y 2 millones, la ayuda ser\u00e1 de 20.000 euros; de 40.000 euros si ha estado entre 2 y 6 millones; de 80.000 euros en el caso de un volumen entre 6 y 10 millones de euros; y las empresas afectadas con m\u00e1s de 10 millones de volumen de operaciones en 2023 dispondr\u00e1n de una ayuda de 150.000 euros.<\/p>\n\n\n\n<p><br>Otras medidas adoptadas por el Ministerio de Hacienda son las exenciones y reducciones en las cuotas del Impuesto sobre Bienes Inmuebles (IBI) y del Impuesto sobre Actividades Econ\u00f3micas (IAE) correspondientes al ejercicio 2024 que afecten a los inmuebles da\u00f1ados por la dana.<\/p>\n\n\n\n<p><\/p>\n\n\n\n<h2 class=\"wp-block-heading\">Ayudas \u2018expres\u2019 de la Generalitat\u200a<\/h2>\n\n\n\n<p>Mientras tanto, la Generalitat ha aprobado esta semana un decreto que destina 90 millones de euros en ayudas directas para los trabajadores aut\u00f3nomos. Esta medida de ayudas \u2018express\u2019 beneficiar\u00e1 a un m\u00e1ximo de 30.000 aut\u00f3nomos. Cada trabajador por cuenta propia podr\u00e1 recibir una ayuda de 3.000 euros y ser\u00e1 gestionada por Labora, el Servicio Valenciano de Empleo y Formaci\u00f3n. Pueden beneficiarse los aut\u00f3nomos que formen parte de comunidades de bienes u otras entidades sin personalidad jur\u00eddica. El per\u00edodo de solicitud se abri\u00f3 el pasado jueves y estar\u00e1 operativo hasta el 16 de diciembre de 2024. Las ayudas se asignar\u00e1n seg\u00fan el orden de presentaci\u00f3n de las solicitudes, que deber\u00e1n enviarse de forma telem\u00e1tica a trav\u00e9s de la sede electr\u00f3nica de la Generalitat en la web www.labora.gva.es.<\/p>\n\n\n\n<p><br>Paralelamente, el Institut Valenci\u00e0 de Finances (IVF), ha activado una nueva l\u00ednea de financiaci\u00f3n bonificada con un presupuesto de 200 millones de euros para la concesi\u00f3n de pr\u00e9stamos a coste cero para empresas cuya actividad se ha visto afectada por la riada del pasado 29 de octubre. A esta l\u00ednea de cr\u00e9ditos bonificados podr\u00e1n acceder aquellas empresas afectadas por la dana que acrediten da\u00f1os en sus instalaciones o centros de actividad ubicados en alguno de los municipios afectados.<\/p>\n\n\n\n<p><br>Respecto a las medidas fiscales para b beneficiar a las pymes tambi\u00e9n se han flexibilizado los plazos tributarios de manera que aquellas declaraciones, liquidaciones, requerimientos, alegaciones y dem\u00e1s diligencias que venc\u00edan en los meses de noviembre o diciembre se ampl\u00edan hasta el 30 de enero de 2025. Asimismo, se han facilitado los aplazamientos y fraccionamientos sin coste por intereses de demora durante los seis primeros meses.<\/p>\n","protected":false},"excerpt":{"rendered":"<p>Hacienda paga los primeros 144 millones en ayudas directas a 15.000 peque\u00f1as empresas y aut\u00f3nomos mientras pone en marcha 90 millones para 30.000 empleados por cuenta propia<\/p>\n","protected":false},"author":20,"featured_media":380,"comment_status":"closed","ping_status":"closed","sticky":false,"template":"","format":"standard","meta":{"footnotes":""},"categories":[16],"tags":[],"class_list":["post-378","post","type-post","status-publish","format-standard","has-post-thumbnail","hentry","category-ayudas"],"_links":{"self":[{"href":"https:\/\/especiales-hub.prensaiberica.es\/valencia-por-la-reconstruccion\/wp-json\/wp\/v2\/posts\/378","targetHints":{"allow":["GET"]}}],"collection":[{"href":"https:\/\/especiales-hub.prensaiberica.es\/valencia-por-la-reconstruccion\/wp-json\/wp\/v2\/posts"}],"about":[{"href":"https:\/\/especiales-hub.prensaiberica.es\/valencia-por-la-reconstruccion\/wp-json\/wp\/v2\/types\/post"}],"author":[{"embeddable":true,"href":"https:\/\/especiales-hub.prensaiberica.es\/valencia-por-la-reconstruccion\/wp-json\/wp\/v2\/users\/20"}],"replies":[{"embeddable":true,"href":"https:\/\/especiales-hub.prensaiberica.es\/valencia-por-la-reconstruccion\/wp-json\/wp\/v2\/comments?post=378"}],"version-history":[{"count":0,"href":"https:\/\/especiales-hub.prensaiberica.es\/valencia-por-la-reconstruccion\/wp-json\/wp\/v2\/posts\/378\/revisions"}],"wp:featuredmedia":[{"embeddable":true,"href":"https:\/\/especiales-hub.prensaiberica.es\/valencia-por-la-reconstruccion\/wp-json\/wp\/v2\/media\/380"}],"wp:attachment":[{"href":"https:\/\/especiales-hub.prensaiberica.es\/valencia-por-la-reconstruccion\/wp-json\/wp\/v2\/media?parent=378"}],"wp:term":[{"taxonomy":"category","embeddable":true,"href":"https:\/\/especiales-hub.prensaiberica.es\/valencia-por-la-reconstruccion\/wp-json\/wp\/v2\/categories?post=378"},{"taxonomy":"post_tag","embeddable":true,"href":"https:\/\/especiales-hub.prensaiberica.es\/valencia-por-la-reconstruccion\/wp-json\/wp\/v2\/tags?post=378"}],"curies":[{"name":"wp","href":"https:\/\/api.w.org\/{rel}","templated":true}]}}