{"id":38,"date":"2024-12-11T12:44:05","date_gmt":"2024-12-11T11:44:05","guid":{"rendered":"https:\/\/especiales-hub.prensaiberica.es\/valencia-por-la-reconstruccion\/?p=38"},"modified":"2024-12-11T12:44:05","modified_gmt":"2024-12-11T11:44:05","slug":"caixabank-se-vuelca-con-los-afectados","status":"publish","type":"post","link":"https:\/\/especiales-hub.prensaiberica.es\/valencia-por-la-reconstruccion\/impulsores\/caixabank-se-vuelca-con-los-afectados\/","title":{"rendered":"CaixaBank se vuelca con los afectados"},"content":{"rendered":"\n<h2 class=\"wp-block-heading\">La entidad despliega un amplio plan de medidas para dar apoyo a los damnificados por la dana<\/h2>\n\n\n\n<div style=\"height:30px\" aria-hidden=\"true\" class=\"wp-block-spacer\"><\/div>\n\n\n\n<p>CaixaBank ha activado, desde los primeros momentos del temporal, un amplio plan de medidas para dar apoyo a los afectados por la dana en la Comunitat Valenciana. Tal y como record\u00f3 el consejero delegado de CaixaBank, Gonzalo Gort\u00e1zar, durante la presentaci\u00f3n del plan estrat\u00e9gico de la entidad, \u00abno va a faltar apoyo financiero\u00bb. \u00abHemos estado como banco l\u00edder al lado de nuestros empleados, de nuestros clientes y de la sociedad en general. Estamos como entidad en posici\u00f3n de ayudar, lo estamos haciendo y lo vamos a seguir haciendo, porque es lo que nos toca y tambi\u00e9n lo que queremos hacer\u00bb, a\u00f1adi\u00f3.&nbsp;<\/p>\n\n\n\n<p>Seg\u00fan el Monitor del impacto de la DANA en la provincia de Valencia elaborado por CaixaBank Research, el consumo en la \u2018zona cero\u2019 y sus alrededores se desplom\u00f3 pr\u00e1cticamente por completo tras la tragedia.<\/p>\n\n\n\n<h3 class=\"wp-block-heading\"><strong>Ayudas a particulares y aut\u00f3nomos<\/strong><\/h3>\n\n\n\n<p>La entidad ha puesto a disposici\u00f3n de los afectados una l\u00ednea de financiaci\u00f3n al 0 % para particulares y aut\u00f3nomos como anticipo de las ayudas para \u00absus necesidades inmediatas\u00bb. Adem\u00e1s, ha activado la moratoria de pago en los pr\u00e9stamos de los clientes afectados para aliviar la carga financiera y facilitar la recuperaci\u00f3n. Medida que consiste en la paralizaci\u00f3n temporal de la amortizaci\u00f3n de las cuotas financieras de pr\u00e9stamos de particulares, aut\u00f3nomos, peque\u00f1os negocios y microempresas ubicados en las \u00e1reas declaradas como zona catastr\u00f3fica por un per\u00edodo que puede extenderse hasta 12 meses. Por otro lado, para evitar desplazamientos, la entidad financiera permite la retirada de efectivo sin comisiones a clientes con tarjetas de otros bancos en el amplio parque de cajeros de CaixaBank de las zonas afectadas.<\/p>\n\n\n\n<h3 class=\"wp-block-heading\"><strong>Negocios y empresas<\/strong><\/h3>\n\n\n\n<p>Respecto a las empresas afectadas, se ha habilitado una l\u00ednea extraordinaria de financiaci\u00f3n de m\u00e1s de 2.500 millones de euros. Estas l\u00edneas se completan con otra de financiaci\u00f3n extraordinaria que ha habilitado MicroBank para garantizar la continuidad de la actividad de aut\u00f3nomos y peque\u00f1as empresas.<\/p>\n\n\n\n<p>A todo ello, hay que a\u00f1adir la renovaci\u00f3n autom\u00e1tica para aut\u00f3nomos y pymes de los vencimientos en las l\u00edneas de cr\u00e9dito circulante de los clientes de CaixaBank afectados.<\/p>\n\n\n\n<h3 class=\"wp-block-heading\"><strong>Nuevas l\u00edneas ICO<\/strong><\/h3>\n\n\n\n<p>CaixaBank ya activ\u00f3 de forma efectiva el pasado martes 26 de noviembre las l\u00edneas ICO dirigidas a los afectados por las inundaciones por la DANA. Estas tienen previsto movilizar 5.000 millones de euros en pr\u00e9stamos para ayudar a los afectados por el temporal. Esta nueva financiaci\u00f3n se articula a trav\u00e9s de tres l\u00edneas. Las dos primeras van dirigidas a anticipar a los afectados, particulares, aut\u00f3nomos, comunidades de propietarios y empresas las ayudas de las administraciones p\u00fablicas y las indemnizaciones de los seguros, incluso aunque no haya realizado todav\u00eda el peritaje oficial de las p\u00e9rdidas. Se aplicar\u00e1 un tipo de inter\u00e9s fijo del 0 % TAE para clientes particulares durante los tres primeros meses y del 2,5 % TAE para pr\u00e9stamos a partir de tres meses y hasta cinco a\u00f1os de vigencia. La tercera l\u00ednea ICO se dirige a las empresas damnificadas que tengan su actividad principal en las zonas afectadas. Esta financiaci\u00f3n se podr\u00e1 tramitar tanto en las oficinas tradicionales de la entidad en la provincia de Valencia como en las oficinas m\u00f3viles.<\/p>\n\n\n\n<h3 class=\"wp-block-heading\"><strong>Tr\u00e1mites con los seguros<\/strong><\/h3>\n\n\n\n<p>La entidad anticipa tambi\u00e9n el cobro de las indemnizaciones de las compa\u00f1\u00edas aseguradoras para que las personas afectadas puedan empezar a reparar los da\u00f1os ocasionados por las inundaciones en sus viviendas y\/o veh\u00edculos hasta que lleguen las ayudas procedentes del Consorcio de Compensaci\u00f3n de Seguros. Por su parte, SegurCaixa Adeslas ha habilitado una l\u00ednea telef\u00f3nica exclusiva (900 103 500) para agilizar el contacto con la aseguradora. En el caso de los asegurados que lo necesiten, se facilitar\u00e1 la gesti\u00f3n de los siniestros consorciables, realizando la apertura del expediente ante el Consorcio de Compensaci\u00f3n de Seguros para agilizar la tramitaci\u00f3n.<\/p>\n\n\n\n<h3 class=\"wp-block-heading\"><strong>AgroBank<\/strong><\/h3>\n\n\n\n<p>Mientras, AgroBank ha habilitado una l\u00ednea de financiaci\u00f3n de m\u00e1s de 300 millones de euros para ayudar en aquellos casos en los que las explotaciones y cultivos hayan resultado da\u00f1ados.&nbsp;<\/p>\n\n\n\n<h3 class=\"wp-block-heading\"><strong>Oficinas m\u00f3viles<\/strong><\/h3>\n\n\n\n<p>La entidad cuenta con una amplia red de oficinas en los territorios afectados por el temporal, por lo que ha trabajado intensamente en la recuperaci\u00f3n del servicio para ofrecer atenci\u00f3n a sus clientes lo antes posible. Desde los primeros d\u00edas tras las inundaciones, la mayor parte de la red de oficinas se ha mantenido en servicio. Y para poder dar cobertura en lugares donde no se puede ofrecer servicio en oficinas, la entidad activ\u00f3 desde el primer momento tras la tragedia, varias oficinas m\u00f3viles, servicio en el que CaixaBank cuenta con amplia experiencia ya que se presta de forma habitual en m\u00e1s de 1.000 peque\u00f1as localidades en toda Espa\u00f1a con el objetivo de garantizar la inclusi\u00f3n financiera. La entidad moviliza diariamente seis ofim\u00f3viles en coordinaci\u00f3n con el Centro de Coordinaci\u00f3n Operativo Integrado (CECOPI) y los diferentes ayuntamientos. El servicio arranc\u00f3 el 5 de noviembre con la atenci\u00f3n a los vecinos de las localidades valencianas de Albal, Algemes\u00ed, Paiporta, Benet\u00fasser y Aldaia; y se ampli\u00f3 despu\u00e9s a Sedav\u00ed y Massanassa. La entidad est\u00e1 trabajando para recuperar la normalidad lo antes posible en las ya pocas oficinas que le quedan afectadas, y hasta entonces seguir\u00e1 prestando servicio all\u00ed con las oficinas m\u00f3viles.&nbsp;<\/p>\n\n\n\n<figure class=\"wp-block-image size-large\"><img loading=\"lazy\" decoding=\"async\" width=\"1024\" height=\"768\" src=\"https:\/\/especiales-hub.prensaiberica.es\/valencia-por-la-reconstruccion\/wp-content\/uploads\/2024\/12\/Imagen-Voluntariado.-foto-2-1024x768.jpg\" alt=\"Voluntariado de CaixaBank colaborando en tareas de limpieza tras la dana.\" class=\"wp-image-41\" srcset=\"https:\/\/especiales-hub.prensaiberica.es\/valencia-por-la-reconstruccion\/wp-content\/uploads\/2024\/12\/Imagen-Voluntariado.-foto-2-1024x768.jpg 1024w, https:\/\/especiales-hub.prensaiberica.es\/valencia-por-la-reconstruccion\/wp-content\/uploads\/2024\/12\/Imagen-Voluntariado.-foto-2-300x225.jpg 300w, https:\/\/especiales-hub.prensaiberica.es\/valencia-por-la-reconstruccion\/wp-content\/uploads\/2024\/12\/Imagen-Voluntariado.-foto-2-768x576.jpg 768w, https:\/\/especiales-hub.prensaiberica.es\/valencia-por-la-reconstruccion\/wp-content\/uploads\/2024\/12\/Imagen-Voluntariado.-foto-2-1536x1152.jpg 1536w, https:\/\/especiales-hub.prensaiberica.es\/valencia-por-la-reconstruccion\/wp-content\/uploads\/2024\/12\/Imagen-Voluntariado.-foto-2.jpg 2048w\" sizes=\"auto, (max-width: 1024px) 100vw, 1024px\" \/><figcaption class=\"wp-element-caption\">Voluntariado de CaixaBank colaborando en tareas de limpieza tras la dana.<\/figcaption><\/figure>\n\n\n\n<h3 class=\"wp-block-heading\"><strong>Voluntariado y donativos<\/strong><\/h3>\n\n\n\n<p>Por otro lado, el Voluntariado CaixaBank colabora en labores de limpieza, restauraci\u00f3n de v\u00edas, recogida y reparto de alimentos, acompa\u00f1amiento a personas mayores y otras actividades. Adem\u00e1s, se ha habilitado una plataforma de captaci\u00f3n de donativos para emergencias y cualquier persona puede realizar su aportaci\u00f3n a trav\u00e9s de la red de oficinas; el portal de la entidad (<a href=\"https:\/\/www.caixabank.es\/particular\/home\/particulares_es.html\" target=\"_blank\" data-type=\"link\" data-id=\"https:\/\/www.caixabank.es\/particular\/home\/particulares_es.html\" rel=\"noreferrer noopener nofollow\">www.caixabank.es<\/a>); el servicio de banca digital, web y m\u00f3vil; la red de cajeros en toda Espa\u00f1a y tambi\u00e9n a trav\u00e9s de Bizum: Cruz Roja Espa\u00f1ola (c\u00f3digo de Bizum 04057) y C\u00e1ritas Diocesana de Valencia (c\u00f3digo de Bizum 10502). Tambi\u00e9n desde el programa CaixaBank Escolta Val\u00e8ncia se va a ayudar a las sociedades musicales afectadas.<\/p>\n\n\n\n<h3 class=\"wp-block-heading\"><strong>Fundaci\u00f3n \u2018la Caixa\u2019<\/strong><\/h3>\n\n\n\n<p>Por su parte la Fundaci\u00f3n \u00abla Caixa\u00bb ha destinado una dotaci\u00f3n inicial de m\u00e1s de 5 millones de euros a un plan de ayuda dirigido a las personas damnificadas.&nbsp;<br><\/p>\n","protected":false},"excerpt":{"rendered":"<p>La entidad despliega un amplio plan de medidas para dar apoyo a los damnificados por la dana CaixaBank ha activado, desde los primeros momentos del temporal, un amplio plan de medidas para dar apoyo a los afectados por la dana en la Comunitat Valenciana. Tal y como record\u00f3 el consejero delegado de CaixaBank, Gonzalo Gort\u00e1zar, [&hellip;]<\/p>\n","protected":false},"author":31,"featured_media":39,"comment_status":"closed","ping_status":"closed","sticky":false,"template":"","format":"standard","meta":{"footnotes":""},"categories":[17],"tags":[],"class_list":["post-38","post","type-post","status-publish","format-standard","has-post-thumbnail","hentry","category-impulsores"],"_links":{"self":[{"href":"https:\/\/especiales-hub.prensaiberica.es\/valencia-por-la-reconstruccion\/wp-json\/wp\/v2\/posts\/38","targetHints":{"allow":["GET"]}}],"collection":[{"href":"https:\/\/especiales-hub.prensaiberica.es\/valencia-por-la-reconstruccion\/wp-json\/wp\/v2\/posts"}],"about":[{"href":"https:\/\/especiales-hub.prensaiberica.es\/valencia-por-la-reconstruccion\/wp-json\/wp\/v2\/types\/post"}],"author":[{"embeddable":true,"href":"https:\/\/especiales-hub.prensaiberica.es\/valencia-por-la-reconstruccion\/wp-json\/wp\/v2\/users\/31"}],"replies":[{"embeddable":true,"href":"https:\/\/especiales-hub.prensaiberica.es\/valencia-por-la-reconstruccion\/wp-json\/wp\/v2\/comments?post=38"}],"version-history":[{"count":0,"href":"https:\/\/especiales-hub.prensaiberica.es\/valencia-por-la-reconstruccion\/wp-json\/wp\/v2\/posts\/38\/revisions"}],"wp:featuredmedia":[{"embeddable":true,"href":"https:\/\/especiales-hub.prensaiberica.es\/valencia-por-la-reconstruccion\/wp-json\/wp\/v2\/media\/39"}],"wp:attachment":[{"href":"https:\/\/especiales-hub.prensaiberica.es\/valencia-por-la-reconstruccion\/wp-json\/wp\/v2\/media?parent=38"}],"wp:term":[{"taxonomy":"category","embeddable":true,"href":"https:\/\/especiales-hub.prensaiberica.es\/valencia-por-la-reconstruccion\/wp-json\/wp\/v2\/categories?post=38"},{"taxonomy":"post_tag","embeddable":true,"href":"https:\/\/especiales-hub.prensaiberica.es\/valencia-por-la-reconstruccion\/wp-json\/wp\/v2\/tags?post=38"}],"curies":[{"name":"wp","href":"https:\/\/api.w.org\/{rel}","templated":true}]}}