{"id":389,"date":"2024-12-11T11:10:24","date_gmt":"2024-12-11T10:10:24","guid":{"rendered":"https:\/\/especiales-hub.prensaiberica.es\/valencia-por-la-reconstruccion\/?p=389"},"modified":"2024-12-11T11:12:37","modified_gmt":"2024-12-11T10:12:37","slug":"un-plan-renove-de-hasta-10-000-euros-para-sustituir-los-128-000-vehiculos-afectados","status":"publish","type":"post","link":"https:\/\/especiales-hub.prensaiberica.es\/valencia-por-la-reconstruccion\/ayudas\/un-plan-renove-de-hasta-10-000-euros-para-sustituir-los-128-000-vehiculos-afectados\/","title":{"rendered":"Un plan \u2018renove\u2019 de hasta 10.000 euros para sustituir los 128.000 veh\u00edculos afectados"},"content":{"rendered":"\n<p>Decenas de miles de veh\u00edculos \u2014unos 128.000, seg\u00fan los \u00faltimos c\u00e1lculos del Ministerio de Industria\u2014 primero agolpados entre el barro en las calles de las localidades afectadas y, posteriormente, api\u00f1ados unos sobre otros en \u2018cementerios\u2019 improvisados en los cascos urbanos de esos municipios. Ambas han sido dos de las im\u00e1genes m\u00e1s visibles de la virulencia de la dana del pasado 29 de octubre, un golpe con impacto directo en una parte de la ciudadan\u00eda que ha visto c\u00f3mo tiene que abordar la compra de un nuevo coche tras perder el suyo con la tragedia. Un escenario de urgencia ante el cu\u00e1l las distintas administraciones han comenzado a mover ficha con mayor o menor importancia, siendo el Gobierno central el que ha lanzado el mayor plan hasta ahora.<\/p>\n\n\n\n<p><br>El mismo, que prohibe adem\u00e1s la subida de precios en empresas de compraventa para evitar abusos, ve\u00eda la luz la pasada semana con la aprobaci\u00f3n en un Consejo de Ministros extraordinario del tercer decreto ley de medidas para los afectados, un documento con el que se establece destinar hasta 465 millones de euros \u2014de los m\u00e1s de 2.270 de los que se compone el texto legislativo\u2014 a facilitar la compra de un coche o moto nuevos o usados para aquellos que se han visto perjudicados.<\/p>\n\n\n\n<p><br>La iniciativa, recogida bajo el nombre \u2018Plan Reinicia Auto+\u2019 y cuyo plazo de solicitud se alargar\u00e1 hasta el 30 de junio de 2025, se compone de ayudas directas cuya principal ventaja es que no se tendr\u00e1n que devolver, algo que tanto la patronal de los concesionarios (Faconauto) \u2014cuyos establecimientos se pueden adherir desde el pasado lunes a este programa\u2014 como la de los fabricantes (Anfac) celebraron a\u00f1adiendo la \u00abrapidez\u00bb y, especialmente, la \u00abdiversidad\u00bb de la que se compone la iniciativa.<\/p>\n\n\n\n<p><br>Y es que la cuant\u00eda de las ayudas \u2014dentro de un programa que seg\u00fan explic\u00f3 la semana pasada el ministro de Industria y Turismo, Jordi Hereu, se pondr\u00e1 en marcha \u00aba mediados de diciembre\u00bb\u2014 depender\u00e1 del tipo de veh\u00edculo por el que se opte (turismos, furgonetas, camionetas ligeras y motos), la antig\u00fcedad (nuevo o de segunda mano de hasta 3 a\u00f1os) y la tipolog\u00eda del mismo (si es el\u00e9ctrico, h\u00edbrido o de combusti\u00f3n). Las mismas se aplicar\u00e1n tambi\u00e9n de manera retroactiva a todos aquellos veh\u00edculos nuevos, adquiridos y matriculados en Espa\u00f1a a partir del d\u00eda posterior a la tragedia, es decir, el pasado 30 de octubre.<\/p>\n\n\n\n<p><br>Asimismo, sobre qui\u00e9n podr\u00e1 acogerse al plan, el Gobierno especifica que cada solicitante de ayuda solo podr\u00e1 obtener una subvenci\u00f3n por cada veh\u00edculo siniestrado. Eso s\u00ed, en el caso de las personas f\u00edsicas, si acreditan que tienen la titularidad de m\u00e1s de una de estas unidades golpeadas ante la Direcci\u00f3n General de Tr\u00e1fico (DGT), podr\u00e1n optar a un m\u00e1ximo de dos subvenciones. Y, en el caso de las personas jur\u00eddicas, a un m\u00e1ximo de cinco ayudas.<\/p>\n\n\n\n<p><\/p>\n\n\n\n<h2 class=\"wp-block-heading\">Los importes de la ayuda<\/h2>\n\n\n\n<p>Pero, \u00bfcu\u00e1nto dinero se puede recibir dentro de estas ayudas? Seg\u00fan se\u00f1al\u00f3 a finales de noviembre el ministro de Econom\u00eda, Comercio y Empresa, Carlos Cuerpo, el importe que facilitar\u00e1 el Ejecutivo para cada compra \u2014en un momento en el que los coches se encuentran de media rondando los 24.000 euros de coste, seg\u00fan datos de la Agencia Tributaria\u2014 comenzar\u00e1 en los 500 euros y se extender\u00e1 hasta los 10.000. En este sentido, un detalle importante es que estas bonificaciones se podr\u00e1n sumar a las indemnizaciones que el Consorcio de Compensaci\u00f3n de Seguros est\u00e1 pagando a los ciudadanos afectados en esta materia.<br><\/p>\n\n\n<div class=\"wp-block-image\">\n<figure class=\"aligncenter size-large\"><img loading=\"lazy\" decoding=\"async\" width=\"1024\" height=\"607\" src=\"https:\/\/especiales-hub.prensaiberica.es\/valencia-por-la-reconstruccion\/wp-content\/uploads\/2024\/12\/pag30-2-1024x607.jpg\" alt=\"\" class=\"wp-image-391\" srcset=\"https:\/\/especiales-hub.prensaiberica.es\/valencia-por-la-reconstruccion\/wp-content\/uploads\/2024\/12\/pag30-2-1024x607.jpg 1024w, https:\/\/especiales-hub.prensaiberica.es\/valencia-por-la-reconstruccion\/wp-content\/uploads\/2024\/12\/pag30-2-300x178.jpg 300w, https:\/\/especiales-hub.prensaiberica.es\/valencia-por-la-reconstruccion\/wp-content\/uploads\/2024\/12\/pag30-2-768x455.jpg 768w, https:\/\/especiales-hub.prensaiberica.es\/valencia-por-la-reconstruccion\/wp-content\/uploads\/2024\/12\/pag30-2-1536x911.jpg 1536w, https:\/\/especiales-hub.prensaiberica.es\/valencia-por-la-reconstruccion\/wp-content\/uploads\/2024\/12\/pag30-2-2048x1214.jpg 2048w\" sizes=\"auto, (max-width: 1024px) 100vw, 1024px\" \/><\/figure>\n<\/div>\n\n\n<p>Sobre el importe concreto que se recibir\u00e1 en cada caso, el decreto-ley del Ejecutivo se\u00f1ala que para la adquisici\u00f3n de veh\u00edculos nuevos se a\u00f1adir\u00e1n 10.000 euros m\u00e1s a lo que aporte el Consorcio si es un coche el\u00e9ctrico o con etiqueta CERO, mientras que para la compra de un coche h\u00edbrido o de combusti\u00f3n \u2014etiqueta ECO o C\u2014 el importe llega hasta los 5.000 euros. Si, por el contrario, se opta por uno usado, la horquilla de la bonificaci\u00f3n se sit\u00faa entre los 4.000 \u2014para un el\u00e9ctrico\u2014 y los 2.000 euros para h\u00edbrido y combusti\u00f3n. Por su parte, en el caso de las motos nuevas se dar\u00e1n 2.000 euros si son el\u00e9ctricas y 1.000 si son h\u00edbridas o de combusti\u00f3n y, si son usadas, entre 1.000 y 500, respectivamente. Hay que se\u00f1alar tambi\u00e9n que el Gobierno \u2014seg\u00fan explic\u00f3 Cuerpo\u2014 ha previsto un \u2018extra\u2019 de 1.000 euros para personas con movilidad reducida, los cuales se a\u00f1aden a un paquete adicional de 3 millones cuyo objetivo es ayudar a que estos coches se puedan adaptar a sus necesidades.<\/p>\n\n\n\n<p><\/p>\n\n\n\n<h2 class=\"wp-block-heading\">Exenci\u00f3n del ITP<\/h2>\n\n\n\n<p>Al plan del Ejecutivo central se suma tambi\u00e9n una \u2014considerablemente menor\u2014 ayuda proveniente de la Generalitat. En concreto, seg\u00fan comunic\u00f3 hace casi un mes el Consell de Carlos Maz\u00f3n, se ha establecido una bonificaci\u00f3n del 100 % de la cuota del Impuesto de Transmisiones Patrimoniales (ITP) \u2014cuyo pago se debe hacer en el momento de realizar la compra y cuyo tributo en el caso valenciano asciende al 6 %\u2014 para la adquisici\u00f3n de veh\u00edculos que reemplacen a aquellos destruidos por las inundaciones.<br>En este sentido, dicha adquisici\u00f3n se debe realizar desde el 29 de octubre de 2024 hasta el 31 de diciembre de 2025, ambos inclusive y a ella se podr\u00e1n acoger todos aquellos ciudadanos que decidan adquirir un veh\u00edculo usado de otro particular. Eso s\u00ed, no se ha adoptado por el momento por ning\u00fan tipo de ayuda vinculada a la adquisici\u00f3n de coches nuevos.<\/p>\n\n\n\n<p><\/p>\n\n\n\n<blockquote class=\"wp-block-quote is-layout-flow wp-block-quote-is-layout-flow\">\n<p>El consorcio de Compensaci\u00f3n de seguros abona indemnizaciones a los afectados tras recibir m\u00e1s de 140.000 solicitudes<\/p>\n\n\n\n<p>Desde hace un mes, todos aquellos ciudadanos y empresas que vieron como la riada se llevaba por delante sus veh\u00edculos \u2014dej\u00e1ndolos en la gran mayor\u00eda de casos siniestrados\u2014 ya est\u00e1n pudiendo recibir los importes que abona el Consorcio de Compensaci\u00f3n de Seguros. Estas indemnizaciones, seg\u00fan especific\u00f3 desde el primer momento la entidad estatal, se traducir\u00e1n en un importe que eleva en un 20 % el valor venal \u2014es decir, el que ten\u00eda ese coche antes de un siniestro como la dana y cuyo c\u00e1lculo se hace rest\u00e1ndole al valor oficial un porcentaje dependiendo de la antig\u00fcedad\u2014 del veh\u00edculo. Seg\u00fan destac\u00f3 hace semanas el presidente del Gobierno, Pedro S\u00e1nchez, estos gastos del Consorcio alcanzar\u00e1n una cifra \u00abin\u00e9dita\u00bb, rondando los 3.500 millones de euros.<\/p>\n\n\n\n<p><br>Las mismas, seg\u00fan especifica la entidad, tienen como requisitos para poder acceder tener una p\u00f3liza de seguro vigente y la prima pagada. Adem\u00e1s, se recomienda tener tambi\u00e9n el recibo del pago de este, adem\u00e1s de fotograf\u00edas o v\u00eddeos que acrediten el estado en el que ha quedado el coche tras el pasado de la riada. En este sentido, el Consorcio indemniza bajo las condiciones de la p\u00f3liza de seguro original (bienes, capital, l\u00edmites, etc\u00e9tera) y, dentro de ella, se necesita tener cobertura por da\u00f1os al veh\u00edculo (ya sea todo riesgo, lunas, robo) o el seguro obligatorio del veh\u00edculo (a terceros).<\/p>\n\n\n\n<p><br>Para llevar a cabo este proceso, se movilizaron \u00abcerca\u00bb de 1.500 peritos a los municipios afectados con el objetivo de agilizar al m\u00e1ximo posible los pagos, seg\u00fan avanz\u00f3 hace pocas semanas el director general de Seguros y Fondos de Pensiones, Jos\u00e9 Antonio Fern\u00e1ndez de Pinto. Con ello se ha logrado que , seg\u00fan los \u00faltimos balances, se hayan solicitado ya 140.000 de estas indemnizaciones ligadas a veh\u00edculos golpeados.<\/p>\n<\/blockquote>\n","protected":false},"excerpt":{"rendered":"<p>El Gobierno ha aprobado 465 millones de euros para ofrecer distintas ayudas a fondo perdido a aquellos damnificados que han perdido coches por la dana. La Generalitat, por su parte, ha optado por la exenci\u00f3n del Impuesto de Transmisiones Patrimoniales.<\/p>\n","protected":false},"author":18,"featured_media":390,"comment_status":"closed","ping_status":"closed","sticky":false,"template":"","format":"standard","meta":{"footnotes":""},"categories":[16],"tags":[],"class_list":["post-389","post","type-post","status-publish","format-standard","has-post-thumbnail","hentry","category-ayudas"],"_links":{"self":[{"href":"https:\/\/especiales-hub.prensaiberica.es\/valencia-por-la-reconstruccion\/wp-json\/wp\/v2\/posts\/389","targetHints":{"allow":["GET"]}}],"collection":[{"href":"https:\/\/especiales-hub.prensaiberica.es\/valencia-por-la-reconstruccion\/wp-json\/wp\/v2\/posts"}],"about":[{"href":"https:\/\/especiales-hub.prensaiberica.es\/valencia-por-la-reconstruccion\/wp-json\/wp\/v2\/types\/post"}],"author":[{"embeddable":true,"href":"https:\/\/especiales-hub.prensaiberica.es\/valencia-por-la-reconstruccion\/wp-json\/wp\/v2\/users\/18"}],"replies":[{"embeddable":true,"href":"https:\/\/especiales-hub.prensaiberica.es\/valencia-por-la-reconstruccion\/wp-json\/wp\/v2\/comments?post=389"}],"version-history":[{"count":0,"href":"https:\/\/especiales-hub.prensaiberica.es\/valencia-por-la-reconstruccion\/wp-json\/wp\/v2\/posts\/389\/revisions"}],"wp:featuredmedia":[{"embeddable":true,"href":"https:\/\/especiales-hub.prensaiberica.es\/valencia-por-la-reconstruccion\/wp-json\/wp\/v2\/media\/390"}],"wp:attachment":[{"href":"https:\/\/especiales-hub.prensaiberica.es\/valencia-por-la-reconstruccion\/wp-json\/wp\/v2\/media?parent=389"}],"wp:term":[{"taxonomy":"category","embeddable":true,"href":"https:\/\/especiales-hub.prensaiberica.es\/valencia-por-la-reconstruccion\/wp-json\/wp\/v2\/categories?post=389"},{"taxonomy":"post_tag","embeddable":true,"href":"https:\/\/especiales-hub.prensaiberica.es\/valencia-por-la-reconstruccion\/wp-json\/wp\/v2\/tags?post=389"}],"curies":[{"name":"wp","href":"https:\/\/api.w.org\/{rel}","templated":true}]}}