{"id":396,"date":"2024-12-11T11:19:15","date_gmt":"2024-12-11T10:19:15","guid":{"rendered":"https:\/\/especiales-hub.prensaiberica.es\/valencia-por-la-reconstruccion\/?p=396"},"modified":"2024-12-11T11:19:16","modified_gmt":"2024-12-11T10:19:16","slug":"ico-5-000-millones-para-empresas-y-hogares","status":"publish","type":"post","link":"https:\/\/especiales-hub.prensaiberica.es\/valencia-por-la-reconstruccion\/ayudas\/ico-5-000-millones-para-empresas-y-hogares\/","title":{"rendered":"ICO: 5.000 millones para empresas y hogares"},"content":{"rendered":"\n<p>Como ya sucedi\u00f3 durante la pandemia, cuando hubo que socorrer a tantos negocios obligados a cerrar sus puertas por el estado de alarma en 2024, el Gobierno ha vuelto a recurrir al Instituto de Cr\u00e9dito Oficial (ICO) para propiciar liquidez a personas y empresas que han visto c\u00f3mo sus viviendas y las sedes de sus mercantiles quedaban devastadas por la fuerza de la riada. La inyecci\u00f3n de capital, a trav\u00e9s de avales, es de gran relevancia. Concretamente, 5.000 millones de euros que, seg\u00fan el presidente de dicha entidad, el valenciano Manuel Illueca, permitir\u00e1n movilizar 6.250 millones en la zona afectada, principalmente.<br>Esta l\u00ednea posibilitar\u00e1 el acceso inmediato a liquidez a hogares, aut\u00f3nomos y empresas sin necesidad de esperar al pago de las indemnizaciones y ayudas de cualquier administraci\u00f3n p\u00fablica o del Consorcio de Compensaci\u00f3n de Seguros. Dichas ayudas e indemnizaciones se utilizar\u00e1n como garant\u00eda de financiaci\u00f3n, siendo el aval del Estado gratuito.<\/p>\n\n\n\n<p><br>Las ayudas se articulan en tres modalidades seg\u00fan el beneficiario de la financiaci\u00f3n y el destino de la misma. Los beneficiarios de las dos primeras modalidades, dirigidas a atender las necesidades m\u00e1s urgentes de liquidez, son hogares y aut\u00f3nomos y empresas. El porcentaje del aval asciende al 80 % del principal y tiene un coste cero para las entidades financieras, lo que a su vez repercutir\u00e1 en un menor coste para el cliente. La financiaci\u00f3n se instrumenta a trav\u00e9s de los bancos que colaboran en su gesti\u00f3n, que ser\u00e1n los encargados de aprobar y tramitar la financiaci\u00f3n en las condiciones establecidas.<\/p>\n\n\n\n<figure class=\"wp-block-image size-large\"><img loading=\"lazy\" decoding=\"async\" width=\"1024\" height=\"918\" src=\"https:\/\/especiales-hub.prensaiberica.es\/valencia-por-la-reconstruccion\/wp-content\/uploads\/2024\/12\/pag32-2-1024x918.jpg\" alt=\"\" class=\"wp-image-398\" srcset=\"https:\/\/especiales-hub.prensaiberica.es\/valencia-por-la-reconstruccion\/wp-content\/uploads\/2024\/12\/pag32-2-1024x918.jpg 1024w, https:\/\/especiales-hub.prensaiberica.es\/valencia-por-la-reconstruccion\/wp-content\/uploads\/2024\/12\/pag32-2-300x269.jpg 300w, https:\/\/especiales-hub.prensaiberica.es\/valencia-por-la-reconstruccion\/wp-content\/uploads\/2024\/12\/pag32-2-768x688.jpg 768w, https:\/\/especiales-hub.prensaiberica.es\/valencia-por-la-reconstruccion\/wp-content\/uploads\/2024\/12\/pag32-2.jpg 1033w\" sizes=\"auto, (max-width: 1024px) 100vw, 1024px\" \/><\/figure>\n\n\n\n<p><br>El pr\u00e9stamo se dispondr\u00e1 en un \u00fanico pago, con un plazo de vencimiento de hasta 60 meses (cinco a\u00f1os). Dicha financiaci\u00f3n se devolver\u00e1 con la percepci\u00f3n de la ayuda y\/o indemnizaciones solicitadas.<br>Adicionalmente, se habilita una tercera modalidad con la articulaci\u00f3n de avales sobre operaciones de pr\u00e9stamo dirigidas a empresas y aut\u00f3nomos destinadas a la recuperaci\u00f3n de la capacidad productiva de las empresas.<\/p>\n","protected":false},"excerpt":{"rendered":"<p>El Instituto de Cr\u00e9dito Oficial calcula que la inyecci\u00f3n de liquidez en la  zona afectada permitir\u00e1 movilizar un total de 6.250 millones de euros<\/p>\n","protected":false},"author":19,"featured_media":397,"comment_status":"closed","ping_status":"closed","sticky":false,"template":"","format":"standard","meta":{"footnotes":""},"categories":[16],"tags":[],"class_list":["post-396","post","type-post","status-publish","format-standard","has-post-thumbnail","hentry","category-ayudas"],"_links":{"self":[{"href":"https:\/\/especiales-hub.prensaiberica.es\/valencia-por-la-reconstruccion\/wp-json\/wp\/v2\/posts\/396","targetHints":{"allow":["GET"]}}],"collection":[{"href":"https:\/\/especiales-hub.prensaiberica.es\/valencia-por-la-reconstruccion\/wp-json\/wp\/v2\/posts"}],"about":[{"href":"https:\/\/especiales-hub.prensaiberica.es\/valencia-por-la-reconstruccion\/wp-json\/wp\/v2\/types\/post"}],"author":[{"embeddable":true,"href":"https:\/\/especiales-hub.prensaiberica.es\/valencia-por-la-reconstruccion\/wp-json\/wp\/v2\/users\/19"}],"replies":[{"embeddable":true,"href":"https:\/\/especiales-hub.prensaiberica.es\/valencia-por-la-reconstruccion\/wp-json\/wp\/v2\/comments?post=396"}],"version-history":[{"count":0,"href":"https:\/\/especiales-hub.prensaiberica.es\/valencia-por-la-reconstruccion\/wp-json\/wp\/v2\/posts\/396\/revisions"}],"wp:featuredmedia":[{"embeddable":true,"href":"https:\/\/especiales-hub.prensaiberica.es\/valencia-por-la-reconstruccion\/wp-json\/wp\/v2\/media\/397"}],"wp:attachment":[{"href":"https:\/\/especiales-hub.prensaiberica.es\/valencia-por-la-reconstruccion\/wp-json\/wp\/v2\/media?parent=396"}],"wp:term":[{"taxonomy":"category","embeddable":true,"href":"https:\/\/especiales-hub.prensaiberica.es\/valencia-por-la-reconstruccion\/wp-json\/wp\/v2\/categories?post=396"},{"taxonomy":"post_tag","embeddable":true,"href":"https:\/\/especiales-hub.prensaiberica.es\/valencia-por-la-reconstruccion\/wp-json\/wp\/v2\/tags?post=396"}],"curies":[{"name":"wp","href":"https:\/\/api.w.org\/{rel}","templated":true}]}}