{"id":400,"date":"2024-12-11T11:24:35","date_gmt":"2024-12-11T10:24:35","guid":{"rendered":"https:\/\/especiales-hub.prensaiberica.es\/valencia-por-la-reconstruccion\/?p=400"},"modified":"2024-12-11T11:24:37","modified_gmt":"2024-12-11T10:24:37","slug":"mercadona-participa-en-la-recuperacion-de-barrios-y-pymes","status":"publish","type":"post","link":"https:\/\/especiales-hub.prensaiberica.es\/valencia-por-la-reconstruccion\/ayudas\/mercadona-participa-en-la-recuperacion-de-barrios-y-pymes\/","title":{"rendered":"Mercadona participa en la recuperaci\u00f3n de barrios y pymes"},"content":{"rendered":"\n<p>El sector de la distribuci\u00f3n comercial arrima el hombro para ayudar a la poblaci\u00f3n y a trabajadores afectados por el devastador temporal del pasado 29 de octubre. Supermercados e hipermercados, m\u00e1s all\u00e1 de solucionar los problemas de sus tiendas y centros log\u00edsticos anegados por el agua, se han puesto al servicio de ayuntamientos, residencias de mayores y entidades de voluntariado, entre otros colectivos, para atender necesidades urgentes de la poblaci\u00f3n desde el primer momento.<\/p>\n\n\n\n<p><br>Han facilitado llenar las despensas de las \u2018zona cero\u2019, donde tambi\u00e9n sus redes de tiendas quedaron devastadas, si bien han ido recuperando gran parte de estos establecimientos un mes despu\u00e9s del fat\u00eddico d\u00eda del tr\u00e1gico temporal. Alimentos, botellas de agua, palets de leche o de productos de limpieza son algunos de los art\u00edculos m\u00e1s solicitados. Las principales cadenas de la distribuci\u00f3n comercial de la Comunitat Valenciana y de fuera de este territorio se han volcado con el reparto de recursos materiales para dar multitud de servicios.<\/p>\n\n\n\n<p><br>\u00abMovilizan recursos para que las personas afectadas por la dana puedan disponer de alimentos y otros medios de subsistencia\u00bb, aseguran desde la asociaci\u00f3n de supermercados Asucova. Pero no solo la distribuci\u00f3n valenciana est\u00e1 arrimando el hombro, operadores de \u00e1mbito nacional, como Carrefour, El Corte Ingl\u00e9s, LIDL o Aldi, entre otras cadenas, han expresado su apoyo en estos duros momentos.<br>Mercadona impulsa tareas de reconstrucci\u00f3n de los barrios. Ha puesto en marcha, a trav\u00e9s de la compa\u00f1\u00eda y de iniciativas de la familia Roig como Marina de Empresas y la Fundaci\u00f3n Hortensia Herrero, diversos planes de ayudas para los trabajadores afectados por la terrible dana, as\u00ed como para el tejido empresarial de pymes y aut\u00f3nomos. La cadena de supermercados presidida por Juan Roig toma como bandera el proyecto de recuperaci\u00f3n que ha denominado \u2018Alcem-se\u2019. En total, ese paquete de ayudas asciende a unos 72 millones de euros.<\/p>\n\n\n\n<figure class=\"wp-block-image size-large\"><img loading=\"lazy\" decoding=\"async\" width=\"1024\" height=\"870\" src=\"https:\/\/especiales-hub.prensaiberica.es\/valencia-por-la-reconstruccion\/wp-content\/uploads\/2024\/12\/pag35-1-1024x870.jpg\" alt=\"\" class=\"wp-image-402\" srcset=\"https:\/\/especiales-hub.prensaiberica.es\/valencia-por-la-reconstruccion\/wp-content\/uploads\/2024\/12\/pag35-1-1024x870.jpg 1024w, https:\/\/especiales-hub.prensaiberica.es\/valencia-por-la-reconstruccion\/wp-content\/uploads\/2024\/12\/pag35-1-300x255.jpg 300w, https:\/\/especiales-hub.prensaiberica.es\/valencia-por-la-reconstruccion\/wp-content\/uploads\/2024\/12\/pag35-1-768x653.jpg 768w, https:\/\/especiales-hub.prensaiberica.es\/valencia-por-la-reconstruccion\/wp-content\/uploads\/2024\/12\/pag35-1.jpg 1290w\" sizes=\"auto, (max-width: 1024px) 100vw, 1024px\" \/><\/figure>\n\n\n\n<p><br>As\u00ed las cosas, unos 1.000 trabajadores de Mercadona afectados por la dana han recibido ya en su cuenta bancaria las ayudas que la compa\u00f1\u00eda decidi\u00f3 impulsar hace unas semanas con el objetivo de que no tuvieran que empezar a reconstruir su vida desde cero. En concreto, la empresa presidida por Juan Roig ha garantizado 50.000 euros a los que han perdido su vivienda.<\/p>\n\n\n\n<p><\/p>\n\n\n\n<h2 class=\"wp-block-heading\">Actividad social y econ\u00f3mica<\/h2>\n\n\n\n<p>Este apoyo se ha repartido entre el millar de empleados afectados, habiendo recibido cada uno un importe neto en funci\u00f3n de los da\u00f1os sufridos. En el caso de los veh\u00edculos, las cantidades tambi\u00e9n depend\u00eda del bien afectado. Mercadona ha abonado hasta 15.000 euros a los trabajadores que han perdido sus coches, 5.000 euros si se trata de una motocicleta y 500 euros si el veh\u00edculo destrozado es un patinete el\u00e9ctrico o una bicicleta. Seg\u00fan fuentes de la direcci\u00f3n de Mercadona, el buque insignia de la distribuci\u00f3n comercial de Espa\u00f1a y Portugal \u00abcontinuar\u00e1 haciendo lo que sea necesario para contribuir a que Valencia recupere su actividad econ\u00f3mica y social\u00bb. Mercadona ha destinado en total 40 millones de euros a fondo perdido a esta finalidad.<\/p>\n\n\n\n<figure class=\"wp-block-image size-full\"><img loading=\"lazy\" decoding=\"async\" width=\"792\" height=\"643\" src=\"https:\/\/especiales-hub.prensaiberica.es\/valencia-por-la-reconstruccion\/wp-content\/uploads\/2024\/12\/pag35-2.jpg\" alt=\"\" class=\"wp-image-403\" srcset=\"https:\/\/especiales-hub.prensaiberica.es\/valencia-por-la-reconstruccion\/wp-content\/uploads\/2024\/12\/pag35-2.jpg 792w, https:\/\/especiales-hub.prensaiberica.es\/valencia-por-la-reconstruccion\/wp-content\/uploads\/2024\/12\/pag35-2-300x244.jpg 300w, https:\/\/especiales-hub.prensaiberica.es\/valencia-por-la-reconstruccion\/wp-content\/uploads\/2024\/12\/pag35-2-768x624.jpg 768w\" sizes=\"auto, (max-width: 792px) 100vw, 792px\" \/><\/figure>\n\n\n\n<h2 class=\"wp-block-heading\">Sector cultural y educativo<\/h2>\n\n\n\n<p>Esta acci\u00f3n se suma a la realizada por Hortensia Herrero, vicepresidenta de Mercadona, a trav\u00e9s de la Fundaci\u00f3n que lleva su nombre, que ayudar\u00e1 con 4 millones de euros a los afectados por la dana que hace tres semanas azot\u00f3 la provincia de Valencia. En los \u00faltimos d\u00edas se ha ido conociendo el alcance real de la devastaci\u00f3n del temporal en las localidades afectadas y Hortensia Herrero ha decidido colaborar en la recuperaci\u00f3n de parte del sector cultural, educativo y con fuertes ra\u00edces en el territorio. La mecenas valenciana aportar\u00e1 esos cuatro millones de euros para ayudar e impulsar cuatro sectores muy concretos: sector textil tradicional valenciano, sociedades musicales, escuelas de danza y centros educativos.<\/p>\n\n\n\n<p><\/p>\n\n\n\n<h2 class=\"wp-block-heading\">Marina de Empresas<\/h2>\n\n\n\n<p>Adem\u00e1s, Juan Roig lanz\u00f3 el pasado 12 de noviembre la mencionada iniciativa Alcem-se, con 25 millones de euros en ayudas directas para empresas afectadas por la dana. En la plataforma, alojada en la web de Marina de Empresas, los negocios afectados pueden solicitar asesoramiento de expertos de EDEM, Lanzadera y Angels y ayudas econ\u00f3micas a fondo perdido de hasta 10.000 euros. Adem\u00e1s, la web recoge gran parte de las iniciativas solidarias lanzadas por otros colectivos y asociaciones destinadas a ayudar a comercios y empresas. Tiene el objetivo de reactivar lo antes posible el tejido econ\u00f3mico de las zonas afectadas y de reducir al m\u00e1ximo el n\u00famero de empresas que cierran. Para agilizar los tr\u00e1mites, los afectados interesados en recibir la ayuda tendr\u00e1n que rellenar un formulario habilitado en la plataforma donde trasladar sus necesidades (asesoramiento para localizar proveedores de maquinaria o material, para conseguir nuevos clientes y reactivar ventas o directamente ayuda econ\u00f3mica).<\/p>\n\n\n\n<p><\/p>\n\n\n\n<h2 class=\"wp-block-heading\">Con el sector p\u00fablico<\/h2>\n\n\n\n<p>En el caso de sus trabajadores ha facilitado la movilidad para que puedan desplazarse a su puesto de trabajo y ha activado a 1.000 trabajadores voluntarios, procedentes de otros departamentos de la compa\u00f1\u00eda, para ayudar en las tareas de adecuaci\u00f3n y limpieza de las tiendas, con el objetivo de poder abrir lo m\u00e1s pronto posible y dar servicio a los vecinos. En cuanto a la colaboraci\u00f3n con autoridades, entre las \u00faltimas medidas llevadas a cabo destaca que la compa\u00f1\u00eda ha puesto a disposici\u00f3n de la Conselleria de Servicios Sociales asesoramiento y apoyo log\u00edstico, adem\u00e1s de un almac\u00e9n de 7.000 m2 en Picassent para canalizar las donaciones, de ceder el espacio de l\u2019Alquer\u00eda del Basket a las unidades del ej\u00e9rcito desplazadas a la zona como base de operaciones, y prestar veh\u00edculos de transporte para el reparto de ayudas.<\/p>\n\n\n\n<p><br>Mercadona tambi\u00e9n ha destinado 1 mill\u00f3n a la reconstrucci\u00f3n de comedores sociales afectados por la dana La iniciativa comienza con la adecuaci\u00f3n de 6 entidades sociales y con la donaci\u00f3n de 7 furgonetas de reparto.<\/p>\n\n\n\n<figure class=\"wp-block-image size-full\"><img loading=\"lazy\" decoding=\"async\" width=\"792\" height=\"643\" src=\"https:\/\/especiales-hub.prensaiberica.es\/valencia-por-la-reconstruccion\/wp-content\/uploads\/2024\/12\/pag35-3.jpg\" alt=\"\" class=\"wp-image-404\" srcset=\"https:\/\/especiales-hub.prensaiberica.es\/valencia-por-la-reconstruccion\/wp-content\/uploads\/2024\/12\/pag35-3.jpg 792w, https:\/\/especiales-hub.prensaiberica.es\/valencia-por-la-reconstruccion\/wp-content\/uploads\/2024\/12\/pag35-3-300x244.jpg 300w, https:\/\/especiales-hub.prensaiberica.es\/valencia-por-la-reconstruccion\/wp-content\/uploads\/2024\/12\/pag35-3-768x624.jpg 768w\" sizes=\"auto, (max-width: 792px) 100vw, 792px\" \/><\/figure>\n\n\n\n<p><br>Desde su cuartel general en Pedreguer, Masymas ha enviado cuatro camiones de provisiones a la zona afectada por la dana en Valencia. Y ha coordinado donaciones de alimentos a trav\u00e9s de entidades como Cruz Roja, C\u00e1ritas y ayuntamientos. La cadena que dirige Jos\u00e9 Juan Forn\u00e9s ha logrado restablecer el servicio en la mayor\u00eda de sus tiendas afectadas, con la excepci\u00f3n de dos ubicaciones en Albal y Algemes\u00ed que permanecen cerradas por razones de seguridad. Adem\u00e1s, la tienda \u2018online\u2019 tambi\u00e9n ha paralizado temporalmente su servicio para la provincia de Valencia, esperando poder retomar el servicio lo m\u00e1s pronto posible.<\/p>\n\n\n\n<blockquote class=\"wp-block-quote is-layout-flow wp-block-quote-is-layout-flow\">\n<p>Tiendas y bloques log\u00edsticos van volviendo a la normalidad<\/p>\n\n\n\n<p>La cadena de supermercados valenciana ha invertido algo m\u00e1s de 2 millones de euros en la recuperaci\u00f3n del entorno de sus tiendas y de su bloque log\u00edstico de Riba-roja de T\u00faria que se han visto afectados por la cat\u00e1strofe de la dana. Seg\u00fan la firma, esta iniciativa, que se suma a otras que ya ha puesto en marcha desde el pasado 29 de octubre, tiene el objetivo de \u00abcontribuir a que los vecinos recuperen la normalidad\u00bb, informan fuentes de la empresa. A trav\u00e9s de la iniciativa Alcem-se, este plan coordinado por el departamento de obras de la compa\u00f1\u00eda presidida por Juan Roig pone a disposici\u00f3n de los vecinos, con la autorizaci\u00f3n previa del ayuntamiento, diversas tareas de limpieza y adecuaci\u00f3n de las calles y el entorno de los supermercados. Para ello utiliza maquinaria pesada y autobombas para la extracci\u00f3n de barro y objetos. En total, 16 proveedores que est\u00e1n dando empleo a m\u00e1s de 110 personas. Entre las \u00faltimas tareas de recuperaci\u00f3n del entorno en tiendas, destacan las llevadas a cabo en Picanya, Paiporta, Alfafar, Catarroja y Aldaia. En este \u00faltimo municipio, adem\u00e1s, en colaboraci\u00f3n con las autoridades, se retiraron veh\u00edculos de la v\u00eda p\u00fablica. La compa\u00f1\u00eda continuar\u00e1 haciendo lo que sea necesario para contribuir a que Valencia recupere su actividad econ\u00f3mica y social.<\/p>\n<\/blockquote>\n","protected":false},"excerpt":{"rendered":"<p>La cadena de supermercados presidida por Juan Roig, Marina de Empresas y la Fundaci\u00f3n Hortensia Herrero han puesto en marcha el \u2018plan Alcem-se\u2019<\/p>\n","protected":false},"author":20,"featured_media":401,"comment_status":"closed","ping_status":"closed","sticky":false,"template":"","format":"standard","meta":{"footnotes":""},"categories":[16],"tags":[],"class_list":["post-400","post","type-post","status-publish","format-standard","has-post-thumbnail","hentry","category-ayudas"],"_links":{"self":[{"href":"https:\/\/especiales-hub.prensaiberica.es\/valencia-por-la-reconstruccion\/wp-json\/wp\/v2\/posts\/400","targetHints":{"allow":["GET"]}}],"collection":[{"href":"https:\/\/especiales-hub.prensaiberica.es\/valencia-por-la-reconstruccion\/wp-json\/wp\/v2\/posts"}],"about":[{"href":"https:\/\/especiales-hub.prensaiberica.es\/valencia-por-la-reconstruccion\/wp-json\/wp\/v2\/types\/post"}],"author":[{"embeddable":true,"href":"https:\/\/especiales-hub.prensaiberica.es\/valencia-por-la-reconstruccion\/wp-json\/wp\/v2\/users\/20"}],"replies":[{"embeddable":true,"href":"https:\/\/especiales-hub.prensaiberica.es\/valencia-por-la-reconstruccion\/wp-json\/wp\/v2\/comments?post=400"}],"version-history":[{"count":0,"href":"https:\/\/especiales-hub.prensaiberica.es\/valencia-por-la-reconstruccion\/wp-json\/wp\/v2\/posts\/400\/revisions"}],"wp:featuredmedia":[{"embeddable":true,"href":"https:\/\/especiales-hub.prensaiberica.es\/valencia-por-la-reconstruccion\/wp-json\/wp\/v2\/media\/401"}],"wp:attachment":[{"href":"https:\/\/especiales-hub.prensaiberica.es\/valencia-por-la-reconstruccion\/wp-json\/wp\/v2\/media?parent=400"}],"wp:term":[{"taxonomy":"category","embeddable":true,"href":"https:\/\/especiales-hub.prensaiberica.es\/valencia-por-la-reconstruccion\/wp-json\/wp\/v2\/categories?post=400"},{"taxonomy":"post_tag","embeddable":true,"href":"https:\/\/especiales-hub.prensaiberica.es\/valencia-por-la-reconstruccion\/wp-json\/wp\/v2\/tags?post=400"}],"curies":[{"name":"wp","href":"https:\/\/api.w.org\/{rel}","templated":true}]}}