{"id":413,"date":"2024-12-11T11:39:51","date_gmt":"2024-12-11T10:39:51","guid":{"rendered":"https:\/\/especiales-hub.prensaiberica.es\/valencia-por-la-reconstruccion\/?p=413"},"modified":"2024-12-11T11:39:53","modified_gmt":"2024-12-11T10:39:53","slug":"carreteras-y-adif-repararan-puentes-y-pasos-inferiores","status":"publish","type":"post","link":"https:\/\/especiales-hub.prensaiberica.es\/valencia-por-la-reconstruccion\/transportes-e-infraestructuras\/carreteras-y-adif-repararan-puentes-y-pasos-inferiores\/","title":{"rendered":"Carreteras y Adif reparar\u00e1n puentes y pasos inferiores"},"content":{"rendered":"\n<p>El Ministerio de Transportes y Movilidad Sostenible tambi\u00e9n ha reservado 54 millones de euros para reparar o reconstruir estructuras de titularidad local en 12 municipios de la provincia de Val\u00e8ncia da\u00f1adas por la dana. Una actuaci\u00f3n que se acord\u00f3 con la Generalitat en las reuniones del Grupo de Respuesta Inmediata de Infraestructuras entre ambas administraciones. El consejo de ministros del 3 de diciembre declar\u00f3 \u00abde inter\u00e9s general, utilidad y urgencia las actuaciones para reparar los puentes, pasarelas o pasos del viario local en siete municipios\u00bb, seg\u00fan inform\u00f3 el ministro de Transportes, \u00d3scar Puente, tras la reuni\u00f3n del Ejecutivo Central. Un acuerdo que se suma a los trabajos que ejecuta Adif para \u00abrecuperar las estructuras de paso en las carreteras locales que discurren en el entorno de sus l\u00edneas f\u00e9rreas en siete municipios, algunos de los cuales tambi\u00e9n tienen actuaciones de carreteras\u00bb.<\/p>\n\n\n\n<p><br>El Ministerio de Transportes, a trav\u00e9s de Adif y la direcci\u00f3n general de Carreteras llevar\u00e1 a cabo 37 actuaciones en 12 localidades, \u00aba la espera de que puedan surgir nuevas necesidades\u00bb. En concreto, Carreteras actuar\u00e1 sobre 18 estructuras en Almussafes, Beniparrell, Catarroja, Manises, Paiporta, Picanya y Riba-roja del Turia. \u00abDe estas actuaciones, las que cobran una mayor entidad corresponden a las estructuras que permiten la movilidad peatonal y de veh\u00edculos a trav\u00e9s del barranco del Poyo\u00bb, destacan desde el Ministerio de Transportes. Concretamente, las pertenecientes a los municipios de Paiporta y Picanya, que han sufrido graves da\u00f1os estructurales o han llegado a colapsar por lo que se han quedado sin conexi\u00f3n entre barrios del mismo municipio. \u00abS\u00f3lo en Paiporta y Picanya se van a reparar seis puentes y construir tres nuevas pasarelas por lo que se destinar\u00e1n 30 millones de euros, de los 50 millones de euros reservados a actuaciones locales\u00bb. Por su parte, Adif recupera 19 estructuras en Aldaia, Alfafar, Algemes\u00ed, Beniparrell, Catarroja, Xirivella y Bu\u00f1ol con una inversi\u00f3n inicial de 4 millones de euros. Para que Adif pueda ejecutar estas obras se han modificado dos reales decretos ley, el 8\/2024, de 28 de noviembre y el 7\/2024 que habilita al ministerio o sus empresas a \u00abactuar sobre las carreteras de titularidad de administraciones locales da\u00f1adas por la dana para repararlas\u00bb.<\/p>\n","protected":false},"excerpt":{"rendered":"<p>El Ministerio de Transportes y Movilidad Sostenible tambi\u00e9n ha reservado 54 millones de euros para reparar o reconstruir estructuras de titularidad local en 12 municipios de la provincia de Val\u00e8ncia da\u00f1adas por la dana. Una actuaci\u00f3n que se acord\u00f3 con la Generalitat en las reuniones del Grupo de Respuesta Inmediata de Infraestructuras entre ambas administraciones. [&hellip;]<\/p>\n","protected":false},"author":14,"featured_media":409,"comment_status":"closed","ping_status":"closed","sticky":false,"template":"","format":"standard","meta":{"footnotes":""},"categories":[22],"tags":[],"class_list":["post-413","post","type-post","status-publish","format-standard","has-post-thumbnail","hentry","category-transportes-e-infraestructuras"],"_links":{"self":[{"href":"https:\/\/especiales-hub.prensaiberica.es\/valencia-por-la-reconstruccion\/wp-json\/wp\/v2\/posts\/413","targetHints":{"allow":["GET"]}}],"collection":[{"href":"https:\/\/especiales-hub.prensaiberica.es\/valencia-por-la-reconstruccion\/wp-json\/wp\/v2\/posts"}],"about":[{"href":"https:\/\/especiales-hub.prensaiberica.es\/valencia-por-la-reconstruccion\/wp-json\/wp\/v2\/types\/post"}],"author":[{"embeddable":true,"href":"https:\/\/especiales-hub.prensaiberica.es\/valencia-por-la-reconstruccion\/wp-json\/wp\/v2\/users\/14"}],"replies":[{"embeddable":true,"href":"https:\/\/especiales-hub.prensaiberica.es\/valencia-por-la-reconstruccion\/wp-json\/wp\/v2\/comments?post=413"}],"version-history":[{"count":0,"href":"https:\/\/especiales-hub.prensaiberica.es\/valencia-por-la-reconstruccion\/wp-json\/wp\/v2\/posts\/413\/revisions"}],"wp:featuredmedia":[{"embeddable":true,"href":"https:\/\/especiales-hub.prensaiberica.es\/valencia-por-la-reconstruccion\/wp-json\/wp\/v2\/media\/409"}],"wp:attachment":[{"href":"https:\/\/especiales-hub.prensaiberica.es\/valencia-por-la-reconstruccion\/wp-json\/wp\/v2\/media?parent=413"}],"wp:term":[{"taxonomy":"category","embeddable":true,"href":"https:\/\/especiales-hub.prensaiberica.es\/valencia-por-la-reconstruccion\/wp-json\/wp\/v2\/categories?post=413"},{"taxonomy":"post_tag","embeddable":true,"href":"https:\/\/especiales-hub.prensaiberica.es\/valencia-por-la-reconstruccion\/wp-json\/wp\/v2\/tags?post=413"}],"curies":[{"name":"wp","href":"https:\/\/api.w.org\/{rel}","templated":true}]}}