{"id":419,"date":"2024-12-11T11:53:23","date_gmt":"2024-12-11T10:53:23","guid":{"rendered":"https:\/\/especiales-hub.prensaiberica.es\/valencia-por-la-reconstruccion\/?p=419"},"modified":"2024-12-11T11:53:25","modified_gmt":"2024-12-11T10:53:25","slug":"los-otros-heroes-fontaneros-electricistas-tractoristas-y-otros-oficios-clave-que-dieron-socorro","status":"publish","type":"post","link":"https:\/\/especiales-hub.prensaiberica.es\/valencia-por-la-reconstruccion\/los-otros-heroes\/los-otros-heroes-fontaneros-electricistas-tractoristas-y-otros-oficios-clave-que-dieron-socorro\/","title":{"rendered":"Los otros h\u00e9roes: fontaneros, electricistas, tractoristas y otros oficios clave que dieron socorro"},"content":{"rendered":"\n<p>El desbordamiento del Barranco del Poyo se llev\u00f3 por delante mucho m\u00e1s que negocios y veh\u00edculos. Instalaciones b\u00e1sicas de luz y agua p\u00fablicas y particulares quedaron inutilizadas por las inundaciones en todos los municipios afectados. Un problema de primer orden frente al cual hubo una respuesta desde el minuto uno: La de la solidaridad de todos aquellos profesionales, desde fontaneros a electricistas, que han estado trabajando para que la ciudadan\u00eda pueda recobrar esos suministros b\u00e1sicos.<\/p>\n\n\n\n<p><br>\u00abYo vengo de Getafe, estoy aqu\u00ed en Picanya desde el segundo d\u00eda y he podido reponer la luz a m\u00e1s de una docena de viviendas. Tambi\u00e9n he ofrecido mi ayuda al Ayuntamiento. No me lo pens\u00e9 dos veces en cuanto vi las im\u00e1genes por televisi\u00f3n. Los electricistas son necesarios en una situaci\u00f3n tan catastr\u00f3fica como esta\u00bb, declar\u00f3 a este peri\u00f3dico Paco Bosch, un profesional de la electricidad en la calle Marqu\u00e9s del T\u00faria de Picanya, frente al consistorio, el pasado 2 de noviembre.<\/p>\n\n\n\n<p><br>\u00abHemos cambiado fusibles y prolongado enchufes para que pudieran cargar el m\u00f3vil o conectar una nevera\u00bb, se\u00f1ala Diego Navas, electricista de Paiporta, sobre algunas de las numerosas misiones que ha emprendido tras la tragedia. \u00abEl primer d\u00eda \u00e9ramos unos cuantos trabajando, pero poco a poco se han ido a\u00f1adiendo m\u00e1s\u00bb, resalta.<\/p>\n\n\n\n<p><br>Paco y Diego son solo dos de los cientos de profesionales que reaccionaron con celeridad y esp\u00edritu solidario a la riada que sufri\u00f3 gran parte de la provincia de Val\u00e8ncia. No solo llegaron electricistas de otras partes de la Comunitat, y del territorio espa\u00f1ol, sino fontaneros, mec\u00e1nicos, instaladores de gas, tractoristas, conductores de gr\u00faas, ascensoristas y otros profesionales de sectores claves en reconstruir los da\u00f1os. Especialistas en sus respectivos oficios que han desempe\u00f1ado, y siguen haci\u00e9ndolo, un trabajo incalculable y que no han salido en los medios de comunicaci\u00f3n como el resto de voluntarios. La labor de los agricultores llegados de otras comarcas, y tambi\u00e9n de otras comunidades cercanas, ha sido clave para la retirada de los veh\u00edculos de las calles antes de la llegada de los militares.<\/p>\n\n\n\n<p><br>El gremio de los fontaneros tambi\u00e9n tiene una importancia capital en la reconstrucci\u00f3n, ya que muchas bajantes se han roto o tienen fisuras importantes provocadas por la presi\u00f3n del agua o incluso al ser golpeadas por los propios veh\u00edculos despu\u00e9s de inundarse. De hecho, el agua acumulada se contamin\u00f3 m\u00e1s en muchos sitios al juntarse con las aguas fecales en los garajes. Ayuntamientos afectados hicieron un llamamiento \u00aba todos los fontaneros de Espa\u00f1a\u00bb.<\/p>\n\n\n\n<figure class=\"wp-block-image size-large\"><img loading=\"lazy\" decoding=\"async\" width=\"791\" height=\"1024\" src=\"https:\/\/especiales-hub.prensaiberica.es\/valencia-por-la-reconstruccion\/wp-content\/uploads\/2024\/12\/pag40-1-791x1024.jpg\" alt=\"\" class=\"wp-image-420\" srcset=\"https:\/\/especiales-hub.prensaiberica.es\/valencia-por-la-reconstruccion\/wp-content\/uploads\/2024\/12\/pag40-1-791x1024.jpg 791w, https:\/\/especiales-hub.prensaiberica.es\/valencia-por-la-reconstruccion\/wp-content\/uploads\/2024\/12\/pag40-1-232x300.jpg 232w, https:\/\/especiales-hub.prensaiberica.es\/valencia-por-la-reconstruccion\/wp-content\/uploads\/2024\/12\/pag40-1-768x994.jpg 768w, https:\/\/especiales-hub.prensaiberica.es\/valencia-por-la-reconstruccion\/wp-content\/uploads\/2024\/12\/pag40-1.jpg 1171w\" sizes=\"auto, (max-width: 791px) 100vw, 791px\" \/><\/figure>\n\n\n\n<p><br>La labor conjunta de electricistas y fontaneros result\u00f3 fundamental desde los primeros d\u00edas, ya que hab\u00eda \u2014y sigue habiendo en algunos puntos\u2014 graves problemas con el suministro de agua en las comunidades de vecinos \u00abporque muchas bombas de presi\u00f3n se han averiado en muchos edificios\u00bb. Es por ello que los afectados instaron \u00aba todos los electricistas que puedan venir\u00bb para reparar los sistemas de presi\u00f3n \u00aby garantizar el suministro adecuado a todos los vecinos, especialmente a aquellos que viven en los pisos m\u00e1s altos\u00bb, indicaron distintas fuentes municipales.<\/p>\n\n\n\n<p><br>Seg\u00fan los datos, tanto de las patronales de los instaladores el\u00e9ctricos (Aselec) como de los fontaneros y de instalaciones t\u00e9rmicas (Aseif) \u2014pertenecientes ambas a la federaci\u00f3n del metal, Femeval\u2014, el volumen de profesionales de cada sector que ha estado contribuyendo a esta recuperaci\u00f3n sobre el terreno superaba el centenar el pasado 18 de noviembre, por lo que habr\u00e1n sido m\u00e1s. Una voluntariedad organizada en las dos patronales mediante dos grupos de Whatsapp espec\u00edficos y creados a las pocas horas del paso de la dana.<\/p>\n\n\n\n<p><br>Desde Aldaia y otras localidades incidieron en la necesidad de la llegada de gr\u00faas plataforma para agilizar la retirada de veh\u00edculos. A este respecto, las fuentes pidieron la colaboraci\u00f3n \u00abde todas las compa\u00f1\u00edas de seguros\u00bb para facilitar estos medios y desbloquear las calles.<\/p>\n\n\n\n<figure class=\"wp-block-image size-large\"><img loading=\"lazy\" decoding=\"async\" width=\"791\" height=\"1024\" src=\"https:\/\/especiales-hub.prensaiberica.es\/valencia-por-la-reconstruccion\/wp-content\/uploads\/2024\/12\/pag40-3-791x1024.jpg\" alt=\"\" class=\"wp-image-422\" srcset=\"https:\/\/especiales-hub.prensaiberica.es\/valencia-por-la-reconstruccion\/wp-content\/uploads\/2024\/12\/pag40-3-791x1024.jpg 791w, https:\/\/especiales-hub.prensaiberica.es\/valencia-por-la-reconstruccion\/wp-content\/uploads\/2024\/12\/pag40-3-232x300.jpg 232w, https:\/\/especiales-hub.prensaiberica.es\/valencia-por-la-reconstruccion\/wp-content\/uploads\/2024\/12\/pag40-3-768x994.jpg 768w, https:\/\/especiales-hub.prensaiberica.es\/valencia-por-la-reconstruccion\/wp-content\/uploads\/2024\/12\/pag40-3.jpg 1171w\" sizes=\"auto, (max-width: 791px) 100vw, 791px\" \/><\/figure>\n\n\n\n<p><br>Como explicaba a este peri\u00f3dico Magdalena Verd\u00fa, vicepresidenta de Aseif, tres semanas despu\u00e9s de la riada, \u00abahora estamos en una segunda fase, que es la del gas\u00bb. Sin embargo, durante estas semanas, las tareas de los fontaneros han ido \u00abdesde arreglar muchas bajantes y tuber\u00edas que se hab\u00edan roto\u00bb a \u00abayudar a los bomberos a achicar agua\u00bb de los lugares anegados. \u00abContactamos con los ayuntamientos y el colegio de ingenieros para que nos comunicara cu\u00e1les eran las urgencias y, de ah\u00ed, los voluntarios han ido cogiendo\u00bb, a\u00f1ade. Un trabajo \u2014en un d\u00eda, sin ir m\u00e1s lejos, ayudaron a recomponer el servicio a 290 viviendas, aunque es \u00abimposible saber la cifra total\u00bb tras la dana, asegura Verd\u00fa\u2014 que se ha podido desempe\u00f1ar gracias al esfuerzo de alrededor de 110 aut\u00f3nomos o pymes que han estado en las \u00e1reas golpeadas.<\/p>\n\n\n\n<p><br>Es el caso de Mateo Carmona, quien junto a su hermano Pepe y los yernos de ambos \u2014Adri\u00e1n y Deri\u2014 han estado desde el primer momento \u00abintentando ayudar en lo posible\u00bb con su empresa Fontaner\u00edas Carmona. Es el caso de Julio Flors, gerente de Ecoval Electricidad, situada en Pu\u00e7ol y que comenz\u00f3 a llegar a la zona cero para \u00abayudar\u00bb el lunes 4. \u00abLa vivienda que ve\u00edamos que necesitaba servicio, la atend\u00edamos. Le d\u00e1bamos ese primer auxilio\u00bb, reconoce este instalador que, en un primer momento, \u2018desembarc\u00f3\u2019 \u00aben zonas que llevaban cinco o seis d\u00edas sin luz\u00bb. No en vano, seg\u00fan explican fuentes de Aselec, ha habido hasta 150 instaladores trabajando en intervenciones \u00abde emergencia y reposici\u00f3n provisional del servicio el\u00e9ctrico\u00bb.<\/p>\n","protected":false},"excerpt":{"rendered":"<p>La oleada de solidaridad tambi\u00e9n lleg\u00f3 desde los profesionales que no dudaron en trasladarse a los pueblos afectados para arreglar tuber\u00edas, reponer cableados y retirar coches, entre otros. Voluntarios que fueron claves en una situaci\u00f3n de primera emergencia.<\/p>\n","protected":false},"author":23,"featured_media":421,"comment_status":"closed","ping_status":"closed","sticky":false,"template":"","format":"standard","meta":{"footnotes":""},"categories":[18],"tags":[],"class_list":["post-419","post","type-post","status-publish","format-standard","has-post-thumbnail","hentry","category-los-otros-heroes"],"_links":{"self":[{"href":"https:\/\/especiales-hub.prensaiberica.es\/valencia-por-la-reconstruccion\/wp-json\/wp\/v2\/posts\/419","targetHints":{"allow":["GET"]}}],"collection":[{"href":"https:\/\/especiales-hub.prensaiberica.es\/valencia-por-la-reconstruccion\/wp-json\/wp\/v2\/posts"}],"about":[{"href":"https:\/\/especiales-hub.prensaiberica.es\/valencia-por-la-reconstruccion\/wp-json\/wp\/v2\/types\/post"}],"author":[{"embeddable":true,"href":"https:\/\/especiales-hub.prensaiberica.es\/valencia-por-la-reconstruccion\/wp-json\/wp\/v2\/users\/23"}],"replies":[{"embeddable":true,"href":"https:\/\/especiales-hub.prensaiberica.es\/valencia-por-la-reconstruccion\/wp-json\/wp\/v2\/comments?post=419"}],"version-history":[{"count":0,"href":"https:\/\/especiales-hub.prensaiberica.es\/valencia-por-la-reconstruccion\/wp-json\/wp\/v2\/posts\/419\/revisions"}],"wp:featuredmedia":[{"embeddable":true,"href":"https:\/\/especiales-hub.prensaiberica.es\/valencia-por-la-reconstruccion\/wp-json\/wp\/v2\/media\/421"}],"wp:attachment":[{"href":"https:\/\/especiales-hub.prensaiberica.es\/valencia-por-la-reconstruccion\/wp-json\/wp\/v2\/media?parent=419"}],"wp:term":[{"taxonomy":"category","embeddable":true,"href":"https:\/\/especiales-hub.prensaiberica.es\/valencia-por-la-reconstruccion\/wp-json\/wp\/v2\/categories?post=419"},{"taxonomy":"post_tag","embeddable":true,"href":"https:\/\/especiales-hub.prensaiberica.es\/valencia-por-la-reconstruccion\/wp-json\/wp\/v2\/tags?post=419"}],"curies":[{"name":"wp","href":"https:\/\/api.w.org\/{rel}","templated":true}]}}