{"id":424,"date":"2024-12-11T11:59:51","date_gmt":"2024-12-11T10:59:51","guid":{"rendered":"https:\/\/especiales-hub.prensaiberica.es\/valencia-por-la-reconstruccion\/?p=424"},"modified":"2024-12-12T15:21:13","modified_gmt":"2024-12-12T14:21:13","slug":"las-pedanias-de-valencia-vuelan-hacia-la-nueva-normalidad-con-31-millones-de-gasto","status":"publish","type":"post","link":"https:\/\/especiales-hub.prensaiberica.es\/valencia-por-la-reconstruccion\/pedanias\/las-pedanias-de-valencia-vuelan-hacia-la-nueva-normalidad-con-31-millones-de-gasto\/","title":{"rendered":"Las pedan\u00edas de Val\u00e8ncia vuelan hacia la nueva normalidad con 31 millones de gasto"},"content":{"rendered":"\n<p>Las tres pedan\u00edas de la ciudad de Val\u00e8ncia directamente afectadas por la dana \u2014La Torre, Castellar-l\u2019Oliveral y Forn d\u2019Alcedo\u2014 avanzan a pasos de gigante hacia la normalidad. Se trata de una porci\u00f3n peque\u00f1a de la ciudad, concretamente del sur de la ciudad, pero la devastaci\u00f3n ha sido m\u00e1xima, incluidas 16 v\u00edctimas mortales, la tercera cifra m\u00e1s alta de la registradas en los distintos municipios, solo por detr\u00e1s de Paiporta y Catarroja. Y hay que recuperar tambi\u00e9n el lago de l\u2019Albufera, la joya ecol\u00f3gica de la ciudad, que despu\u00e9s de la riada vive seguramente el momento m\u00e1s cr\u00edtico de su milenaria existencia. Todo ello sin contar, adem\u00e1s, con los problemas colaterales que sufre toda la ciudad por la ca\u00edda del consumo o el turismo.<\/p>\n\n\n\n<p><br>Se hac\u00eda necesario, por tanto, un plan de reconstrucci\u00f3n para recuperar moral y econ\u00f3micamente a la capital y espec\u00edficamente a las pedan\u00edas: 4.800 habitantes en La Torre, 6.800 en Castellar-l\u2019Oliveral; y 1.280 en Forn d\u2019Alcedo. Y hab\u00eda que invertir mucho tambi\u00e9n en recuperar sus t\u00e9rminos municipales, el m\u00e1s grande de los cuales \u2014Castellar\u2014 no llega a los tres kil\u00f3metros cuadrados.<\/p>\n\n\n\n<p><br>De manera gen\u00e9rica, estos pueblos se beneficiar\u00e1n de las ayudas previstas por la Generalitat Valenciana y por el Gobierno Central, que abarcan desde las viviendas destruidas a los negocios, pasando por los coches o las dotaciones p\u00fablicas. Pero a todo ello se est\u00e1n sumando las importantes ayudas ya concedidas o programadas por el equipo de Gobierno municipal, que son subvenciones directas enfocadas a las personas y el tejido econ\u00f3mico.<\/p>\n\n\n\n<p><br>En los presupuestos del a\u00f1o que viene se ha incluido una partida de 10 millones de euros espec\u00edficamente para los afectados por la dana, pero ya de manera inmediata se han adoptado otras medidas por la v\u00eda de la modificaci\u00f3n presupuestaria o los contratos de emergencia.<\/p>\n\n\n\n<p><br>La primera fue a primeros de noviembre, pocos d\u00edas despu\u00e9s de la cat\u00e1strofe, y consisti\u00f3 en una modificaci\u00f3n de cr\u00e9dito de 5 millones de euros para sufragar ayudas de emergencia, fundamentalmente el rescate de personas, trabajos de limpieza y reposici\u00f3n de servicios destruidos. Hay que recordar en este sentido los problemas con la iluminaci\u00f3n, las conducciones de agua, la retirada de 2.600 veh\u00edculos o simplemente la disposici\u00f3n de espacios para acoger a los damnificados, que fueron alojados en l\u2019Alquer\u00eda del Basket y en la Petxina.<\/p>\n\n\n\n<p><br>Y el pasado viernes, en un pleno extraordinario, se aprob\u00f3 otra modificaci\u00f3n de cr\u00e9ditos por importe de 7,8 millones de euros con dos objetivos importantes. En esa partida se incluyen 4 millones para ayudar a las tiendas, locales y negocios afectados por la riada. Habr\u00e1 4.000 euros para aquellos establecimientos que hayan sido devastados y 2.000 euros para los que, sin haber sido arrasados, s\u00ed se han visto afectados por los efectos de la dana. La medida afectar\u00e1 a Faitanar y las pedan\u00edas de La Torre, el Forn d\u2019Alcedo, Castellar-l\u2019Oliveral, Pinedo, El Saler, El Perellonet y El Palmar. El plan, denominado gen\u00e9ricamente \u00abEn peu, alcem-se\u00bb, se va a tramitar de manera urgente por razones de inter\u00e9s p\u00fablico.<\/p>\n\n\n\n<figure class=\"wp-block-image size-large\"><img loading=\"lazy\" decoding=\"async\" width=\"1024\" height=\"520\" src=\"https:\/\/especiales-hub.prensaiberica.es\/valencia-por-la-reconstruccion\/wp-content\/uploads\/2024\/12\/pag36-2-1024x520.jpg\" alt=\"\" class=\"wp-image-426\" srcset=\"https:\/\/especiales-hub.prensaiberica.es\/valencia-por-la-reconstruccion\/wp-content\/uploads\/2024\/12\/pag36-2-1024x520.jpg 1024w, https:\/\/especiales-hub.prensaiberica.es\/valencia-por-la-reconstruccion\/wp-content\/uploads\/2024\/12\/pag36-2-300x152.jpg 300w, https:\/\/especiales-hub.prensaiberica.es\/valencia-por-la-reconstruccion\/wp-content\/uploads\/2024\/12\/pag36-2-768x390.jpg 768w, https:\/\/especiales-hub.prensaiberica.es\/valencia-por-la-reconstruccion\/wp-content\/uploads\/2024\/12\/pag36-2-1536x781.jpg 1536w, https:\/\/especiales-hub.prensaiberica.es\/valencia-por-la-reconstruccion\/wp-content\/uploads\/2024\/12\/pag36-2-2048x1041.jpg 2048w\" sizes=\"auto, (max-width: 1024px) 100vw, 1024px\" \/><\/figure>\n\n\n\n<p><br>En esa modificaci\u00f3n presupuestaria de 7,8 millones habr\u00e1 tambi\u00e9n 3 millones de euros para el Consell Agrari, concretamente para la reparaci\u00f3n de caminos y carreteras en las tres pedan\u00edas; as\u00ed como el cambio del convenio con el Gremio de Panaderos, que desde el primer d\u00eda ha estado sirviendo pan a los municipios de la comarca de l\u2019Horta y las pedan\u00edas afectadas por la dana donde se han perdido los hornos.<\/p>\n\n\n\n<p><br>Finalmente, ese mismo viernes la Junta de Gobierno Local aprob\u00f3 una partida de 8,7 millones de euros para limpiar y sanear l\u2019Albufera, en este caso mediante la f\u00f3rmula de los contratos de emergencia. El lago es precisamente una de las grandes preocupaciones del ayuntamiento en este momento. Lo es del consistorio y de todas las administraciones, pues se trata de un parque natural que, adem\u00e1s, ya ha iniciado el camino para convertirse en Reserva de la Biosfera.<\/p>\n\n\n\n<figure class=\"wp-block-image size-large\"><img loading=\"lazy\" decoding=\"async\" width=\"1024\" height=\"692\" src=\"https:\/\/especiales-hub.prensaiberica.es\/valencia-por-la-reconstruccion\/wp-content\/uploads\/2024\/12\/pag36-3-1024x692.jpg\" alt=\"\" class=\"wp-image-427\" srcset=\"https:\/\/especiales-hub.prensaiberica.es\/valencia-por-la-reconstruccion\/wp-content\/uploads\/2024\/12\/pag36-3-1024x692.jpg 1024w, https:\/\/especiales-hub.prensaiberica.es\/valencia-por-la-reconstruccion\/wp-content\/uploads\/2024\/12\/pag36-3-300x203.jpg 300w, https:\/\/especiales-hub.prensaiberica.es\/valencia-por-la-reconstruccion\/wp-content\/uploads\/2024\/12\/pag36-3-768x519.jpg 768w, https:\/\/especiales-hub.prensaiberica.es\/valencia-por-la-reconstruccion\/wp-content\/uploads\/2024\/12\/pag36-3.jpg 1172w\" sizes=\"auto, (max-width: 1024px) 100vw, 1024px\" \/><\/figure>\n\n\n\n<p><br>Seg\u00fan los informes de la Oficina Municipal de la Devesa-Albufera, el lago est\u00e1 pleno de residuos vegetales, contaminantes qu\u00edmicos y sedimentos que amenazan la fauna, la pesca y hasta el cultivo del arroz. En un primer informe de este servicio ya se apuntaba la necesidad de invertir cerca de 10 millones de euros para recuperar su estatus anterior a la riada. Y se advert\u00eda igualmente de la necesidad de salvar la campa\u00f1a del arroz, para lo cual habr\u00eda que reponer motas antes de que acabe el mes de febrero.<br>Si sumamos los 13 millones de las dos modificaciones de cr\u00e9dito, los 8,7 de l\u2019Albufera y los 10 de los presupuestos municipales del a\u00f1o que viene, las ayudas del Ayuntamiento de Val\u00e8ncia suman ya m\u00e1s de treinta millones de euros.<\/p>\n\n\n\n<p><br>La idea del consistorio, conjuntamente con las universidades valencianas, es trabajar en tres ejes espec\u00edficos: la revisi\u00f3n de las infraestructuras hidr\u00e1ulicas, la recuperaci\u00f3n econ\u00f3mica, y la revitalizaci\u00f3n de l\u2019Albufera. Y para ello, adem\u00e1s de las ayudas municipales, el equipo de gobierno municipal pide agilidad en las aportaciones del Estado y de la Generalitat. Tambi\u00e9n de Europa, a cuyos responsables advierten de que la declaraci\u00f3n de l\u2019Albufera como Reserva de la Biosfera es ahora m\u00e1s importante que nunca.<br>La alcaldesa de Val\u00e8ncia, Mar\u00eda Jos\u00e9 Catal\u00e1, ha pedido tambi\u00e9n que el Gobierno central meta dentro del paraguas de la declaraci\u00f3n de emergencia nacional a toda la ciudad de Val\u00e8ncia, que se ha visto gravemente afectada por las derivas de la dana, sobre todo el comercio y el turismo.<\/p>\n\n\n\n<p><br>De hecho, esta misma semana se han presentado dos campa\u00f1as municipales para recuperar la actividad. Una dirigida a revitalizar el comercio, en la cual se han implicado directamente la Confederaci\u00f3n Empresarial Valenciana (CEV), Confemercat y la Asociaci\u00f3n de Comerciantes del Centro Hist\u00f3rico. La otra para dinamizar el turismo, que se ha hundido como consecuencia del desplome de la marca Val\u00e8ncia. Esta campa\u00f1a ser\u00e1 la m\u00e1s importante de la historia en esta materia, con una inversi\u00f3n de 1,5 millones de euros.<\/p>\n\n\n\n<figure class=\"wp-block-image size-large\"><img loading=\"lazy\" decoding=\"async\" width=\"1024\" height=\"689\" src=\"https:\/\/especiales-hub.prensaiberica.es\/valencia-por-la-reconstruccion\/wp-content\/uploads\/2024\/12\/pag36-4-1024x689.jpg\" alt=\"\" class=\"wp-image-428\" srcset=\"https:\/\/especiales-hub.prensaiberica.es\/valencia-por-la-reconstruccion\/wp-content\/uploads\/2024\/12\/pag36-4-1024x689.jpg 1024w, https:\/\/especiales-hub.prensaiberica.es\/valencia-por-la-reconstruccion\/wp-content\/uploads\/2024\/12\/pag36-4-300x202.jpg 300w, https:\/\/especiales-hub.prensaiberica.es\/valencia-por-la-reconstruccion\/wp-content\/uploads\/2024\/12\/pag36-4-768x517.jpg 768w, https:\/\/especiales-hub.prensaiberica.es\/valencia-por-la-reconstruccion\/wp-content\/uploads\/2024\/12\/pag36-4.jpg 1172w\" sizes=\"auto, (max-width: 1024px) 100vw, 1024px\" \/><\/figure>\n\n\n\n<p><br>Con todo ello, la normalidad se hace camino a buen ritmo. Los pueblos recuperan el pulso y los primeros \u00e1rboles de Navidad marcan definitivamente esa tendencia.<\/p>\n\n\n\n<p><br>Para la alcaldesa de Val\u00e8ncia, Mar\u00eda Jos\u00e9 Catal\u00e1, ahora lo que hace falta es unidad de todas las fueras pol\u00edticas y sociales. \u00abTengo claro que solo podremos levantarnos de forma definitiva desde la unidad y desde el trabajo intenso para ayudar a quienes m\u00e1s lo necesitan\u00bb, asegura.<\/p>\n\n\n\n<p><\/p>\n\n\n\n<h2 class=\"wp-block-heading\">Las tres oficinas municipales atienden m\u00e1s de 700 peticiones<\/h2>\n\n\n\n<p>Una de las primeras medidas puestas en marcha por el Ayuntamiento de Val\u00e8ncia para ayudar a los afectados por la dana ha sido crear, en los d\u00edas siguientes al desastre, tres oficinas especiales en las tres pedan\u00edas para atender las necesidades de los vecinos y canalizar sus peticiones de ayuda, tanto del ayuntamiento como de las administraciones auton\u00f3mica y central. Estas tres oficinas, que seg\u00fan su ubicaci\u00f3n conviven tambi\u00e9n con los ambulatorios, universidades populares y otros servicios municipales, han tramitado ya m\u00e1s de 700 peticiones de ayuda, siendo la m\u00e1s habitual la de los 6.000 euros de la Generalitat Valenciana para recomponer los hogares, seguida por las ayudas para los autom\u00f3viles, que constituyen el grueso de las p\u00e9rdidas materiales en estas poblaciones. La situaci\u00f3n del vecindario, no obstante, es complicada tambi\u00e9n desde el punto de vista mental, por lo que inmediatamente se mont\u00f3 una servicio sicol\u00f3gico donde canalizar estos problemas. Las necesidades f\u00edsicas y las mentales atendidas al mismo tiempo.<\/p>\n","protected":false},"excerpt":{"rendered":"<p>El Ayuntamiento se vuelca con La Torre, Forn d\u2019Alcedo y Castellar-l\u2019Oliveral tras la devastaci\u00f3n de la dana<\/p>\n","protected":false},"author":21,"featured_media":425,"comment_status":"closed","ping_status":"closed","sticky":false,"template":"","format":"standard","meta":{"footnotes":""},"categories":[19],"tags":[],"class_list":["post-424","post","type-post","status-publish","format-standard","has-post-thumbnail","hentry","category-pedanias"],"_links":{"self":[{"href":"https:\/\/especiales-hub.prensaiberica.es\/valencia-por-la-reconstruccion\/wp-json\/wp\/v2\/posts\/424","targetHints":{"allow":["GET"]}}],"collection":[{"href":"https:\/\/especiales-hub.prensaiberica.es\/valencia-por-la-reconstruccion\/wp-json\/wp\/v2\/posts"}],"about":[{"href":"https:\/\/especiales-hub.prensaiberica.es\/valencia-por-la-reconstruccion\/wp-json\/wp\/v2\/types\/post"}],"author":[{"embeddable":true,"href":"https:\/\/especiales-hub.prensaiberica.es\/valencia-por-la-reconstruccion\/wp-json\/wp\/v2\/users\/21"}],"replies":[{"embeddable":true,"href":"https:\/\/especiales-hub.prensaiberica.es\/valencia-por-la-reconstruccion\/wp-json\/wp\/v2\/comments?post=424"}],"version-history":[{"count":0,"href":"https:\/\/especiales-hub.prensaiberica.es\/valencia-por-la-reconstruccion\/wp-json\/wp\/v2\/posts\/424\/revisions"}],"wp:featuredmedia":[{"embeddable":true,"href":"https:\/\/especiales-hub.prensaiberica.es\/valencia-por-la-reconstruccion\/wp-json\/wp\/v2\/media\/425"}],"wp:attachment":[{"href":"https:\/\/especiales-hub.prensaiberica.es\/valencia-por-la-reconstruccion\/wp-json\/wp\/v2\/media?parent=424"}],"wp:term":[{"taxonomy":"category","embeddable":true,"href":"https:\/\/especiales-hub.prensaiberica.es\/valencia-por-la-reconstruccion\/wp-json\/wp\/v2\/categories?post=424"},{"taxonomy":"post_tag","embeddable":true,"href":"https:\/\/especiales-hub.prensaiberica.es\/valencia-por-la-reconstruccion\/wp-json\/wp\/v2\/tags?post=424"}],"curies":[{"name":"wp","href":"https:\/\/api.w.org\/{rel}","templated":true}]}}