{"id":440,"date":"2024-12-11T12:08:38","date_gmt":"2024-12-11T11:08:38","guid":{"rendered":"https:\/\/especiales-hub.prensaiberica.es\/valencia-por-la-reconstruccion\/?p=440"},"modified":"2024-12-11T12:08:40","modified_gmt":"2024-12-11T11:08:40","slug":"44-000-alumnos-vuelven-a-clase-pero-4-500-siguen-sin-colegio","status":"publish","type":"post","link":"https:\/\/especiales-hub.prensaiberica.es\/valencia-por-la-reconstruccion\/educacion\/44-000-alumnos-vuelven-a-clase-pero-4-500-siguen-sin-colegio\/","title":{"rendered":"44.000 alumnos vuelven a clase pero 4.500 siguen sin colegio"},"content":{"rendered":"\n<p>El d\u00eda que baj\u00f3 el agua hab\u00eda medio metro de fango en los colegios de Picanya. La tarde siguiente a la dana ya hab\u00eda voluntarios limpiando, y as\u00ed estuvieron durante semanas con militares. Tragsa acudi\u00f3 a los centros entre el 12 y el 18 de noviembre. A d\u00eda de hoy, queda una tarea de reconstrucci\u00f3n tit\u00e1nica. Es la realidad vivida en todos los centros escolares afectados por la dana: la mayor parte de la limpieza lo hicieron voluntarios, militares y los docentes con su trabajo altruista. La faena de la Administraci\u00f3n ha sido la desinfecci\u00f3n de centros y, sobre todo, la m\u00e1s acuciante, la vuelta a la normalidad.<\/p>\n\n\n\n<p><br>Al cierre de esta edici\u00f3n 44.000 estudiantes de 106 centros afectados han vuelto a las aulas. Por otro lado, quedan 9 centros escolares sin abrir, es decir, unos 4.500 alumnos y alumnas que se espera que retornen a clase en las pr\u00f3ximas semanas. La semana pasada comenzaron a levantarse las primeras aulas prefabricadas para alumnado de centros muy da\u00f1ados en Alfafar.<\/p>\n\n\n\n<p><br>El fango entr\u00f3 en 115 centros escolares. De esos, 13 est\u00e1n declarados como catastr\u00f3ficos, es decir, est\u00e1n hechos polvo. Muchos de ellos se tendr\u00e1n que derruir, y el resto enfrentan remodelaciones que durar\u00e1n muchos meses antes de que un ni\u00f1o o ni\u00f1a pueda volver a pisar una de sus clases. Hay muchos ejemplos, pero el CEIP Orba de Alfafar y el IES Berenguer Dalmau son dos que casi seguro acabar\u00e1n derrocados para levantar uno nuevo, lo que implica (seg\u00fan han estimado a las familias) al menos 3 a\u00f1os de clase en barracones.<\/p>\n\n\n\n<p><br>El conseller de Educaci\u00f3n, Jos\u00e9 Antonio Rovira, traslad\u00f3 a la ministra de Educaci\u00f3n, Pilar Alegr\u00eda, que la Generalitat tendr\u00e1 que invertir 1.135 millones de euros en reparaci\u00f3n de infraestructuras, instalaci\u00f3n de aulas temporales, equipamiento escolar, transporte, comedor, limpieza o revisi\u00f3n el\u00e9ctrica y pidi\u00f3 que asumiera la inversi\u00f3n el Gobierno de Espa\u00f1a.<\/p>\n\n\n\n<p><\/p>\n\n\n\n<h2 class=\"wp-block-heading\">La reconstrucci\u00f3n<\/h2>\n\n\n\n<p>Entre los centros que ya se han limpiado y los catastr\u00f3ficos hay muchos otros centros que, m\u00e1s de un mes despu\u00e9s, a\u00fan no han abierto. A fecha de la realizaci\u00f3n de este reportaje hab\u00eda 9 centros y casi 4.500 estudiantes que todav\u00eda no hab\u00edan vuelto a las aulas.<\/p>\n\n\n\n<p><br>Los motivos son principalmente dos. El primero es que se trata de centros muy da\u00f1ados, por ejemplo los de Paiporta y Catarroja. El segundo es que la rapidez de la limpieza a dependido pura y exclusivamente del voluntariado y militares. Ante la ausencia de Conselleria, los centros a los que ha acudido m\u00e1s voluntariado han limpiado y abierto antes. Dos ejemplos de presteza son el Ceip La Balaguera y el San Carlos Borromeo de Albal. Entre las paladas de barro de los centros tambi\u00e9n sal\u00edan libros, instrumentos musicales y todo tipo de material escolar completamente lleno de fango. Con la mayor\u00eda del estudiantado ya en clase, Educaci\u00f3n ha comenzado a adelantar ya dinero para que se pueda reponer todo este material, en concreto 250.555 euros para la reposici\u00f3n y renovaci\u00f3n de libros de texto y material curricular en 114 centros afectados por la dana (65 de Primaria y 49 de Secundaria). Adem\u00e1s de esto, Conselleria prev\u00e9 aprobar otra resoluci\u00f3n extraordinaria para dar cobertura a municipios afectados por la riada.<\/p>\n\n\n\n<p><br>Seg\u00fan explica el secretario auton\u00f3mico de Edcucaci\u00f3n, Daniel McEvoy, se est\u00e1 realizando un \u00abesfuerzo ingente\u00bb y Conselleria sigue trabajando \u00aben la urgencia\u00bb de dotar de medios y material a los centros de acogida y plantar los barracones en los colegios que no pueden ser recompuestos en muchos meses. El responsable de Educaci\u00f3n afirma que s\u00ed que piensan en un plan para la reconstrucci\u00f3n, pero todav\u00eda de manera muy incipiente. \u00abAhora estamos en la urgencia\u00bb, explica.<\/p>\n\n\n\n<p><br>Otra soluci\u00f3n temporal para los ni\u00f1os afectados han sido las \u00abescuelas de acogida\u00bb, centros que han abierto sus puertas al alumnado de las escuelas enfangadas por la riada. Estos colegios e IES han tenido que soportar una gran presi\u00f3n de alumnado, hasta el punto de que han tenido que usar las aulas como comedor para algunos niveles, como en la pandemia. Para tratar de aligerar la carga Conselleria adjudicado una plaza docente m\u00e1s en cada uno de los centros de acogida, haciendo un total de doce.<br>Una de las grandes asignaturas pendientes ahora es la desinfecci\u00f3n de los centros para garantizar que son espacios seguros. Debido a la urgencia, alrededor de 70 han abierto limpios, pero sin certificado de desinfecci\u00f3n. Los sindicatos reclaman un seguimiento para evitar la aparici\u00f3n de hongos (como ya ha pasado en alg\u00fan centro ya abierto) y mantener un control durante los primeros meses de vuelta al aula tras la riada.<\/p>\n\n\n\n<p><\/p>\n\n\n\n<h2 class=\"wp-block-heading\">Problemas en el aula<\/h2>\n\n\n\n<p>Otros de los centros m\u00e1s afectados por la riada, al menos en el plano econ\u00f3mico, han sido los de Formaci\u00f3n Profesional, con material bastante caro en muchos casos. Educaci\u00f3n ha comenzado ya a paliarlo con la inyecci\u00f3n de casi 80.000 euros para la reposici\u00f3n de productos alimenticios para la cocina del Complejo Educativo de Cheste.<\/p>\n\n\n\n<p><br>La mayor\u00eda de los estudiantes ya han vuelto a las aulas, pero esto no significa que los problemas est\u00e9n solucionados. En muchos centros lo acuciante ahora es la atenci\u00f3n psicol\u00f3gica para el alumnado, seg\u00fan explican fuentes del Stepv, cuyos delegados sindicales han visitado 110 de los 114 centros.<\/p>\n\n\n\n<p><br>Hay dos casos especialmente relevantes, el m\u00e1s claro es el del CEIP Emili Lluna de Alginet, donde la riada ha dejado da\u00f1os muy importantes en el gimnasio y el edificio de infantil. Por si fuera poco, este alumnado est\u00e1 muy trastornado emocionalmente por la p\u00e9rdida de dos alumnos que murieron por la riada. El sindicato urge a prestar servicio psicol\u00f3gico en el centro. Una situaci\u00f3n similar sucede en el IES N\u00famero 1 de Cheste, que perdi\u00f3 a su director a causa de la dana.<\/p>\n\n\n\n<p><br>Otros problemas que se est\u00e1n produciendo son con las familias que no afectan las soluciones que plantea conselleria. El caso m\u00e1s sonado es el del IES Berenguer Dalmau de Catarroja, que habr\u00e1 que derruir, donde se plante\u00f3 trasladar a las familias a una escuela de acogida de Picassent en horario de tarde, pero se negaron. Actualmente los padres y madres est\u00e1n recogiendo firmas y convocando concentraciones para poder estudiar en barracones en su localidad y en horario de ma\u00f1anas.<\/p>\n\n\n\n<p><\/p>\n\n\n\n<h2 class=\"wp-block-heading\">Un d\u00eda que durar\u00e1 a\u00f1os<\/h2>\n\n\n\n<p>Cinco semanas despu\u00e9s, las familias de algunos municipios de la zona cero como Catarroja y Paiporta siguen sin volver a las aulas, aunque Conselleria ya ha informado de que se est\u00e1 ultimando el retorno.<\/p>\n","protected":false},"excerpt":{"rendered":"<p>La riada dej\u00f3 un reguero de libros, pizarras, pupitres, instrumentos musicales y armarios inservibles en 115 centros. Quedan 9 escuelas por abrir, y habr\u00e1 que derruir o poner barracones en 13 colegios e institutos<\/p>\n","protected":false},"author":24,"featured_media":441,"comment_status":"closed","ping_status":"closed","sticky":false,"template":"","format":"standard","meta":{"footnotes":""},"categories":[23],"tags":[],"class_list":["post-440","post","type-post","status-publish","format-standard","has-post-thumbnail","hentry","category-educacion"],"_links":{"self":[{"href":"https:\/\/especiales-hub.prensaiberica.es\/valencia-por-la-reconstruccion\/wp-json\/wp\/v2\/posts\/440","targetHints":{"allow":["GET"]}}],"collection":[{"href":"https:\/\/especiales-hub.prensaiberica.es\/valencia-por-la-reconstruccion\/wp-json\/wp\/v2\/posts"}],"about":[{"href":"https:\/\/especiales-hub.prensaiberica.es\/valencia-por-la-reconstruccion\/wp-json\/wp\/v2\/types\/post"}],"author":[{"embeddable":true,"href":"https:\/\/especiales-hub.prensaiberica.es\/valencia-por-la-reconstruccion\/wp-json\/wp\/v2\/users\/24"}],"replies":[{"embeddable":true,"href":"https:\/\/especiales-hub.prensaiberica.es\/valencia-por-la-reconstruccion\/wp-json\/wp\/v2\/comments?post=440"}],"version-history":[{"count":0,"href":"https:\/\/especiales-hub.prensaiberica.es\/valencia-por-la-reconstruccion\/wp-json\/wp\/v2\/posts\/440\/revisions"}],"wp:featuredmedia":[{"embeddable":true,"href":"https:\/\/especiales-hub.prensaiberica.es\/valencia-por-la-reconstruccion\/wp-json\/wp\/v2\/media\/441"}],"wp:attachment":[{"href":"https:\/\/especiales-hub.prensaiberica.es\/valencia-por-la-reconstruccion\/wp-json\/wp\/v2\/media?parent=440"}],"wp:term":[{"taxonomy":"category","embeddable":true,"href":"https:\/\/especiales-hub.prensaiberica.es\/valencia-por-la-reconstruccion\/wp-json\/wp\/v2\/categories?post=440"},{"taxonomy":"post_tag","embeddable":true,"href":"https:\/\/especiales-hub.prensaiberica.es\/valencia-por-la-reconstruccion\/wp-json\/wp\/v2\/tags?post=440"}],"curies":[{"name":"wp","href":"https:\/\/api.w.org\/{rel}","templated":true}]}}