{"id":47,"date":"2024-12-11T12:16:13","date_gmt":"2024-12-11T11:16:13","guid":{"rendered":"https:\/\/especiales-hub.prensaiberica.es\/valencia-por-la-reconstruccion\/?p=47"},"modified":"2024-12-11T12:16:13","modified_gmt":"2024-12-11T11:16:13","slug":"a-punt-un-medio-publico-al-servicio-de-los-municipios-afectados-por-la-dana","status":"publish","type":"post","link":"https:\/\/especiales-hub.prensaiberica.es\/valencia-por-la-reconstruccion\/impulsores\/a-punt-un-medio-publico-al-servicio-de-los-municipios-afectados-por-la-dana\/","title":{"rendered":"\u00c0 Punt, un medio p\u00fablico al servicio de los municipios\u00a0 afectados por la dana"},"content":{"rendered":"\n<h2 class=\"wp-block-heading\">La radiotelevisi\u00f3n valenciana refuerza su compromiso con las localidades&nbsp; damnificadas con una cobertura hist\u00f3rica de 17 horas diarias en directo<\/h2>\n\n\n\n<div style=\"height:30px\" aria-hidden=\"true\" class=\"wp-block-spacer\"><\/div>\n\n\n\n<p>M\u00e1s de un mes despu\u00e9s de la fat\u00eddica dana, la agon\u00eda contin\u00faa. Mientras el resto de comunidades aut\u00f3nomas vuelven a la normalidad, muchos municipios valencianos siguen sufriendo las consecuencias del desastre. Mientras la dana de Valencia deja de estar en las agendas informativas de muchos medios de comunicaci\u00f3n, \u00c0 Punt continua con los afectados. Y ah\u00ed seguir\u00e1 por el compromiso que tiene con sus ciudadanos.&nbsp;&nbsp;<\/p>\n\n\n\n<p>Como medio de comunicaci\u00f3n p\u00fablico, \u00c0 Punt realiza un servicio p\u00fablico esencial que se visibiliza especialmente en momentos de emergencia. La radiotelevisi\u00f3n p\u00fablica est\u00e1 comprometida con los municipios y con los ciudadanos. Y centra su trabajo en aportar la informaci\u00f3n necesaria para prevenir y ayudar a solucionar las dif\u00edciles situaciones que se plantean. Ya lo hizo durante la dana que en septiembre de 2019 engull\u00f3 el Bajo Segura y se llev\u00f3 por delante la vida de tres personas. 30 fue el n\u00famero de municipios anegados en ese momento con una poblaci\u00f3n de medio mill\u00f3n de personas.&nbsp;<\/p>\n\n\n\n<p>En la dana del 29 de octubre que ha arrasado la provincia de Valencia, la radiotelevisi\u00f3n valenciana ha asumido el papel de altavoz de todos los pueblos afectados y se ha volcado en la cobertura de la tragedia ofreciendo una programaci\u00f3n en directo de hasta 17 horas diarias ininterrumpidas para informar sobre la evoluci\u00f3n de la cat\u00e1strofe sobre los m\u00e1s de 70 municipios afectados y 800.000 personas residentes que han visto sus calles y viviendas totalmente inundadas. Al menos 222 personas han perdido la vida, a\u00fan hay personas desaparecidas y miles de personas se han quedado sin nada.<\/p>\n\n\n\n<h3 class=\"wp-block-heading\"><strong>Mayor despliegue de la historia<\/strong><\/h3>\n\n\n\n<p>Para hacer llegar los testimonios de las v\u00edctimas y estar presente en la multitud de escenarios de la cat\u00e1strofe, \u00c0 Punt ha realizado el mayor despliegue humano y t\u00e9cnico de su historia en radio, televisi\u00f3n y plataformas digitales. Los valencianos han seguido la actualidad de la dana mayoritariamente por \u00c0 Punt. Durante las tres primeras semanas, un total de 2.610.000 espectadores de la Comunidad Valenciana han conectado a trav\u00e9s de la televisi\u00f3n y 46 millones de usuarios se han informado de la cat\u00e1strofe a trav\u00e9s de sus canales de Instagram y TikTok, con 88 millones de reproducciones de v\u00eddeo.<\/p>\n\n\n\n<p>En televisi\u00f3n, todos los programas, sean informativos o de entretenimiento cambiaron su escaleta para ofrecer en exclusiva el seguimiento de la dana. En total, 237 horas de directo desde los municipios afectados, con jornadas diarias de 17 horas.&nbsp;&nbsp;&nbsp;<\/p>\n\n\n\n<figure class=\"wp-block-image size-full\"><img loading=\"lazy\" decoding=\"async\" width=\"960\" height=\"540\" src=\"https:\/\/especiales-hub.prensaiberica.es\/valencia-por-la-reconstruccion\/wp-content\/uploads\/2024\/12\/APUNT-2.jpg\" alt=\"\" class=\"wp-image-49\" srcset=\"https:\/\/especiales-hub.prensaiberica.es\/valencia-por-la-reconstruccion\/wp-content\/uploads\/2024\/12\/APUNT-2.jpg 960w, https:\/\/especiales-hub.prensaiberica.es\/valencia-por-la-reconstruccion\/wp-content\/uploads\/2024\/12\/APUNT-2-300x169.jpg 300w, https:\/\/especiales-hub.prensaiberica.es\/valencia-por-la-reconstruccion\/wp-content\/uploads\/2024\/12\/APUNT-2-768x432.jpg 768w\" sizes=\"auto, (max-width: 960px) 100vw, 960px\" \/><figcaption class=\"wp-element-caption\">Vict\u00f2ria Rosell\u00f3, la especialista del \u00aboratge\u00bb de \u00c0punt. | \u00c0. P . M.<\/figcaption><\/figure>\n\n\n\n<p>Aquel d\u00eda de la dana, el informativo de televisi\u00f3n de la noche, el NTC Nit del 29 de octubre, con una audiencia media del 22% y picos hasta el 27,3%, se convirti\u00f3 en la emisi\u00f3n m\u00e1s vida de la historia de \u00c0 Punt con 768.000 espectadores.&nbsp;&nbsp;<\/p>\n\n\n\n<h3 class=\"wp-block-heading\"><strong>Dos r\u00e9cords de audiencia diaria<\/strong><\/h3>\n\n\n\n<p>Asimismo, se registraron r\u00e9cords hist\u00f3ricos dos d\u00edas seguidos en la cuota diaria de share, el martes 29 de octubre se logr\u00f3 un 12,5% y el mi\u00e9rcoles 30 un 14%. El d\u00eda de la dana 1.152.000 espectadores vieron \u00c0 Punt y al d\u00eda siguiente, fueron 1.131.000 espectadores \u00fanicos, dos cifras que tambi\u00e9n se han convertido en hitos.&nbsp;&nbsp;<\/p>\n\n\n\n<p>Con pueblos incomunicados y sin luz, la radio de \u00c0 Punt (tambi\u00e9n online) se convirti\u00f3 la noche de la dana para miles de personas en el \u00fanico canal de informaci\u00f3n para escuchar las indicaciones de las autoridades y saber lo que estaba ocurriendo. En esas tres semanas, la radio ha emitido 237 horas en directo, en jornadas de 16 a 18 horas diarias ininterrumpidas.&nbsp;<\/p>\n\n\n\n<p>Por su parte, las redes sociales de \u00c0 Punt han apostado por ofrecer el minuto a minuto de la cat\u00e1strofe combinada con informaci\u00f3n de servicio p\u00fablico relativa a avisos, incidencias en las carreteras, alternativas al transporte p\u00fablico, ayudas p\u00fablicas y formas de ayudar y colaborar con las v\u00edctimas con cifras r\u00e9cord de impresiones (162 millones) e interacciones (5,4 millones).&nbsp;<\/p>\n\n\n\n<p>Adem\u00e1s, como medio de comunicaci\u00f3n de referencia en la Comunitat Valenciana, <a href=\"https:\/\/www.caixabank.es\/particular\/home\/particulares_es.html\" target=\"_blank\" data-type=\"link\" data-id=\"https:\/\/www.caixabank.es\/particular\/home\/particulares_es.html\" rel=\"noreferrer noopener nofollow\">\u00c0 Punt<\/a> fue designado como canal de informaci\u00f3n oficial de la Generalitat junto al 112.\u00a0<\/p>\n\n\n\n<p><\/p>\n","protected":false},"excerpt":{"rendered":"<p>La radiotelevisi\u00f3n valenciana refuerza su compromiso con las localidades&nbsp; damnificadas con una cobertura hist\u00f3rica de 17 horas diarias en directo M\u00e1s de un mes despu\u00e9s de la fat\u00eddica dana, la agon\u00eda contin\u00faa. Mientras el resto de comunidades aut\u00f3nomas vuelven a la normalidad, muchos municipios valencianos siguen sufriendo las consecuencias del desastre. Mientras la dana de [&hellip;]<\/p>\n","protected":false},"author":16,"featured_media":48,"comment_status":"closed","ping_status":"closed","sticky":false,"template":"","format":"standard","meta":{"footnotes":""},"categories":[17],"tags":[],"class_list":["post-47","post","type-post","status-publish","format-standard","has-post-thumbnail","hentry","category-impulsores"],"_links":{"self":[{"href":"https:\/\/especiales-hub.prensaiberica.es\/valencia-por-la-reconstruccion\/wp-json\/wp\/v2\/posts\/47","targetHints":{"allow":["GET"]}}],"collection":[{"href":"https:\/\/especiales-hub.prensaiberica.es\/valencia-por-la-reconstruccion\/wp-json\/wp\/v2\/posts"}],"about":[{"href":"https:\/\/especiales-hub.prensaiberica.es\/valencia-por-la-reconstruccion\/wp-json\/wp\/v2\/types\/post"}],"author":[{"embeddable":true,"href":"https:\/\/especiales-hub.prensaiberica.es\/valencia-por-la-reconstruccion\/wp-json\/wp\/v2\/users\/16"}],"replies":[{"embeddable":true,"href":"https:\/\/especiales-hub.prensaiberica.es\/valencia-por-la-reconstruccion\/wp-json\/wp\/v2\/comments?post=47"}],"version-history":[{"count":0,"href":"https:\/\/especiales-hub.prensaiberica.es\/valencia-por-la-reconstruccion\/wp-json\/wp\/v2\/posts\/47\/revisions"}],"wp:featuredmedia":[{"embeddable":true,"href":"https:\/\/especiales-hub.prensaiberica.es\/valencia-por-la-reconstruccion\/wp-json\/wp\/v2\/media\/48"}],"wp:attachment":[{"href":"https:\/\/especiales-hub.prensaiberica.es\/valencia-por-la-reconstruccion\/wp-json\/wp\/v2\/media?parent=47"}],"wp:term":[{"taxonomy":"category","embeddable":true,"href":"https:\/\/especiales-hub.prensaiberica.es\/valencia-por-la-reconstruccion\/wp-json\/wp\/v2\/categories?post=47"},{"taxonomy":"post_tag","embeddable":true,"href":"https:\/\/especiales-hub.prensaiberica.es\/valencia-por-la-reconstruccion\/wp-json\/wp\/v2\/tags?post=47"}],"curies":[{"name":"wp","href":"https:\/\/api.w.org\/{rel}","templated":true}]}}