{"id":55,"date":"2024-12-11T12:15:46","date_gmt":"2024-12-11T11:15:46","guid":{"rendered":"https:\/\/especiales-hub.prensaiberica.es\/valencia-por-la-reconstruccion\/?p=55"},"modified":"2024-12-11T12:15:46","modified_gmt":"2024-12-11T11:15:46","slug":"hosteleria-valencia-crea-una-ventanilla-para-los-afectados","status":"publish","type":"post","link":"https:\/\/especiales-hub.prensaiberica.es\/valencia-por-la-reconstruccion\/impulsores\/hosteleria-valencia-crea-una-ventanilla-para-los-afectados\/","title":{"rendered":"Hosteler\u00eda Valencia crea una ventanilla para los afectados"},"content":{"rendered":"\n<h2 class=\"wp-block-heading\">Manuel Espinar, presidente de Conhostur, pide crear un \u201cPlan Marshall\u201d para recuperar el tejido empresarial hostelero<\/h2>\n\n\n\n<div style=\"height:30px\" aria-hidden=\"true\" class=\"wp-block-spacer\"><\/div>\n\n\n\n<h3 class=\"wp-block-heading\"><strong>\u00bfCu\u00e1l es el impacto de la dana en la hosteler\u00eda valenciana?<\/strong><\/h3>\n\n\n\n<p>En la actualidad, estimamos que las p\u00e9rdidas ocasionadas por la dana superan los 300 millones de euros. Hay 1.400 locales de las 78 poblaciones afectadas que todav\u00eda no han podido retomar su actividad, y suponen un 4 % del total de locales hosteleros que hay en la Comunitat Valenciana. Y, de ellos, al menos 210 (el 15 %) estiman que no volver\u00e1n a subir la persiana.<\/p>\n\n\n\n<h3 class=\"wp-block-heading\"><strong>\u00bfC\u00f3mo afront\u00e1is la reconstrucci\u00f3n?<\/strong><\/h3>\n\n\n\n<p>Es un proceso complicado y que no va a poder solucionarse en el corto plazo. Va a requerir de mucho esfuerzo de los hosteleros, adem\u00e1s de la ayuda de todas las administraciones en sus planes de recuperaci\u00f3n para dar apoyo a las empresas. Las ayudas actuales se quedan cortas. Por nuestra parte, nos vamos a convertir en Ventanilla \u00fanica de la hosteler\u00eda y&nbsp; nos ponemos a disposici\u00f3n&nbsp; de todas las empresas hosteleras afectadas para ofrecerles de forma gratuita incorporarse a la federaci\u00f3n durante el 2025.<\/p>\n\n\n\n<h3 class=\"wp-block-heading\"><strong>Ocho de cada diez negocios a\u00fan est\u00e1n devolviendo los ICO del covid. \u00bfC\u00f3mo van a poder manejar una situaci\u00f3n as\u00ed?<\/strong><\/h3>\n\n\n\n<p>Es muy complicado. <a href=\"https:\/\/www.conhostur.com\/\" target=\"_blank\" data-type=\"link\" data-id=\"https:\/\/www.conhostur.com\/\" rel=\"noreferrer noopener nofollow\">La hosteler\u00eda<\/a> es un sector formado en su mayor\u00eda por aut\u00f3nomos y micropymes y todav\u00eda est\u00e1bamos devolviendo los cr\u00e9ditos de la \u00e9poca covid y ahora esto, que para muchos es volver a empezar y con much\u00edsimos da\u00f1os. Va a ser inviable para muchas empresas. Los ICOS de la dana se han quedado cortos en los plazos de amortizaci\u00f3n. Necesitamos recuperar el tejido empresarial, somos un sector que genera miles de puestos de trabajo y no nos podemos permitir que cierren, necesitamos un plan Marshall.<\/p>\n\n\n\n<h3 class=\"wp-block-heading\"><strong>Tras la dana, algunos turistas han cancelado sus viajes a la C. Valenciana, \u00bfcu\u00e1l es el futuro pr\u00f3ximo del sector?<\/strong><\/h3>\n\n\n\n<p>Los efectos de la dana se extendieron m\u00e1s all\u00e1 de los pueblos directamente afectados, hemos visto ca\u00eddas en la facturaci\u00f3n de hasta un 80 % . La cat\u00e1strofe llev\u00f3 a que muchos visitantes previstos en noviembre y diciembre cancelaran sus reservas. Nos encontramos con el nuevo reto de recuperar la imagen de Valencia y la Comunitat Valenciana. Para este objetivo el Marat\u00f3n de Valencia ha sido un punto de inflexi\u00f3n. La campa\u00f1a de Navidad tambi\u00e9n resulta fundamental en la normalizaci\u00f3n de la actividad del sector.&nbsp;<\/p>\n\n\n\n<p><\/p>\n","protected":false},"excerpt":{"rendered":"<p>Manuel Espinar, presidente de Conhostur, pide crear un \u201cPlan Marshall\u201d para recuperar el tejido empresarial hostelero \u00bfCu\u00e1l es el impacto de la dana en la hosteler\u00eda valenciana? En la actualidad, estimamos que las p\u00e9rdidas ocasionadas por la dana superan los 300 millones de euros. Hay 1.400 locales de las 78 poblaciones afectadas que todav\u00eda no [&hellip;]<\/p>\n","protected":false},"author":16,"featured_media":56,"comment_status":"closed","ping_status":"closed","sticky":false,"template":"","format":"standard","meta":{"footnotes":""},"categories":[17],"tags":[],"class_list":["post-55","post","type-post","status-publish","format-standard","has-post-thumbnail","hentry","category-impulsores"],"_links":{"self":[{"href":"https:\/\/especiales-hub.prensaiberica.es\/valencia-por-la-reconstruccion\/wp-json\/wp\/v2\/posts\/55","targetHints":{"allow":["GET"]}}],"collection":[{"href":"https:\/\/especiales-hub.prensaiberica.es\/valencia-por-la-reconstruccion\/wp-json\/wp\/v2\/posts"}],"about":[{"href":"https:\/\/especiales-hub.prensaiberica.es\/valencia-por-la-reconstruccion\/wp-json\/wp\/v2\/types\/post"}],"author":[{"embeddable":true,"href":"https:\/\/especiales-hub.prensaiberica.es\/valencia-por-la-reconstruccion\/wp-json\/wp\/v2\/users\/16"}],"replies":[{"embeddable":true,"href":"https:\/\/especiales-hub.prensaiberica.es\/valencia-por-la-reconstruccion\/wp-json\/wp\/v2\/comments?post=55"}],"version-history":[{"count":0,"href":"https:\/\/especiales-hub.prensaiberica.es\/valencia-por-la-reconstruccion\/wp-json\/wp\/v2\/posts\/55\/revisions"}],"wp:featuredmedia":[{"embeddable":true,"href":"https:\/\/especiales-hub.prensaiberica.es\/valencia-por-la-reconstruccion\/wp-json\/wp\/v2\/media\/56"}],"wp:attachment":[{"href":"https:\/\/especiales-hub.prensaiberica.es\/valencia-por-la-reconstruccion\/wp-json\/wp\/v2\/media?parent=55"}],"wp:term":[{"taxonomy":"category","embeddable":true,"href":"https:\/\/especiales-hub.prensaiberica.es\/valencia-por-la-reconstruccion\/wp-json\/wp\/v2\/categories?post=55"},{"taxonomy":"post_tag","embeddable":true,"href":"https:\/\/especiales-hub.prensaiberica.es\/valencia-por-la-reconstruccion\/wp-json\/wp\/v2\/tags?post=55"}],"curies":[{"name":"wp","href":"https:\/\/api.w.org\/{rel}","templated":true}]}}