{"id":62,"date":"2024-12-11T12:14:48","date_gmt":"2024-12-11T11:14:48","guid":{"rendered":"https:\/\/especiales-hub.prensaiberica.es\/valencia-por-la-reconstruccion\/?p=62"},"modified":"2024-12-11T12:14:48","modified_gmt":"2024-12-11T11:14:48","slug":"multiopticas-regala-cientos-de-gafas-a-los-damnificados-por-la-riada","status":"publish","type":"post","link":"https:\/\/especiales-hub.prensaiberica.es\/valencia-por-la-reconstruccion\/impulsores\/multiopticas-regala-cientos-de-gafas-a-los-damnificados-por-la-riada\/","title":{"rendered":"Multi\u00f3pticas regala cientos de gafas a los damnificados por la riada"},"content":{"rendered":"\n<h2 class=\"wp-block-heading\">La firma crea una iniciativa solidaria que consta de una revisi\u00f3n completa de la vista y un par de gafas graduadas<\/h2>\n\n\n\n<div style=\"height:30px\" aria-hidden=\"true\" class=\"wp-block-spacer\"><\/div>\n\n\n\n<p>Multi\u00f3pticas ha puesto en marcha una iniciativa solidaria para los afectados por la dana con el lanzamiento de unos bonos solidarios para los que vivan en las localidades de Val\u00e8ncia que la riada arras\u00f3 el pasado 29 de octubre.&nbsp; Esta acci\u00f3n solidaria ha obtenido una gran acogida, ha sido todo un \u00e9xito. Tal ha sido el resultado que la tienda de Multi\u00f3pticas de la calle San Vicente ha obsequiado con cientos de gafas graduadas a todos los damnificados que as\u00ed lo solicitaron durante unas semanas en las que no cesaron de recibir solicitudes.&nbsp;<\/p>\n\n\n\n<p>El \u00fanico requisito&nbsp; necesario para optar a esta ayuda para la visi\u00f3n es poder demostrar que el beneficiario es vecino o vecina de estas poblaciones. El establecimiento de San Vicente 71, esquina con la Plaza de San Agust\u00edn, ha aportado su granito de arena con esta acci\u00f3n solidaria que el p\u00fablico ha recibido con los brazos abiertos. Adem\u00e1s, la empresa ha proporcionado&nbsp; material esencial para cubrir las necesidades urgentes, y han habilitado una cuenta corriente para recaudar fondos de ayuda.<\/p>\n\n\n\n<p>Multi\u00f3pticas y su fundaci\u00f3n&nbsp; han querido&nbsp; expresar su&nbsp; m\u00e1s sincera solidaridad con la Comunitat Valenciana y otras zonas afectadas por las graves consecuencias de la dana y agradecer el esfuerzo de los servicios de emergencia, voluntarios y ciudadanos que contribuyen a la recuperaci\u00f3n del territorio. Este 2025 es el a\u00f1o en el que la \u00f3ptica de la calle San Vicente celebra su 80 aniversario. Un claro ejemplo de comercio tradicional familiar que ha sabido hacer el relevo generacional, adapt\u00e1ndose a los nuevos tiempos desde su fundaci\u00f3n en el a\u00f1o 1945.&nbsp;<\/p>\n","protected":false},"excerpt":{"rendered":"<p>La firma crea una iniciativa solidaria que consta de una revisi\u00f3n completa de la vista y un par de gafas graduadas Multi\u00f3pticas ha puesto en marcha una iniciativa solidaria para los afectados por la dana con el lanzamiento de unos bonos solidarios para los que vivan en las localidades de Val\u00e8ncia que la riada arras\u00f3 [&hellip;]<\/p>\n","protected":false},"author":16,"featured_media":63,"comment_status":"closed","ping_status":"closed","sticky":false,"template":"","format":"standard","meta":{"footnotes":""},"categories":[17],"tags":[],"class_list":["post-62","post","type-post","status-publish","format-standard","has-post-thumbnail","hentry","category-impulsores"],"_links":{"self":[{"href":"https:\/\/especiales-hub.prensaiberica.es\/valencia-por-la-reconstruccion\/wp-json\/wp\/v2\/posts\/62","targetHints":{"allow":["GET"]}}],"collection":[{"href":"https:\/\/especiales-hub.prensaiberica.es\/valencia-por-la-reconstruccion\/wp-json\/wp\/v2\/posts"}],"about":[{"href":"https:\/\/especiales-hub.prensaiberica.es\/valencia-por-la-reconstruccion\/wp-json\/wp\/v2\/types\/post"}],"author":[{"embeddable":true,"href":"https:\/\/especiales-hub.prensaiberica.es\/valencia-por-la-reconstruccion\/wp-json\/wp\/v2\/users\/16"}],"replies":[{"embeddable":true,"href":"https:\/\/especiales-hub.prensaiberica.es\/valencia-por-la-reconstruccion\/wp-json\/wp\/v2\/comments?post=62"}],"version-history":[{"count":0,"href":"https:\/\/especiales-hub.prensaiberica.es\/valencia-por-la-reconstruccion\/wp-json\/wp\/v2\/posts\/62\/revisions"}],"wp:featuredmedia":[{"embeddable":true,"href":"https:\/\/especiales-hub.prensaiberica.es\/valencia-por-la-reconstruccion\/wp-json\/wp\/v2\/media\/63"}],"wp:attachment":[{"href":"https:\/\/especiales-hub.prensaiberica.es\/valencia-por-la-reconstruccion\/wp-json\/wp\/v2\/media?parent=62"}],"wp:term":[{"taxonomy":"category","embeddable":true,"href":"https:\/\/especiales-hub.prensaiberica.es\/valencia-por-la-reconstruccion\/wp-json\/wp\/v2\/categories?post=62"},{"taxonomy":"post_tag","embeddable":true,"href":"https:\/\/especiales-hub.prensaiberica.es\/valencia-por-la-reconstruccion\/wp-json\/wp\/v2\/tags?post=62"}],"curies":[{"name":"wp","href":"https:\/\/api.w.org\/{rel}","templated":true}]}}