{"id":68,"date":"2024-12-11T12:14:11","date_gmt":"2024-12-11T11:14:11","guid":{"rendered":"https:\/\/especiales-hub.prensaiberica.es\/valencia-por-la-reconstruccion\/?p=68"},"modified":"2024-12-11T12:14:11","modified_gmt":"2024-12-11T11:14:11","slug":"el-colegio-de-gestores-administrativos-se-vuelca-con-los-damnificados","status":"publish","type":"post","link":"https:\/\/especiales-hub.prensaiberica.es\/valencia-por-la-reconstruccion\/impulsores\/el-colegio-de-gestores-administrativos-se-vuelca-con-los-damnificados\/","title":{"rendered":"El Colegio de Gestores Administrativos se vuelca con los damnificados"},"content":{"rendered":"\n<h2 class=\"wp-block-heading\">El presidente de la instituci\u00f3n, Joaqu\u00edn Giner, explica c\u00f3mo se han volcado con los damnificados y las v\u00edas de ayuda<\/h2>\n\n\n\n<div style=\"height:30px\" aria-hidden=\"true\" class=\"wp-block-spacer\"><\/div>\n\n\n\n<p>El presidente del Colegio Oficial de Gestores Administrativos de Valencia (Cogav), Joaqu\u00edn Giner, traslada en nombre de la instituci\u00f3n el apoyo y la solidaridad para todos los compa\u00f1eros que se han visto afectados personal o profesionalmente \u00abpor el terrible temporal\u00bb, adem\u00e1s de a todas las personas afectadas en los diversos municipios y sus condolencias por las v\u00edctimas.&nbsp;&nbsp;<\/p>\n\n\n\n<p>\u00abDesde el primer momento, nuestra principal preocupaci\u00f3n fue ayudar en todo lo posible a los compa\u00f1eros que sufrieron los efectos del temporal. Hubo 67 despachos de gestores dentro de las zonas m\u00e1s afectadas y contactamos personalmente con cada uno de ellos para interesarnos por su estado de salud y el de sus familias, en primer lugar, y por recabar la m\u00e1xima informaci\u00f3n posible sobre el alcance de los da\u00f1os y sus necesidades\u00bb, explica Joaqu\u00edn Giner.&nbsp;<\/p>\n\n\n\n<p>En los primeros d\u00edas tras la cat\u00e1strofe, en la Junta de Gobierno del Cogav convoc\u00f3 sesiones del gabinete de crisis para activar acciones y establecer acuerdos como poner a disposici\u00f3n de los compa\u00f1eros afectados un espacio f\u00edsico seguro en las instalaciones del Colegio (cualquiera de las tres oficinas ubicadas en Val\u00e8ncia estuvo y est\u00e1 disponible para ello); apoyo tecnol\u00f3gico, con el que facilitar equipos inform\u00e1ticos, apoyo t\u00e9cnico para reinstalaci\u00f3n de programas, configuraci\u00f3n de correo electr\u00f3nico, firmas digitales, recuperaci\u00f3n de informaci\u00f3n contenida en discos duros da\u00f1ados, etc.; asistencia psicol\u00f3gica a trav\u00e9s del Colegio Oficial de Psic\u00f3logos de la Comunidad Valenciana: la Uni\u00f3n Profesional de Valencia; exenci\u00f3n de la&nbsp; cuota colegial del cuarto trimestre de 2024 y del primero de 2025 para los compa\u00f1eros afectados<\/p>\n\n\n\n<p>&nbsp;Adem\u00e1s, el colegio abri\u00f3 una cuenta corriente para recibir aportaciones dirigidas a la reconstrucci\u00f3n de los despachos de los compa\u00f1eros afectados e impulsar acciones colegiales dirigidas a atender necesidades&nbsp; surgidas por el temporal. La cuensta es ES2631590078523048420529, de Caixa Popular, y se puede realizar un bizum al c\u00f3digo 10522.&nbsp;&nbsp;<\/p>\n\n\n\n<p>Por otra parte, \u00bfqu\u00e9 acciones se han emprendido desde el Colegio para ayudar a los afectados? \u00abTrabajamos en diferentes l\u00edneas. La primera, en todo lo referido a los tr\u00e1mites de veh\u00edculos con la DGT, organizamos un voluntariado de gestores administrativos solidarios desde el cual se tramitan gratuitamente los tr\u00e1mites de baja temporal de veh\u00edculos afectados y la obtenci\u00f3n de duplicados de documentaciones de veh\u00edculos y permisos de conducci\u00f3n que se perdieron por las inundaciones\u00bb, explica el presidente. \u00abEn esta misma l\u00ednea, estamos colaborando solidariamente con la Casa de Soria de Valencia, entidad que est\u00e1 gestionando donaciones de veh\u00edculos, la mayor\u00eda de ellas de particulares que residen en localidades en las que, como consecuencia de la pr\u00f3xima implantaci\u00f3n de la ZBE zona de bajas emisiones,&nbsp; van a ver finalizada la vida de sus veh\u00edculos. En este caso, estamos tramitando gratuitamente ante la Jefatura de Tr\u00e1fico los cambios de titularidad que se realicen por donaci\u00f3n que, adem\u00e1s, est\u00e1n exentos de la tasa de la DGT as\u00ed como bonificados al 100 % en el ITP impuesto de transmisiones patrimoniales\u00bb, a\u00f1ade Giner.&nbsp;&nbsp;<\/p>\n\n\n\n<p>\u00abEn un segundo bloque de medidas, en el Colegio hemos organizado un voluntariado para la tramitaci\u00f3n de ayudas a la vivienda, tanto de las publicadas en el \u00e1mbito estatal como en el auton\u00f3mico. Los ciudadanos afectados pueden formular su solicitud a trav\u00e9s del Colegio en el formulario Web que hemos habilitado al efecto <a href=\"https:\/\/gestoresvalencia.org\/afectados-dana\/\" target=\"_blank\" rel=\"noreferrer noopener nofollow\">https:\/\/gestoresvalencia.org\/afectados-dana\/<\/a>\u00bb, afirma Joaqu\u00edn Giner.\u00a0<\/p>\n\n\n\n<p>Gracias a los acuerdos de colaboraci\u00f3n que los gestores administrativos han suscrito con las distintas administraciones, los ciudadanos que se han visto afectados por esta tr\u00e1gica cat\u00e1strofe pueden ver realizados sus tr\u00e1mites con total tranquilidad, por mediaci\u00f3n de profesionales expertos en esta materia, y con la mayor agilidad y eficacia posible\u00bb.&nbsp;<\/p>\n","protected":false},"excerpt":{"rendered":"<p>El presidente de la instituci\u00f3n, Joaqu\u00edn Giner, explica c\u00f3mo se han volcado con los damnificados y las v\u00edas de ayuda El presidente del Colegio Oficial de Gestores Administrativos de Valencia (Cogav), Joaqu\u00edn Giner, traslada en nombre de la instituci\u00f3n el apoyo y la solidaridad para todos los compa\u00f1eros que se han visto afectados personal o [&hellip;]<\/p>\n","protected":false},"author":31,"featured_media":89,"comment_status":"closed","ping_status":"closed","sticky":false,"template":"","format":"standard","meta":{"footnotes":""},"categories":[17],"tags":[],"class_list":["post-68","post","type-post","status-publish","format-standard","has-post-thumbnail","hentry","category-impulsores"],"_links":{"self":[{"href":"https:\/\/especiales-hub.prensaiberica.es\/valencia-por-la-reconstruccion\/wp-json\/wp\/v2\/posts\/68","targetHints":{"allow":["GET"]}}],"collection":[{"href":"https:\/\/especiales-hub.prensaiberica.es\/valencia-por-la-reconstruccion\/wp-json\/wp\/v2\/posts"}],"about":[{"href":"https:\/\/especiales-hub.prensaiberica.es\/valencia-por-la-reconstruccion\/wp-json\/wp\/v2\/types\/post"}],"author":[{"embeddable":true,"href":"https:\/\/especiales-hub.prensaiberica.es\/valencia-por-la-reconstruccion\/wp-json\/wp\/v2\/users\/31"}],"replies":[{"embeddable":true,"href":"https:\/\/especiales-hub.prensaiberica.es\/valencia-por-la-reconstruccion\/wp-json\/wp\/v2\/comments?post=68"}],"version-history":[{"count":0,"href":"https:\/\/especiales-hub.prensaiberica.es\/valencia-por-la-reconstruccion\/wp-json\/wp\/v2\/posts\/68\/revisions"}],"wp:featuredmedia":[{"embeddable":true,"href":"https:\/\/especiales-hub.prensaiberica.es\/valencia-por-la-reconstruccion\/wp-json\/wp\/v2\/media\/89"}],"wp:attachment":[{"href":"https:\/\/especiales-hub.prensaiberica.es\/valencia-por-la-reconstruccion\/wp-json\/wp\/v2\/media?parent=68"}],"wp:term":[{"taxonomy":"category","embeddable":true,"href":"https:\/\/especiales-hub.prensaiberica.es\/valencia-por-la-reconstruccion\/wp-json\/wp\/v2\/categories?post=68"},{"taxonomy":"post_tag","embeddable":true,"href":"https:\/\/especiales-hub.prensaiberica.es\/valencia-por-la-reconstruccion\/wp-json\/wp\/v2\/tags?post=68"}],"curies":[{"name":"wp","href":"https:\/\/api.w.org\/{rel}","templated":true}]}}