{"id":79,"date":"2024-12-11T12:31:06","date_gmt":"2024-12-11T11:31:06","guid":{"rendered":"https:\/\/especiales-hub.prensaiberica.es\/valencia-por-la-reconstruccion\/?p=79"},"modified":"2024-12-17T09:10:50","modified_gmt":"2024-12-17T08:10:50","slug":"dormitienda-un-referente-de-solidaridad-tras-la-dana-mas-de-500-colchones-y-cientos-de-productos-para-los-afectados","status":"publish","type":"post","link":"https:\/\/especiales-hub.prensaiberica.es\/valencia-por-la-reconstruccion\/impulsores\/dormitienda-un-referente-de-solidaridad-tras-la-dana-mas-de-500-colchones-y-cientos-de-productos-para-los-afectados\/","title":{"rendered":"Dormitienda, un referente de solidaridad tras la dana: m\u00e1s de 500 colchones y cientos de productos para los afectados"},"content":{"rendered":"\n<h2 class=\"wp-block-heading\">La compa\u00f1\u00eda, liderada por M\u00f3nica Duart, ha puesto en marcha un plan de acci\u00f3n que ha permitido ofrecer ayuda directa a cientos de familias afectadas<\/h2>\n\n\n\n<div style=\"height:30px\" aria-hidden=\"true\" class=\"wp-block-spacer\"><\/div>\n\n\n\n<p><a href=\"https:\/\/dormitienda.com\/\" target=\"_blank\" rel=\"noreferrer noopener nofollow\"><strong>Dormitienda<\/strong><\/a>, la empresa valenciana l\u00edder en descanso, ha demostrado que la solidaridad empresarial es una herramienta poderosa para afrontar situaciones de emergencia. Tras el devastador impacto de la dana en diversas zonas de la Comunidad Valenciana, la compa\u00f1\u00eda, liderada por M\u00f3nica Duart, ha puesto en marcha un plan de acci\u00f3n que ha permitido ofrecer ayuda directa a cientos de familias afectadas.<\/p>\n\n\n\n<h3 class=\"wp-block-heading\">M\u00e1s de 500 colchones y 1.000 productos de descanso<\/h3>\n\n\n\n<p>Uno de los pilares de esta acci\u00f3n solidaria ha sido la donaci\u00f3n de m\u00e1s de 500 colchones, as\u00ed como m\u00e1s de 1.000 almohadas, n\u00f3rdicos y protectores de cama, entregados a las zonas m\u00e1s afectadas por la dana. Estos productos esenciales han sido distribuidos en colaboraci\u00f3n con instituciones p\u00fablicas y asociaciones locales para garantizar que llegaran r\u00e1pidamente a quienes m\u00e1s los necesitaban.<\/p>\n\n\n\n<p>\u201cCuando ocurren tragedias como esta, el pueblo valenciano siempre responde con una generosidad que emociona. Como empresa, solo hemos querido canalizar ese esp\u00edritu solidario y aportar nuestro granito de arena. Es un orgullo inmenso ser parte de esta tierra, unida y ejemplar\u201d, se\u00f1ala M\u00f3nica Duart, CEO de Dormitienda.<\/p>\n\n\n\n<p>La elecci\u00f3n de los productos donados no ha sido casual. La empresa ha seleccionado aquellos que, adem\u00e1s de aportar confort, garantizan higiene y durabilidad, conscientes de que muchas familias han perdido pr\u00e1cticamente todo y necesitan soluciones que les ayuden a reconstruir sus hogares desde cero.<\/p>\n\n\n\n<h3 class=\"wp-block-heading\">Apoyo log\u00edstico: cesi\u00f3n de instalaciones y gesti\u00f3n de materiales<\/h3>\n\n\n\n<p>Adem\u00e1s de las donaciones de productos, Dormitienda puso a disposici\u00f3n su infraestructura log\u00edstica para gestionar y facilitar la entrega de materiales. La compa\u00f1\u00eda cedi\u00f3 su nave log\u00edstica como punto estrat\u00e9gico para la recepci\u00f3n y descarga de tr\u00e1ileres cargados con materiales de ayuda humanitaria.<\/p>\n\n\n\n<p>Este gesto ha sido clave para agilizar los tiempos de respuesta en un momento en el que cada minuto contaba. \u201cNuestra log\u00edstica es uno de nuestros puntos fuertes como empresa, y de inmediato decidimos ponerla al servicio de las personas afectadas. La coordinaci\u00f3n con las instituciones p\u00fablicas y otros organismos ha sido ejemplar\u201d, a\u00f1ade Duart.<\/p>\n\n\n\n<p>\u201cDormitienda es una empresa hecha por y para valencianos, y en momentos como este, sabemos que nuestro deber es estar ah\u00ed. La rapidez y eficacia con la que se moviliz\u00f3 toda la sociedad demuestra que juntos somos imparables\u201d, declara Duart.<\/p>\n\n\n\n<h3 class=\"wp-block-heading\">Cooperaci\u00f3n entre empresas e instituciones<\/h3>\n\n\n\n<p>El \u00e9xito de las iniciativas de Dormitienda tras la dana no habr\u00eda sido posible sin una estrecha colaboraci\u00f3n con instituciones p\u00fablicas. Ayuntamientos, asociaciones vecinales y entidades solidarias unieron esfuerzos con la empresa para identificar las \u00e1reas m\u00e1s afectadas y garantizar que la ayuda llegara de manera r\u00e1pida y efectiva.<\/p>\n\n\n\n<p>M\u00f3nica Duart pone en valor esta cooperaci\u00f3n: \u201cEn momentos de crisis, es cuando m\u00e1s debemos unirnos. La coordinaci\u00f3n entre empresas y administraciones es clave para ofrecer soluciones inmediatas y marcar la diferencia en la vida de quienes m\u00e1s lo necesitan\u201d.<\/p>\n\n\n\n<p>\u201cCuando empresas y administraciones trabajamos en la misma direcci\u00f3n, los resultados trascienden. Se trata de aportar nuestro conocimiento y recursos para responder con la agilidad que exigen estas situaciones\u201d, a\u00f1ade Duart, quien reafirma el compromiso de la compa\u00f1\u00eda con iniciativas que prioricen el bienestar social.<\/p>\n\n\n\n<figure class=\"wp-block-image size-large\"><img loading=\"lazy\" decoding=\"async\" width=\"1024\" height=\"681\" src=\"https:\/\/especiales-hub.prensaiberica.es\/valencia-por-la-reconstruccion\/wp-content\/uploads\/2024\/12\/IMG_1847-1024x681.jpg\" alt=\"\" class=\"wp-image-90\" srcset=\"https:\/\/especiales-hub.prensaiberica.es\/valencia-por-la-reconstruccion\/wp-content\/uploads\/2024\/12\/IMG_1847-1024x681.jpg 1024w, https:\/\/especiales-hub.prensaiberica.es\/valencia-por-la-reconstruccion\/wp-content\/uploads\/2024\/12\/IMG_1847-300x200.jpg 300w, https:\/\/especiales-hub.prensaiberica.es\/valencia-por-la-reconstruccion\/wp-content\/uploads\/2024\/12\/IMG_1847-768x511.jpg 768w, https:\/\/especiales-hub.prensaiberica.es\/valencia-por-la-reconstruccion\/wp-content\/uploads\/2024\/12\/IMG_1847-1536x1022.jpg 1536w, https:\/\/especiales-hub.prensaiberica.es\/valencia-por-la-reconstruccion\/wp-content\/uploads\/2024\/12\/IMG_1847-2048x1363.jpg 2048w\" sizes=\"auto, (max-width: 1024px) 100vw, 1024px\" \/><figcaption class=\"wp-element-caption\">M\u00f3nica Duart, CEO de Dormitienda.<br><\/figcaption><\/figure>\n\n\n\n<h3 class=\"wp-block-heading\">La solidaridad del pueblo valenciano<\/h3>\n\n\n\n<p>M\u00f3nica Duart subraya que la respuesta de la sociedad valenciana ante la dana es un ejemplo para el mundo: \u201cLa solidaridad infinita del pueblo valenciano es lo que nos define. Es algo que no se puede explicar con palabras; lo vemos en la rapidez con la que se organizan, en la empat\u00eda con la que ayudan y en su capacidad para estar ah\u00ed siempre que hace falta. Es un orgullo decir que soy valenciana y formar parte de una tierra que inspira a todos con su fortaleza y generosidad\u201d.<\/p>\n\n\n\n<p>\u201cComo empresa, tenemos una responsabilidad con la sociedad que va m\u00e1s all\u00e1 de vender productos. Queremos ser una marca que inspire confianza y est\u00e9 presente cuando m\u00e1s se nos necesita\u201d, afirma Duart.<\/p>\n\n\n\n<figure class=\"wp-block-image size-large\"><img loading=\"lazy\" decoding=\"async\" width=\"1024\" height=\"655\" src=\"https:\/\/especiales-hub.prensaiberica.es\/valencia-por-la-reconstruccion\/wp-content\/uploads\/2024\/12\/4-e1721235766879-1-1024x655.jpg\" alt=\"\" class=\"wp-image-92\" srcset=\"https:\/\/especiales-hub.prensaiberica.es\/valencia-por-la-reconstruccion\/wp-content\/uploads\/2024\/12\/4-e1721235766879-1-1024x655.jpg 1024w, https:\/\/especiales-hub.prensaiberica.es\/valencia-por-la-reconstruccion\/wp-content\/uploads\/2024\/12\/4-e1721235766879-1-300x192.jpg 300w, https:\/\/especiales-hub.prensaiberica.es\/valencia-por-la-reconstruccion\/wp-content\/uploads\/2024\/12\/4-e1721235766879-1-768x491.jpg 768w, https:\/\/especiales-hub.prensaiberica.es\/valencia-por-la-reconstruccion\/wp-content\/uploads\/2024\/12\/4-e1721235766879-1-1536x983.jpg 1536w, https:\/\/especiales-hub.prensaiberica.es\/valencia-por-la-reconstruccion\/wp-content\/uploads\/2024\/12\/4-e1721235766879-1.jpg 2048w\" sizes=\"auto, (max-width: 1024px) 100vw, 1024px\" \/><figcaption class=\"wp-element-caption\">Establecimiento de Dormitienda en la Gran V\u00eda Marqu\u00e9s del Turia de Val\u00e8ncia.<\/figcaption><\/figure>\n\n\n\n<p><\/p>\n\n\n\n<h3 class=\"wp-block-heading\">La dana nos puso a prueba<\/h3>\n\n\n\n<p>\u201cCuando unimos fuerzas entre empresas, instituciones y ciudadanos, no hay obst\u00e1culo que no podamos superar. La dana nos puso a prueba, pero la respuesta de nuestra tierra ha sido un mensaje de esperanza y uni\u00f3n para el resto del mundo\u201d.<\/p>\n\n\n\n<p>Dormitienda tambi\u00e9n ha aprovechado esta experiencia para reflexionar sobre c\u00f3mo integrar a\u00fan m\u00e1s la solidaridad en su estrategia empresarial<em>. <\/em>\u201cEn momentos as\u00ed, cada peque\u00f1o esfuerzo suma, y juntos podemos lograr mucho m\u00e1s. Lo que hemos vivido en Valencia demuestra que el compromiso empresarial puede marcar una gran diferencia\u201d, comenta Duart.<\/p>\n\n\n\n<h3 class=\"wp-block-heading\">El valor del descanso en tiempos dif\u00edciles<\/h3>\n\n\n\n<p>En un contexto de crisis, el descanso adquiere un significado especial. Dormitienda entiende que un colch\u00f3n no es solo un producto, sino una herramienta que aporta dignidad y confort en momentos de adversidad.<\/p>\n\n\n\n<p>\u201cCuando llevamos un colch\u00f3n o una almohada a alguien que lo ha perdido todo, no es solo un objeto lo que entregamos. Es la esperanza de un nuevo comienzo, de poder cerrar los ojos y descansar sabiendo que no est\u00e1n solos. Esa es la verdadera esencia de lo que hacemos\u201d, concluye M\u00f3nica Duart.<\/p>\n\n\n\n<h3 class=\"wp-block-heading\">Una empresa que marca la diferencia<\/h3>\n\n\n\n<p>Dormitienda ha demostrado que la solidaridad empresarial no es solo un gesto, sino una herramienta poderosa para transformar realidades. Con cada colch\u00f3n, almohada o n\u00f3rdico entregado, la compa\u00f1\u00eda no solo ha ofrecido descanso, sino tambi\u00e9n esperanza y apoyo a quienes m\u00e1s lo necesitaban.El impacto de sus acciones tras la dana es un claro ejemplo de c\u00f3mo una empresa puede trascender su actividad comercial y convertirse en un agente de cambio. Un modelo que, sin duda, seguir\u00e1 marcando el camino para muchas otras compa\u00f1\u00edas.<\/p>\n","protected":false},"excerpt":{"rendered":"<p>La compa\u00f1\u00eda, liderada por M\u00f3nica Duart, ha puesto en marcha un plan de acci\u00f3n que ha permitido ofrecer ayuda directa a cientos de familias afectadas Dormitienda, la empresa valenciana l\u00edder en descanso, ha demostrado que la solidaridad empresarial es una herramienta poderosa para afrontar situaciones de emergencia. Tras el devastador impacto de la dana en [&hellip;]<\/p>\n","protected":false},"author":16,"featured_media":82,"comment_status":"closed","ping_status":"closed","sticky":false,"template":"","format":"standard","meta":{"footnotes":""},"categories":[17],"tags":[],"class_list":["post-79","post","type-post","status-publish","format-standard","has-post-thumbnail","hentry","category-impulsores"],"_links":{"self":[{"href":"https:\/\/especiales-hub.prensaiberica.es\/valencia-por-la-reconstruccion\/wp-json\/wp\/v2\/posts\/79","targetHints":{"allow":["GET"]}}],"collection":[{"href":"https:\/\/especiales-hub.prensaiberica.es\/valencia-por-la-reconstruccion\/wp-json\/wp\/v2\/posts"}],"about":[{"href":"https:\/\/especiales-hub.prensaiberica.es\/valencia-por-la-reconstruccion\/wp-json\/wp\/v2\/types\/post"}],"author":[{"embeddable":true,"href":"https:\/\/especiales-hub.prensaiberica.es\/valencia-por-la-reconstruccion\/wp-json\/wp\/v2\/users\/16"}],"replies":[{"embeddable":true,"href":"https:\/\/especiales-hub.prensaiberica.es\/valencia-por-la-reconstruccion\/wp-json\/wp\/v2\/comments?post=79"}],"version-history":[{"count":0,"href":"https:\/\/especiales-hub.prensaiberica.es\/valencia-por-la-reconstruccion\/wp-json\/wp\/v2\/posts\/79\/revisions"}],"wp:featuredmedia":[{"embeddable":true,"href":"https:\/\/especiales-hub.prensaiberica.es\/valencia-por-la-reconstruccion\/wp-json\/wp\/v2\/media\/82"}],"wp:attachment":[{"href":"https:\/\/especiales-hub.prensaiberica.es\/valencia-por-la-reconstruccion\/wp-json\/wp\/v2\/media?parent=79"}],"wp:term":[{"taxonomy":"category","embeddable":true,"href":"https:\/\/especiales-hub.prensaiberica.es\/valencia-por-la-reconstruccion\/wp-json\/wp\/v2\/categories?post=79"},{"taxonomy":"post_tag","embeddable":true,"href":"https:\/\/especiales-hub.prensaiberica.es\/valencia-por-la-reconstruccion\/wp-json\/wp\/v2\/tags?post=79"}],"curies":[{"name":"wp","href":"https:\/\/api.w.org\/{rel}","templated":true}]}}