{"id":81,"date":"2024-12-11T12:12:44","date_gmt":"2024-12-11T11:12:44","guid":{"rendered":"https:\/\/especiales-hub.prensaiberica.es\/valencia-por-la-reconstruccion\/?p=81"},"modified":"2024-12-11T12:12:44","modified_gmt":"2024-12-11T11:12:44","slug":"hefame-recauda-fondos-con-la-campana-somos-solidarios-con-los-damnificados-por-la-dana","status":"publish","type":"post","link":"https:\/\/especiales-hub.prensaiberica.es\/valencia-por-la-reconstruccion\/impulsores\/hefame-recauda-fondos-con-la-campana-somos-solidarios-con-los-damnificados-por-la-dana\/","title":{"rendered":"Hefame recauda fondos con la campa\u00f1a \u2018Somos solidarios con los damnificados por la DANA\u2019"},"content":{"rendered":"\n<p>Fundaci\u00f3n Hefame lanz\u00f3, solo horas despu\u00e9s de que la DANA azotara varias zonas del pa\u00eds, una nueva edici\u00f3n de su campa\u00f1a para emergencias humanitarias, \u2018Somos Solidarios\u2019, con la que recaudar\u00e1 fondos para ayudar a las personas afectadas por las fuertes lluvias a recuperar la normalidad cuanto antes. La cooperativa responde, de este modo, a la demanda urgente de ayuda por parte de los territorios afectados, que se encuentran en una situaci\u00f3n humanitaria catastr\u00f3fica.<\/p>\n\n\n\n<p><br>La iniciativa \u2018Somos solidarios con los damnificados por la DANA\u2019 est\u00e1 dirigida a los socios, empleados y poblaci\u00f3n general, a quienes la cooperativa invita a ayudar mediante donaciones, para atender las emergencias diarias y las necesidades que se detecten, una vez que desde las distintas comunidades afectadas valoren los da\u00f1os e indiquen sus prioridades.<\/p>\n\n\n\n<p><br>Para colaborar con esta iniciativa, la cooperativa ha habilitado una secci\u00f3n en su web \u2018Somos solidarios con los damnificados por la DANA\u2019, a la que se puede acceder pinchando en el siguiente <a href=\"https:\/\/www.hefame.es\/fundacion\/somos-solidarios-dana\/\" target=\"_blank\" data-type=\"link\" data-id=\"https:\/\/www.hefame.es\/fundacion\/somos-solidarios-dana\/\" rel=\"noreferrer noopener nofollow\">enlace<\/a>, que tambi\u00e9n est\u00e1 disponible en todas sus redes sociales.<\/p>\n\n\n\n<figure class=\"wp-block-image size-large\"><a href=\"https:\/\/www.hefame.es\/fundacion\/somos-solidarios-dana\/\" rel=\"nofollow noopener\" target=\"_blank\"><img loading=\"lazy\" decoding=\"async\" width=\"1024\" height=\"485\" src=\"https:\/\/especiales-hub.prensaiberica.es\/valencia-por-la-reconstruccion\/wp-content\/uploads\/2024\/12\/Somos-solidarios-Levante-1024x485.png\" alt=\"\" class=\"wp-image-87\" srcset=\"https:\/\/especiales-hub.prensaiberica.es\/valencia-por-la-reconstruccion\/wp-content\/uploads\/2024\/12\/Somos-solidarios-Levante-1024x485.png 1024w, https:\/\/especiales-hub.prensaiberica.es\/valencia-por-la-reconstruccion\/wp-content\/uploads\/2024\/12\/Somos-solidarios-Levante-300x142.png 300w, https:\/\/especiales-hub.prensaiberica.es\/valencia-por-la-reconstruccion\/wp-content\/uploads\/2024\/12\/Somos-solidarios-Levante-768x363.png 768w, https:\/\/especiales-hub.prensaiberica.es\/valencia-por-la-reconstruccion\/wp-content\/uploads\/2024\/12\/Somos-solidarios-Levante-1536x727.png 1536w, https:\/\/especiales-hub.prensaiberica.es\/valencia-por-la-reconstruccion\/wp-content\/uploads\/2024\/12\/Somos-solidarios-Levante.png 1902w\" sizes=\"auto, (max-width: 1024px) 100vw, 1024px\" \/><\/a><\/figure>\n\n\n\n<p><br><a href=\"https:\/\/www.levante-emv.com\/comunitat-valenciana\/2024\/12\/06\/hefame-recauda-fondos-campana-solidarios-dana-valencia-112250254.html\" target=\"_blank\" data-type=\"link\" data-id=\"https:\/\/www.levante-emv.com\/comunitat-valenciana\/2024\/12\/06\/hefame-recauda-fondos-campana-solidarios-dana-valencia-112250254.html\" rel=\"noreferrer noopener nofollow\">Hefame <\/a>adem\u00e1s, respondiendo a su compromiso social, puso en marcha una l\u00ednea telef\u00f3nica especial de atenci\u00f3n a sus farmacias afectadas: 91 298 91 05, a trav\u00e9s de la cual, la cooperativa pone a disposici\u00f3n de los afectados todos sus servicios para cubrir tanto la gesti\u00f3n de los siniestros con aseguradoras, como la recuperaci\u00f3n y el soporte inform\u00e1tico o el suministro de equipamiento y productos esenciales.<\/p>\n\n\n\n<p><\/p>\n","protected":false},"excerpt":{"rendered":"<p>Fundaci\u00f3n Hefame lanz\u00f3, solo horas despu\u00e9s de que la DANA azotara varias zonas del pa\u00eds, una nueva edici\u00f3n de su campa\u00f1a para emergencias humanitarias, \u2018Somos Solidarios\u2019, con la que recaudar\u00e1 fondos para ayudar a las personas afectadas por las fuertes lluvias a recuperar la normalidad cuanto antes. La cooperativa responde, de este modo, a la [&hellip;]<\/p>\n","protected":false},"author":16,"featured_media":85,"comment_status":"closed","ping_status":"closed","sticky":false,"template":"","format":"standard","meta":{"footnotes":""},"categories":[17],"tags":[],"class_list":["post-81","post","type-post","status-publish","format-standard","has-post-thumbnail","hentry","category-impulsores"],"_links":{"self":[{"href":"https:\/\/especiales-hub.prensaiberica.es\/valencia-por-la-reconstruccion\/wp-json\/wp\/v2\/posts\/81","targetHints":{"allow":["GET"]}}],"collection":[{"href":"https:\/\/especiales-hub.prensaiberica.es\/valencia-por-la-reconstruccion\/wp-json\/wp\/v2\/posts"}],"about":[{"href":"https:\/\/especiales-hub.prensaiberica.es\/valencia-por-la-reconstruccion\/wp-json\/wp\/v2\/types\/post"}],"author":[{"embeddable":true,"href":"https:\/\/especiales-hub.prensaiberica.es\/valencia-por-la-reconstruccion\/wp-json\/wp\/v2\/users\/16"}],"replies":[{"embeddable":true,"href":"https:\/\/especiales-hub.prensaiberica.es\/valencia-por-la-reconstruccion\/wp-json\/wp\/v2\/comments?post=81"}],"version-history":[{"count":0,"href":"https:\/\/especiales-hub.prensaiberica.es\/valencia-por-la-reconstruccion\/wp-json\/wp\/v2\/posts\/81\/revisions"}],"wp:featuredmedia":[{"embeddable":true,"href":"https:\/\/especiales-hub.prensaiberica.es\/valencia-por-la-reconstruccion\/wp-json\/wp\/v2\/media\/85"}],"wp:attachment":[{"href":"https:\/\/especiales-hub.prensaiberica.es\/valencia-por-la-reconstruccion\/wp-json\/wp\/v2\/media?parent=81"}],"wp:term":[{"taxonomy":"category","embeddable":true,"href":"https:\/\/especiales-hub.prensaiberica.es\/valencia-por-la-reconstruccion\/wp-json\/wp\/v2\/categories?post=81"},{"taxonomy":"post_tag","embeddable":true,"href":"https:\/\/especiales-hub.prensaiberica.es\/valencia-por-la-reconstruccion\/wp-json\/wp\/v2\/tags?post=81"}],"curies":[{"name":"wp","href":"https:\/\/api.w.org\/{rel}","templated":true}]}}